{"id":983,"date":"2025-06-05T10:06:17","date_gmt":"2025-06-05T16:06:17","guid":{"rendered":"https:\/\/www.larazondexico.com.mx\/?p=983"},"modified":"2025-06-05T10:06:20","modified_gmt":"2025-06-05T16:06:20","slug":"habitantes-del-ejido-americo-v-bonfil-en-farias-reciben-el-apoyo-total-de-su-amigo-de-siempre-frank-de-leon-avila","status":"publish","type":"post","link":"https:\/\/www.larazondexico.com.mx\/?p=983","title":{"rendered":"HABITANTES DEL EJIDO AMERICO V. BONFIL EN FARIAS, RECIBEN EL APOYO TOTAL DE SU AMIGO DE SIEMPRE FRANK DE LEON AVILA."},"content":{"rendered":"\n<p>EJ. AMERICO V. BONFIL, MPIO. DE GOMEZ FARIAS, TAMAULIPAS.-(Escribe Juan Jos\u00e9 Contreras Gonz\u00e1lez)..Un hombre que cumple su palabra, amigo de coraz\u00f3n y siempre fiel a su compromiso, llego al ejido Am\u00e9rico V. Bonfil, a disfrutar la tarde con sus amigos, y puso en marcha la importante obra de terminaci\u00f3n de la iglesia de esta comunidad rural, as\u00ed es Frank de Le\u00f3n \u00c1vila,<\/p>\n\n\n\n<p>Ah\u00ed sus amigos  los beneficiarios de esta obra, le manifestaron su agradecimiento, porque hoy mas que nunca, un presidente municipal, regresa al ejido no con las manos vac\u00edas, sino con el firme prop\u00f3sito de cumplir un compromiso mas que tenia en esta comunidad rural, y que nadie despu\u00e9s de llegar a la presidencia regresaba a esta su humilde casa, se\u00f1or presidente.<\/p>\n\n\n\n<p>El alcalde Frank de Le\u00f3n  \u00c1vila, los exhorto a seguir unidos y juntos bajo esa comunicaci\u00f3n qe siempre se ha mantenido podernos lograr muchas mas obras para esta comunidad ejidal, agradezco de antemano sus atenciones y estoy a la orden.<\/p>\n\n\n\n<p><\/p>\n","protected":false},"excerpt":{"rendered":"<p>EJ. AMERICO V. BONFIL, MPIO. DE GOMEZ FARIAS, TAMAULIPAS.-(Escribe Juan Jos\u00e9 Contreras Gonz\u00e1lez)..Un hombre que cumple su palabra, amigo de coraz\u00f3n y siempre fiel a su compromiso, llego al ejido Am\u00e9rico V. Bonfil, a disfrutar la tarde con sus amigos, y puso en marcha la importante obra de terminaci\u00f3n de la iglesia de esta comunidad&#8230;<\/p>\n","protected":false},"author":2,"featured_media":985,"comment_status":"closed","ping_status":"closed","sticky":false,"template":"","format":"standard","meta":{"footnotes":""},"categories":[6],"tags":[],"class_list":["post-983","post","type-post","status-publish","format-standard","has-post-thumbnail","hentry","category-xico"],"yoast_head":"<!-- This site is optimized with the Yoast SEO plugin v25.6 - https:\/\/yoast.com\/wordpress\/plugins\/seo\/ -->\n<title>HABITANTES DEL EJIDO AMERICO V. BONFIL EN FARIAS, RECIBEN EL APOYO TOTAL DE SU AMIGO DE SIEMPRE FRANK DE LEON AVILA. - La Raz\u00f3n de Xico - Presencia Informativa en el estado<\/title>\n<meta name=\"robots\" content=\"index, follow, max-snippet:-1, max-image-preview:large, max-video-preview:-1\" \/>\n<link rel=\"canonical\" href=\"https:\/\/www.larazondexico.com.mx\/?p=983\" \/>\n<meta property=\"og:locale\" content=\"es_ES\" \/>\n<meta property=\"og:type\" content=\"article\" \/>\n<meta property=\"og:title\" content=\"HABITANTES DEL EJIDO AMERICO V. BONFIL EN FARIAS, RECIBEN EL APOYO TOTAL DE SU AMIGO DE SIEMPRE FRANK DE LEON AVILA. - La Raz\u00f3n de Xico - Presencia Informativa en el estado\" \/>\n<meta property=\"og:description\" content=\"EJ. AMERICO V. BONFIL, MPIO. DE GOMEZ FARIAS, TAMAULIPAS.-(Escribe Juan Jos\u00e9 Contreras Gonz\u00e1lez)..Un hombre que cumple su palabra, amigo de coraz\u00f3n y siempre fiel a su compromiso, llego al ejido Am\u00e9rico V. Bonfil, a disfrutar la tarde con sus amigos, y puso en marcha la importante obra de terminaci\u00f3n de la iglesia de esta comunidad...\" \/>\n<meta property=\"og:url\" content=\"https:\/\/www.larazondexico.com.mx\/?p=983\" \/>\n<meta property=\"og:site_name\" content=\"La Raz\u00f3n de Xico - Presencia Informativa en el estado\" \/>\n<meta property=\"article:published_time\" content=\"2025-06-05T16:06:17+00:00\" \/>\n<meta property=\"article:modified_time\" content=\"2025-06-05T16:06:20+00:00\" \/>\n<meta property=\"og:image\" content=\"https:\/\/www.larazondexico.com.mx\/wp-content\/uploads\/2025\/06\/ejidatarios.jpg\" \/>\n\t<meta property=\"og:image:width\" content=\"1179\" \/>\n\t<meta property=\"og:image:height\" content=\"678\" \/>\n\t<meta property=\"og:image:type\" content=\"image\/jpeg\" \/>\n<meta name=\"author\" content=\"Juan Jos\u00e9 Contreras Gonz\u00e1lez\" \/>\n<meta name=\"twitter:card\" content=\"summary_large_image\" \/>\n<meta name=\"twitter:label1\" content=\"Escrito por\" \/>\n\t<meta name=\"twitter:data1\" content=\"Juan Jos\u00e9 Contreras Gonz\u00e1lez\" \/>\n\t<meta name=\"twitter:label2\" content=\"Tiempo de lectura\" \/>\n\t<meta name=\"twitter:data2\" content=\"1 minuto\" \/>\n<script type=\"application\/ld+json\" class=\"yoast-schema-graph\">{\"@context\":\"https:\/\/schema.org\",\"@graph\":[{\"@type\":\"WebPage\",\"@id\":\"https:\/\/www.larazondexico.com.mx\/?p=983\",\"url\":\"https:\/\/www.larazondexico.com.mx\/?p=983\",\"name\":\"HABITANTES DEL EJIDO AMERICO V. BONFIL EN FARIAS, RECIBEN EL APOYO TOTAL DE SU AMIGO DE SIEMPRE FRANK DE LEON AVILA. - La Raz\u00f3n de Xico - Presencia Informativa en el estado\",\"isPartOf\":{\"@id\":\"https:\/\/www.larazondexico.com.mx\/#website\"},\"primaryImageOfPage\":{\"@id\":\"https:\/\/www.larazondexico.com.mx\/?p=983#primaryimage\"},\"image\":{\"@id\":\"https:\/\/www.larazondexico.com.mx\/?p=983#primaryimage\"},\"thumbnailUrl\":\"https:\/\/www.larazondexico.com.mx\/wp-content\/uploads\/2025\/06\/ejidatarios.jpg\",\"datePublished\":\"2025-06-05T16:06:17+00:00\",\"dateModified\":\"2025-06-05T16:06:20+00:00\",\"author\":{\"@id\":\"https:\/\/www.larazondexico.com.mx\/#\/schema\/person\/b10ea8a31f9b2f34c2ec8835ba5d1318\"},\"breadcrumb\":{\"@id\":\"https:\/\/www.larazondexico.com.mx\/?p=983#breadcrumb\"},\"inLanguage\":\"es\",\"potentialAction\":[{\"@type\":\"ReadAction\",\"target\":[\"https:\/\/www.larazondexico.com.mx\/?p=983\"]}]},{\"@type\":\"ImageObject\",\"inLanguage\":\"es\",\"@id\":\"https:\/\/www.larazondexico.com.mx\/?p=983#primaryimage\",\"url\":\"https:\/\/www.larazondexico.com.mx\/wp-content\/uploads\/2025\/06\/ejidatarios.jpg\",\"contentUrl\":\"https:\/\/www.larazondexico.com.mx\/wp-content\/uploads\/2025\/06\/ejidatarios.jpg\",\"width\":1179,\"height\":678},{\"@type\":\"BreadcrumbList\",\"@id\":\"https:\/\/www.larazondexico.com.mx\/?p=983#breadcrumb\",\"itemListElement\":[{\"@type\":\"ListItem\",\"position\":1,\"name\":\"Portada\",\"item\":\"https:\/\/www.larazondexico.com.mx\/\"},{\"@type\":\"ListItem\",\"position\":2,\"name\":\"HABITANTES DEL EJIDO AMERICO V. BONFIL EN FARIAS, RECIBEN EL APOYO TOTAL DE SU AMIGO DE SIEMPRE FRANK DE LEON AVILA.\"}]},{\"@type\":\"WebSite\",\"@id\":\"https:\/\/www.larazondexico.com.mx\/#website\",\"url\":\"https:\/\/www.larazondexico.com.mx\/\",\"name\":\"La Raz\u00f3n de Xico - Presencia Informativa en el estado\",\"description\":\"\",\"potentialAction\":[{\"@type\":\"SearchAction\",\"target\":{\"@type\":\"EntryPoint\",\"urlTemplate\":\"https:\/\/www.larazondexico.com.mx\/?s={search_term_string}\"},\"query-input\":{\"@type\":\"PropertyValueSpecification\",\"valueRequired\":true,\"valueName\":\"search_term_string\"}}],\"inLanguage\":\"es\"},{\"@type\":\"Person\",\"@id\":\"https:\/\/www.larazondexico.com.mx\/#\/schema\/person\/b10ea8a31f9b2f34c2ec8835ba5d1318\",\"name\":\"Juan Jos\u00e9 Contreras Gonz\u00e1lez\",\"image\":{\"@type\":\"ImageObject\",\"inLanguage\":\"es\",\"@id\":\"https:\/\/www.larazondexico.com.mx\/#\/schema\/person\/image\/\",\"url\":\"https:\/\/secure.gravatar.com\/avatar\/2b2a34677c3407f25b56188b4c2ca478?s=96&d=mm&r=g\",\"contentUrl\":\"https:\/\/secure.gravatar.com\/avatar\/2b2a34677c3407f25b56188b4c2ca478?s=96&d=mm&r=g\",\"caption\":\"Juan Jos\u00e9 Contreras Gonz\u00e1lez\"},\"url\":\"https:\/\/www.larazondexico.com.mx\/?author=2\"}]}<\/script>\n<!-- \/ Yoast SEO plugin. -->","yoast_head_json":{"title":"HABITANTES DEL EJIDO AMERICO V. BONFIL EN FARIAS, RECIBEN EL APOYO TOTAL DE SU AMIGO DE SIEMPRE FRANK DE LEON AVILA. - La Raz\u00f3n de Xico - Presencia Informativa en el estado","robots":{"index":"index","follow":"follow","max-snippet":"max-snippet:-1","max-image-preview":"max-image-preview:large","max-video-preview":"max-video-preview:-1"},"canonical":"https:\/\/www.larazondexico.com.mx\/?p=983","og_locale":"es_ES","og_type":"article","og_title":"HABITANTES DEL EJIDO AMERICO V. BONFIL EN FARIAS, RECIBEN EL APOYO TOTAL DE SU AMIGO DE SIEMPRE FRANK DE LEON AVILA. - La Raz\u00f3n de Xico - Presencia Informativa en el estado","og_description":"EJ. AMERICO V. BONFIL, MPIO. DE GOMEZ FARIAS, TAMAULIPAS.-(Escribe Juan Jos\u00e9 Contreras Gonz\u00e1lez)..Un hombre que cumple su palabra, amigo de coraz\u00f3n y siempre fiel a su compromiso, llego al ejido Am\u00e9rico V. Bonfil, a disfrutar la tarde con sus amigos, y puso en marcha la importante obra de terminaci\u00f3n de la iglesia de esta comunidad...","og_url":"https:\/\/www.larazondexico.com.mx\/?p=983","og_site_name":"La Raz\u00f3n de Xico - Presencia Informativa en el estado","article_published_time":"2025-06-05T16:06:17+00:00","article_modified_time":"2025-06-05T16:06:20+00:00","og_image":[{"width":1179,"height":678,"url":"https:\/\/www.larazondexico.com.mx\/wp-content\/uploads\/2025\/06\/ejidatarios.jpg","type":"image\/jpeg"}],"author":"Juan Jos\u00e9 Contreras Gonz\u00e1lez","twitter_card":"summary_large_image","twitter_misc":{"Escrito por":"Juan Jos\u00e9 Contreras Gonz\u00e1lez","Tiempo de lectura":"1 minuto"},"schema":{"@context":"https:\/\/schema.org","@graph":[{"@type":"WebPage","@id":"https:\/\/www.larazondexico.com.mx\/?p=983","url":"https:\/\/www.larazondexico.com.mx\/?p=983","name":"HABITANTES DEL EJIDO AMERICO V. BONFIL EN FARIAS, RECIBEN EL APOYO TOTAL DE SU AMIGO DE SIEMPRE FRANK DE LEON AVILA. - La Raz\u00f3n de Xico - Presencia Informativa en el estado","isPartOf":{"@id":"https:\/\/www.larazondexico.com.mx\/#website"},"primaryImageOfPage":{"@id":"https:\/\/www.larazondexico.com.mx\/?p=983#primaryimage"},"image":{"@id":"https:\/\/www.larazondexico.com.mx\/?p=983#primaryimage"},"thumbnailUrl":"https:\/\/www.larazondexico.com.mx\/wp-content\/uploads\/2025\/06\/ejidatarios.jpg","datePublished":"2025-06-05T16:06:17+00:00","dateModified":"2025-06-05T16:06:20+00:00","author":{"@id":"https:\/\/www.larazondexico.com.mx\/#\/schema\/person\/b10ea8a31f9b2f34c2ec8835ba5d1318"},"breadcrumb":{"@id":"https:\/\/www.larazondexico.com.mx\/?p=983#breadcrumb"},"inLanguage":"es","potentialAction":[{"@type":"ReadAction","target":["https:\/\/www.larazondexico.com.mx\/?p=983"]}]},{"@type":"ImageObject","inLanguage":"es","@id":"https:\/\/www.larazondexico.com.mx\/?p=983#primaryimage","url":"https:\/\/www.larazondexico.com.mx\/wp-content\/uploads\/2025\/06\/ejidatarios.jpg","contentUrl":"https:\/\/www.larazondexico.com.mx\/wp-content\/uploads\/2025\/06\/ejidatarios.jpg","width":1179,"height":678},{"@type":"BreadcrumbList","@id":"https:\/\/www.larazondexico.com.mx\/?p=983#breadcrumb","itemListElement":[{"@type":"ListItem","position":1,"name":"Portada","item":"https:\/\/www.larazondexico.com.mx\/"},{"@type":"ListItem","position":2,"name":"HABITANTES DEL EJIDO AMERICO V. BONFIL EN FARIAS, RECIBEN EL APOYO TOTAL DE SU AMIGO DE SIEMPRE FRANK DE LEON AVILA."}]},{"@type":"WebSite","@id":"https:\/\/www.larazondexico.com.mx\/#website","url":"https:\/\/www.larazondexico.com.mx\/","name":"La Raz\u00f3n de Xico - Presencia Informativa en el estado","description":"","potentialAction":[{"@type":"SearchAction","target":{"@type":"EntryPoint","urlTemplate":"https:\/\/www.larazondexico.com.mx\/?s={search_term_string}"},"query-input":{"@type":"PropertyValueSpecification","valueRequired":true,"valueName":"search_term_string"}}],"inLanguage":"es"},{"@type":"Person","@id":"https:\/\/www.larazondexico.com.mx\/#\/schema\/person\/b10ea8a31f9b2f34c2ec8835ba5d1318","name":"Juan Jos\u00e9 Contreras Gonz\u00e1lez","image":{"@type":"ImageObject","inLanguage":"es","@id":"https:\/\/www.larazondexico.com.mx\/#\/schema\/person\/image\/","url":"https:\/\/secure.gravatar.com\/avatar\/2b2a34677c3407f25b56188b4c2ca478?s=96&d=mm&r=g","contentUrl":"https:\/\/secure.gravatar.com\/avatar\/2b2a34677c3407f25b56188b4c2ca478?s=96&d=mm&r=g","caption":"Juan Jos\u00e9 Contreras Gonz\u00e1lez"},"url":"https:\/\/www.larazondexico.com.mx\/?author=2"}]}},"_links":{"self":[{"href":"https:\/\/www.larazondexico.com.mx\/index.php?rest_route=\/wp\/v2\/posts\/983","targetHints":{"allow":["GET"]}}],"collection":[{"href":"https:\/\/www.larazondexico.com.mx\/index.php?rest_route=\/wp\/v2\/posts"}],"about":[{"href":"https:\/\/www.larazondexico.com.mx\/index.php?rest_route=\/wp\/v2\/types\/post"}],"author":[{"embeddable":true,"href":"https:\/\/www.larazondexico.com.mx\/index.php?rest_route=\/wp\/v2\/users\/2"}],"replies":[{"embeddable":true,"href":"https:\/\/www.larazondexico.com.mx\/index.php?rest_route=%2Fwp%2Fv2%2Fcomments&post=983"}],"version-history":[{"count":1,"href":"https:\/\/www.larazondexico.com.mx\/index.php?rest_route=\/wp\/v2\/posts\/983\/revisions"}],"predecessor-version":[{"id":986,"href":"https:\/\/www.larazondexico.com.mx\/index.php?rest_route=\/wp\/v2\/posts\/983\/revisions\/986"}],"wp:featuredmedia":[{"embeddable":true,"href":"https:\/\/www.larazondexico.com.mx\/index.php?rest_route=\/wp\/v2\/media\/985"}],"wp:attachment":[{"href":"https:\/\/www.larazondexico.com.mx\/index.php?rest_route=%2Fwp%2Fv2%2Fmedia&parent=983"}],"wp:term":[{"taxonomy":"category","embeddable":true,"href":"https:\/\/www.larazondexico.com.mx\/index.php?rest_route=%2Fwp%2Fv2%2Fcategories&post=983"},{"taxonomy":"post_tag","embeddable":true,"href":"https:\/\/www.larazondexico.com.mx\/index.php?rest_route=%2Fwp%2Fv2%2Ftags&post=983"}],"curies":[{"name":"wp","href":"https:\/\/api.w.org\/{rel}","templated":true}]}}