{"id":3296,"date":"2026-04-28T14:40:57","date_gmt":"2026-04-28T20:40:57","guid":{"rendered":"https:\/\/www.larazondexico.com.mx\/?p=3296"},"modified":"2026-04-28T14:41:01","modified_gmt":"2026-04-28T20:41:01","slug":"mariela-lopez-sosa-en-franca-convivencia-con-la-ninez-de-xico","status":"publish","type":"post","link":"https:\/\/www.larazondexico.com.mx\/?p=3296","title":{"rendered":"MARIELA LOPEZ SOSA, EN FRANCA CONVIVENCIA CON LA NI\u00d1EZ DE XICO."},"content":{"rendered":"\n<p>Cd. Xicot\u00e9ncatl, Tamaulipas.-(Escribe Juan Jos\u00e9 Contreras Gonzalez).-Una mujer entregada a su trabajo el.servicio p\u00fablico, y se nota como disfruta esa.pasion de serle \u00fatil a la sociedad, asi es Mariela Lopez Sosa que compartio sonrisas con los ni\u00f1os del Kinder Ma.Luisa Nava Baltierrez.<\/p>\n\n\n\n<p>En si tuvo que dejar un rato sus actividades de escritorio de su amado Martes, Ciudadano para poder disfrutar de la alegr\u00eda y la.grandeza de.los ni\u00f1os del preescolar que en esos momentos.hacian su desfile con carros aleg\u00f3rico por la ciudad.<\/p>\n\n\n\n<p>Mariela Lopez Sosa Expreso \u00abHoy tuve el gusto de presenciar la caravana con motivo del D\u00eda del Ni\u00f1o organizada por el Jard\u00edn de Ni\u00f1os \u201cMa. Luisa Nava Baltierrez\u201d, frente al Palacio Municipal\u00bb.<\/p>\n\n\n\n<p>Agrego \u00abMe dio mucho gusto saludar a las ni\u00f1as y ni\u00f1os, as\u00ed como a sus docentes, madres y padres de familia que participaron con tanto entusiasmo en esta bonita actividad. Aprovech\u00e9 para obsequiarles algunos jugos y que pudieran hidratarse, adem\u00e1s de compartir con ellos un momento especial tom\u00e1ndonos la fotograf\u00eda del recuerdo\u00bb.<\/p>\n\n\n\n<p>Hizo p\u00fablico su reconocimiento y admiracion de \u00bb el trabajo y dedicaci\u00f3n de las maestras Carely Noeli Mart\u00ednez Arredondo y Am\u00e9rica Quintana Mu\u00f1oz, quienes hacen posible este tipo de actividades llenas de alegr\u00eda para nuestras ni\u00f1as y ni\u00f1os.<\/p>\n\n\n\n<h1 class=\"wp-block-heading\">UnGobiernoQueNosUne<\/h1>\n","protected":false},"excerpt":{"rendered":"<p>Cd. Xicot\u00e9ncatl, Tamaulipas.-(Escribe Juan Jos\u00e9 Contreras Gonzalez).-Una mujer entregada a su trabajo el.servicio p\u00fablico, y se nota como disfruta esa.pasion de serle \u00fatil a la sociedad, asi es Mariela Lopez Sosa que compartio sonrisas con los ni\u00f1os del Kinder Ma.Luisa Nava Baltierrez. En si tuvo que dejar un rato sus actividades de escritorio de su&#8230;<\/p>\n","protected":false},"author":2,"featured_media":3297,"comment_status":"closed","ping_status":"closed","sticky":false,"template":"","format":"standard","meta":{"footnotes":""},"categories":[6],"tags":[],"class_list":["post-3296","post","type-post","status-publish","format-standard","has-post-thumbnail","hentry","category-xico"],"yoast_head":"<!-- This site is optimized with the Yoast SEO plugin v25.6 - https:\/\/yoast.com\/wordpress\/plugins\/seo\/ -->\n<title>MARIELA LOPEZ SOSA, EN FRANCA CONVIVENCIA CON LA NI\u00d1EZ DE XICO. - La Raz\u00f3n de Xico - Presencia Informativa en el estado<\/title>\n<meta name=\"robots\" content=\"index, follow, max-snippet:-1, max-image-preview:large, max-video-preview:-1\" \/>\n<link rel=\"canonical\" href=\"https:\/\/www.larazondexico.com.mx\/?p=3296\" \/>\n<meta property=\"og:locale\" content=\"es_ES\" \/>\n<meta property=\"og:type\" content=\"article\" \/>\n<meta property=\"og:title\" content=\"MARIELA LOPEZ SOSA, EN FRANCA CONVIVENCIA CON LA NI\u00d1EZ DE XICO. - La Raz\u00f3n de Xico - Presencia Informativa en el estado\" \/>\n<meta property=\"og:description\" content=\"Cd. Xicot\u00e9ncatl, Tamaulipas.-(Escribe Juan Jos\u00e9 Contreras Gonzalez).-Una mujer entregada a su trabajo el.servicio p\u00fablico, y se nota como disfruta esa.pasion de serle \u00fatil a la sociedad, asi es Mariela Lopez Sosa que compartio sonrisas con los ni\u00f1os del Kinder Ma.Luisa Nava Baltierrez. En si tuvo que dejar un rato sus actividades de escritorio de su...\" \/>\n<meta property=\"og:url\" content=\"https:\/\/www.larazondexico.com.mx\/?p=3296\" \/>\n<meta property=\"og:site_name\" content=\"La Raz\u00f3n de Xico - Presencia Informativa en el estado\" \/>\n<meta property=\"article:published_time\" content=\"2026-04-28T20:40:57+00:00\" \/>\n<meta property=\"article:modified_time\" content=\"2026-04-28T20:41:01+00:00\" \/>\n<meta property=\"og:image\" content=\"https:\/\/www.larazondexico.com.mx\/wp-content\/uploads\/2026\/04\/FB_IMG_1777408222585.jpg\" \/>\n\t<meta property=\"og:image:width\" content=\"1600\" \/>\n\t<meta property=\"og:image:height\" content=\"1068\" \/>\n\t<meta property=\"og:image:type\" content=\"image\/jpeg\" \/>\n<meta name=\"author\" content=\"Juan Jos\u00e9 Contreras Gonz\u00e1lez\" \/>\n<meta name=\"twitter:card\" content=\"summary_large_image\" \/>\n<meta name=\"twitter:label1\" content=\"Escrito por\" \/>\n\t<meta name=\"twitter:data1\" content=\"Juan Jos\u00e9 Contreras Gonz\u00e1lez\" \/>\n\t<meta name=\"twitter:label2\" content=\"Tiempo de lectura\" \/>\n\t<meta name=\"twitter:data2\" content=\"2 minutos\" \/>\n<script type=\"application\/ld+json\" class=\"yoast-schema-graph\">{\"@context\":\"https:\/\/schema.org\",\"@graph\":[{\"@type\":\"WebPage\",\"@id\":\"https:\/\/www.larazondexico.com.mx\/?p=3296\",\"url\":\"https:\/\/www.larazondexico.com.mx\/?p=3296\",\"name\":\"MARIELA LOPEZ SOSA, EN FRANCA CONVIVENCIA CON LA NI\u00d1EZ DE XICO. - La Raz\u00f3n de Xico - Presencia Informativa en el estado\",\"isPartOf\":{\"@id\":\"https:\/\/www.larazondexico.com.mx\/#website\"},\"primaryImageOfPage\":{\"@id\":\"https:\/\/www.larazondexico.com.mx\/?p=3296#primaryimage\"},\"image\":{\"@id\":\"https:\/\/www.larazondexico.com.mx\/?p=3296#primaryimage\"},\"thumbnailUrl\":\"https:\/\/www.larazondexico.com.mx\/wp-content\/uploads\/2026\/04\/FB_IMG_1777408222585.jpg\",\"datePublished\":\"2026-04-28T20:40:57+00:00\",\"dateModified\":\"2026-04-28T20:41:01+00:00\",\"author\":{\"@id\":\"https:\/\/www.larazondexico.com.mx\/#\/schema\/person\/b10ea8a31f9b2f34c2ec8835ba5d1318\"},\"breadcrumb\":{\"@id\":\"https:\/\/www.larazondexico.com.mx\/?p=3296#breadcrumb\"},\"inLanguage\":\"es\",\"potentialAction\":[{\"@type\":\"ReadAction\",\"target\":[\"https:\/\/www.larazondexico.com.mx\/?p=3296\"]}]},{\"@type\":\"ImageObject\",\"inLanguage\":\"es\",\"@id\":\"https:\/\/www.larazondexico.com.mx\/?p=3296#primaryimage\",\"url\":\"https:\/\/www.larazondexico.com.mx\/wp-content\/uploads\/2026\/04\/FB_IMG_1777408222585.jpg\",\"contentUrl\":\"https:\/\/www.larazondexico.com.mx\/wp-content\/uploads\/2026\/04\/FB_IMG_1777408222585.jpg\",\"width\":1600,\"height\":1068},{\"@type\":\"BreadcrumbList\",\"@id\":\"https:\/\/www.larazondexico.com.mx\/?p=3296#breadcrumb\",\"itemListElement\":[{\"@type\":\"ListItem\",\"position\":1,\"name\":\"Portada\",\"item\":\"https:\/\/www.larazondexico.com.mx\/\"},{\"@type\":\"ListItem\",\"position\":2,\"name\":\"MARIELA LOPEZ SOSA, EN FRANCA CONVIVENCIA CON LA NI\u00d1EZ DE XICO.\"}]},{\"@type\":\"WebSite\",\"@id\":\"https:\/\/www.larazondexico.com.mx\/#website\",\"url\":\"https:\/\/www.larazondexico.com.mx\/\",\"name\":\"La Raz\u00f3n de Xico - Presencia Informativa en el estado\",\"description\":\"\",\"potentialAction\":[{\"@type\":\"SearchAction\",\"target\":{\"@type\":\"EntryPoint\",\"urlTemplate\":\"https:\/\/www.larazondexico.com.mx\/?s={search_term_string}\"},\"query-input\":{\"@type\":\"PropertyValueSpecification\",\"valueRequired\":true,\"valueName\":\"search_term_string\"}}],\"inLanguage\":\"es\"},{\"@type\":\"Person\",\"@id\":\"https:\/\/www.larazondexico.com.mx\/#\/schema\/person\/b10ea8a31f9b2f34c2ec8835ba5d1318\",\"name\":\"Juan Jos\u00e9 Contreras Gonz\u00e1lez\",\"image\":{\"@type\":\"ImageObject\",\"inLanguage\":\"es\",\"@id\":\"https:\/\/www.larazondexico.com.mx\/#\/schema\/person\/image\/\",\"url\":\"https:\/\/secure.gravatar.com\/avatar\/2b2a34677c3407f25b56188b4c2ca478?s=96&d=mm&r=g\",\"contentUrl\":\"https:\/\/secure.gravatar.com\/avatar\/2b2a34677c3407f25b56188b4c2ca478?s=96&d=mm&r=g\",\"caption\":\"Juan Jos\u00e9 Contreras Gonz\u00e1lez\"},\"url\":\"https:\/\/www.larazondexico.com.mx\/?author=2\"}]}<\/script>\n<!-- \/ Yoast SEO plugin. -->","yoast_head_json":{"title":"MARIELA LOPEZ SOSA, EN FRANCA CONVIVENCIA CON LA NI\u00d1EZ DE XICO. - La Raz\u00f3n de Xico - Presencia Informativa en el estado","robots":{"index":"index","follow":"follow","max-snippet":"max-snippet:-1","max-image-preview":"max-image-preview:large","max-video-preview":"max-video-preview:-1"},"canonical":"https:\/\/www.larazondexico.com.mx\/?p=3296","og_locale":"es_ES","og_type":"article","og_title":"MARIELA LOPEZ SOSA, EN FRANCA CONVIVENCIA CON LA NI\u00d1EZ DE XICO. - La Raz\u00f3n de Xico - Presencia Informativa en el estado","og_description":"Cd. Xicot\u00e9ncatl, Tamaulipas.-(Escribe Juan Jos\u00e9 Contreras Gonzalez).-Una mujer entregada a su trabajo el.servicio p\u00fablico, y se nota como disfruta esa.pasion de serle \u00fatil a la sociedad, asi es Mariela Lopez Sosa que compartio sonrisas con los ni\u00f1os del Kinder Ma.Luisa Nava Baltierrez. En si tuvo que dejar un rato sus actividades de escritorio de su...","og_url":"https:\/\/www.larazondexico.com.mx\/?p=3296","og_site_name":"La Raz\u00f3n de Xico - Presencia Informativa en el estado","article_published_time":"2026-04-28T20:40:57+00:00","article_modified_time":"2026-04-28T20:41:01+00:00","og_image":[{"width":1600,"height":1068,"url":"https:\/\/www.larazondexico.com.mx\/wp-content\/uploads\/2026\/04\/FB_IMG_1777408222585.jpg","type":"image\/jpeg"}],"author":"Juan Jos\u00e9 Contreras Gonz\u00e1lez","twitter_card":"summary_large_image","twitter_misc":{"Escrito por":"Juan Jos\u00e9 Contreras Gonz\u00e1lez","Tiempo de lectura":"2 minutos"},"schema":{"@context":"https:\/\/schema.org","@graph":[{"@type":"WebPage","@id":"https:\/\/www.larazondexico.com.mx\/?p=3296","url":"https:\/\/www.larazondexico.com.mx\/?p=3296","name":"MARIELA LOPEZ SOSA, EN FRANCA CONVIVENCIA CON LA NI\u00d1EZ DE XICO. - La Raz\u00f3n de Xico - Presencia Informativa en el estado","isPartOf":{"@id":"https:\/\/www.larazondexico.com.mx\/#website"},"primaryImageOfPage":{"@id":"https:\/\/www.larazondexico.com.mx\/?p=3296#primaryimage"},"image":{"@id":"https:\/\/www.larazondexico.com.mx\/?p=3296#primaryimage"},"thumbnailUrl":"https:\/\/www.larazondexico.com.mx\/wp-content\/uploads\/2026\/04\/FB_IMG_1777408222585.jpg","datePublished":"2026-04-28T20:40:57+00:00","dateModified":"2026-04-28T20:41:01+00:00","author":{"@id":"https:\/\/www.larazondexico.com.mx\/#\/schema\/person\/b10ea8a31f9b2f34c2ec8835ba5d1318"},"breadcrumb":{"@id":"https:\/\/www.larazondexico.com.mx\/?p=3296#breadcrumb"},"inLanguage":"es","potentialAction":[{"@type":"ReadAction","target":["https:\/\/www.larazondexico.com.mx\/?p=3296"]}]},{"@type":"ImageObject","inLanguage":"es","@id":"https:\/\/www.larazondexico.com.mx\/?p=3296#primaryimage","url":"https:\/\/www.larazondexico.com.mx\/wp-content\/uploads\/2026\/04\/FB_IMG_1777408222585.jpg","contentUrl":"https:\/\/www.larazondexico.com.mx\/wp-content\/uploads\/2026\/04\/FB_IMG_1777408222585.jpg","width":1600,"height":1068},{"@type":"BreadcrumbList","@id":"https:\/\/www.larazondexico.com.mx\/?p=3296#breadcrumb","itemListElement":[{"@type":"ListItem","position":1,"name":"Portada","item":"https:\/\/www.larazondexico.com.mx\/"},{"@type":"ListItem","position":2,"name":"MARIELA LOPEZ SOSA, EN FRANCA CONVIVENCIA CON LA NI\u00d1EZ DE XICO."}]},{"@type":"WebSite","@id":"https:\/\/www.larazondexico.com.mx\/#website","url":"https:\/\/www.larazondexico.com.mx\/","name":"La Raz\u00f3n de Xico - Presencia Informativa en el estado","description":"","potentialAction":[{"@type":"SearchAction","target":{"@type":"EntryPoint","urlTemplate":"https:\/\/www.larazondexico.com.mx\/?s={search_term_string}"},"query-input":{"@type":"PropertyValueSpecification","valueRequired":true,"valueName":"search_term_string"}}],"inLanguage":"es"},{"@type":"Person","@id":"https:\/\/www.larazondexico.com.mx\/#\/schema\/person\/b10ea8a31f9b2f34c2ec8835ba5d1318","name":"Juan Jos\u00e9 Contreras Gonz\u00e1lez","image":{"@type":"ImageObject","inLanguage":"es","@id":"https:\/\/www.larazondexico.com.mx\/#\/schema\/person\/image\/","url":"https:\/\/secure.gravatar.com\/avatar\/2b2a34677c3407f25b56188b4c2ca478?s=96&d=mm&r=g","contentUrl":"https:\/\/secure.gravatar.com\/avatar\/2b2a34677c3407f25b56188b4c2ca478?s=96&d=mm&r=g","caption":"Juan Jos\u00e9 Contreras Gonz\u00e1lez"},"url":"https:\/\/www.larazondexico.com.mx\/?author=2"}]}},"_links":{"self":[{"href":"https:\/\/www.larazondexico.com.mx\/index.php?rest_route=\/wp\/v2\/posts\/3296","targetHints":{"allow":["GET"]}}],"collection":[{"href":"https:\/\/www.larazondexico.com.mx\/index.php?rest_route=\/wp\/v2\/posts"}],"about":[{"href":"https:\/\/www.larazondexico.com.mx\/index.php?rest_route=\/wp\/v2\/types\/post"}],"author":[{"embeddable":true,"href":"https:\/\/www.larazondexico.com.mx\/index.php?rest_route=\/wp\/v2\/users\/2"}],"replies":[{"embeddable":true,"href":"https:\/\/www.larazondexico.com.mx\/index.php?rest_route=%2Fwp%2Fv2%2Fcomments&post=3296"}],"version-history":[{"count":1,"href":"https:\/\/www.larazondexico.com.mx\/index.php?rest_route=\/wp\/v2\/posts\/3296\/revisions"}],"predecessor-version":[{"id":3298,"href":"https:\/\/www.larazondexico.com.mx\/index.php?rest_route=\/wp\/v2\/posts\/3296\/revisions\/3298"}],"wp:featuredmedia":[{"embeddable":true,"href":"https:\/\/www.larazondexico.com.mx\/index.php?rest_route=\/wp\/v2\/media\/3297"}],"wp:attachment":[{"href":"https:\/\/www.larazondexico.com.mx\/index.php?rest_route=%2Fwp%2Fv2%2Fmedia&parent=3296"}],"wp:term":[{"taxonomy":"category","embeddable":true,"href":"https:\/\/www.larazondexico.com.mx\/index.php?rest_route=%2Fwp%2Fv2%2Fcategories&post=3296"},{"taxonomy":"post_tag","embeddable":true,"href":"https:\/\/www.larazondexico.com.mx\/index.php?rest_route=%2Fwp%2Fv2%2Ftags&post=3296"}],"curies":[{"name":"wp","href":"https:\/\/api.w.org\/{rel}","templated":true}]}}