{"id":3293,"date":"2026-04-28T09:35:17","date_gmt":"2026-04-28T15:35:17","guid":{"rendered":"https:\/\/www.larazondexico.com.mx\/?p=3293"},"modified":"2026-04-28T09:35:21","modified_gmt":"2026-04-28T15:35:21","slug":"conmemoran-el-dia-internacional-del-libro-en-gomez-farias","status":"publish","type":"post","link":"https:\/\/www.larazondexico.com.mx\/?p=3293","title":{"rendered":"CONMEMORAN EL DIA INTERNACIONAL DEL LIBRO EN GOMEZ FARIAS."},"content":{"rendered":"\n<p>Gomez Farias, Tamaulipas.-(Escribe Juan Jos\u00e9 Contreras Gonz\u00e1lez).-El alcalde Frank de Leon Avila acudi\u00f3 a las instalaciones de la escuela primaria Profr. Norberto Uriegas de la cabecera Municipal para participar junto a maestros, padres de familias y estudiantes de la celebraci\u00f3n del d\u00eda Internacional del Libro.<\/p>\n\n\n\n<p>Ahi en su mensaje dejo en claro, que la lectura es una parte fundamental del ser humano, que quiere siempre superarse profesionalmente, es por ello que en esta fecha que estamos conmemorando debemos proponernos ustedes alumnos con sus padres a leer una libro en el menor tiempo posible, y sacar las conclusiones del aprendizaje que les deje, es por ello la importancia que lo hagan con sus padres respectivamente.<\/p>\n\n\n\n<p>Expreso su gratitud a todos por haber permitido ser parte de esta importante celebraci\u00f3n, y reitero que dia a dia, habr\u00e1 de buscar nuestras estrategias a fin de estimular mas la lectura entre las familias de G\u00f3mez Far\u00edas, en especial las de la cabecera municipal<\/p>\n\n\n\n<p>Conmemoramos el D\u00eda Internacional del Libro en la escuela primaria Prof. Norberto Uriegas con la actividad \u201cEl Kil\u00f3metro del Libro\u201d que tiene como finalidad el fomento a la lectura.<\/p>\n\n\n\n<p>Por utlimo remarco con profundo agradecimiento \u00a1Felicitaciones, gracias por la invitaci\u00f3n! #G\u00f3mezFar\u00edas#noesdehoyesdesiempre<\/p>\n","protected":false},"excerpt":{"rendered":"<p>Gomez Farias, Tamaulipas.-(Escribe Juan Jos\u00e9 Contreras Gonz\u00e1lez).-El alcalde Frank de Leon Avila acudi\u00f3 a las instalaciones de la escuela primaria Profr. Norberto Uriegas de la cabecera Municipal para participar junto a maestros, padres de familias y estudiantes de la celebraci\u00f3n del d\u00eda Internacional del Libro. Ahi en su mensaje dejo en claro, que la lectura&#8230;<\/p>\n","protected":false},"author":2,"featured_media":3294,"comment_status":"closed","ping_status":"closed","sticky":false,"template":"","format":"standard","meta":{"footnotes":""},"categories":[8],"tags":[],"class_list":["post-3293","post","type-post","status-publish","format-standard","has-post-thumbnail","hentry","category-farias"],"yoast_head":"<!-- This site is optimized with the Yoast SEO plugin v25.6 - https:\/\/yoast.com\/wordpress\/plugins\/seo\/ -->\n<title>CONMEMORAN EL DIA INTERNACIONAL DEL LIBRO EN GOMEZ FARIAS. - La Raz\u00f3n de Xico - Presencia Informativa en el estado<\/title>\n<meta name=\"robots\" content=\"index, follow, max-snippet:-1, max-image-preview:large, max-video-preview:-1\" \/>\n<link rel=\"canonical\" href=\"https:\/\/www.larazondexico.com.mx\/?p=3293\" \/>\n<meta property=\"og:locale\" content=\"es_ES\" \/>\n<meta property=\"og:type\" content=\"article\" \/>\n<meta property=\"og:title\" content=\"CONMEMORAN EL DIA INTERNACIONAL DEL LIBRO EN GOMEZ FARIAS. - La Raz\u00f3n de Xico - Presencia Informativa en el estado\" \/>\n<meta property=\"og:description\" content=\"Gomez Farias, Tamaulipas.-(Escribe Juan Jos\u00e9 Contreras Gonz\u00e1lez).-El alcalde Frank de Leon Avila acudi\u00f3 a las instalaciones de la escuela primaria Profr. Norberto Uriegas de la cabecera Municipal para participar junto a maestros, padres de familias y estudiantes de la celebraci\u00f3n del d\u00eda Internacional del Libro. Ahi en su mensaje dejo en claro, que la lectura...\" \/>\n<meta property=\"og:url\" content=\"https:\/\/www.larazondexico.com.mx\/?p=3293\" \/>\n<meta property=\"og:site_name\" content=\"La Raz\u00f3n de Xico - Presencia Informativa en el estado\" \/>\n<meta property=\"article:published_time\" content=\"2026-04-28T15:35:17+00:00\" \/>\n<meta property=\"article:modified_time\" content=\"2026-04-28T15:35:21+00:00\" \/>\n<meta property=\"og:image\" content=\"https:\/\/www.larazondexico.com.mx\/wp-content\/uploads\/2026\/04\/FB_IMG_1777390323255.jpg\" \/>\n\t<meta property=\"og:image:width\" content=\"1200\" \/>\n\t<meta property=\"og:image:height\" content=\"1600\" \/>\n\t<meta property=\"og:image:type\" content=\"image\/jpeg\" \/>\n<meta name=\"author\" content=\"Juan Jos\u00e9 Contreras Gonz\u00e1lez\" \/>\n<meta name=\"twitter:card\" content=\"summary_large_image\" \/>\n<meta name=\"twitter:label1\" content=\"Escrito por\" \/>\n\t<meta name=\"twitter:data1\" content=\"Juan Jos\u00e9 Contreras Gonz\u00e1lez\" \/>\n\t<meta name=\"twitter:label2\" content=\"Tiempo de lectura\" \/>\n\t<meta name=\"twitter:data2\" content=\"2 minutos\" \/>\n<script type=\"application\/ld+json\" class=\"yoast-schema-graph\">{\"@context\":\"https:\/\/schema.org\",\"@graph\":[{\"@type\":\"WebPage\",\"@id\":\"https:\/\/www.larazondexico.com.mx\/?p=3293\",\"url\":\"https:\/\/www.larazondexico.com.mx\/?p=3293\",\"name\":\"CONMEMORAN EL DIA INTERNACIONAL DEL LIBRO EN GOMEZ FARIAS. - La Raz\u00f3n de Xico - Presencia Informativa en el estado\",\"isPartOf\":{\"@id\":\"https:\/\/www.larazondexico.com.mx\/#website\"},\"primaryImageOfPage\":{\"@id\":\"https:\/\/www.larazondexico.com.mx\/?p=3293#primaryimage\"},\"image\":{\"@id\":\"https:\/\/www.larazondexico.com.mx\/?p=3293#primaryimage\"},\"thumbnailUrl\":\"https:\/\/www.larazondexico.com.mx\/wp-content\/uploads\/2026\/04\/FB_IMG_1777390323255.jpg\",\"datePublished\":\"2026-04-28T15:35:17+00:00\",\"dateModified\":\"2026-04-28T15:35:21+00:00\",\"author\":{\"@id\":\"https:\/\/www.larazondexico.com.mx\/#\/schema\/person\/b10ea8a31f9b2f34c2ec8835ba5d1318\"},\"breadcrumb\":{\"@id\":\"https:\/\/www.larazondexico.com.mx\/?p=3293#breadcrumb\"},\"inLanguage\":\"es\",\"potentialAction\":[{\"@type\":\"ReadAction\",\"target\":[\"https:\/\/www.larazondexico.com.mx\/?p=3293\"]}]},{\"@type\":\"ImageObject\",\"inLanguage\":\"es\",\"@id\":\"https:\/\/www.larazondexico.com.mx\/?p=3293#primaryimage\",\"url\":\"https:\/\/www.larazondexico.com.mx\/wp-content\/uploads\/2026\/04\/FB_IMG_1777390323255.jpg\",\"contentUrl\":\"https:\/\/www.larazondexico.com.mx\/wp-content\/uploads\/2026\/04\/FB_IMG_1777390323255.jpg\",\"width\":1200,\"height\":1600},{\"@type\":\"BreadcrumbList\",\"@id\":\"https:\/\/www.larazondexico.com.mx\/?p=3293#breadcrumb\",\"itemListElement\":[{\"@type\":\"ListItem\",\"position\":1,\"name\":\"Portada\",\"item\":\"https:\/\/www.larazondexico.com.mx\/\"},{\"@type\":\"ListItem\",\"position\":2,\"name\":\"CONMEMORAN EL DIA INTERNACIONAL DEL LIBRO EN GOMEZ FARIAS.\"}]},{\"@type\":\"WebSite\",\"@id\":\"https:\/\/www.larazondexico.com.mx\/#website\",\"url\":\"https:\/\/www.larazondexico.com.mx\/\",\"name\":\"La Raz\u00f3n de Xico - Presencia Informativa en el estado\",\"description\":\"\",\"potentialAction\":[{\"@type\":\"SearchAction\",\"target\":{\"@type\":\"EntryPoint\",\"urlTemplate\":\"https:\/\/www.larazondexico.com.mx\/?s={search_term_string}\"},\"query-input\":{\"@type\":\"PropertyValueSpecification\",\"valueRequired\":true,\"valueName\":\"search_term_string\"}}],\"inLanguage\":\"es\"},{\"@type\":\"Person\",\"@id\":\"https:\/\/www.larazondexico.com.mx\/#\/schema\/person\/b10ea8a31f9b2f34c2ec8835ba5d1318\",\"name\":\"Juan Jos\u00e9 Contreras Gonz\u00e1lez\",\"image\":{\"@type\":\"ImageObject\",\"inLanguage\":\"es\",\"@id\":\"https:\/\/www.larazondexico.com.mx\/#\/schema\/person\/image\/\",\"url\":\"https:\/\/secure.gravatar.com\/avatar\/2b2a34677c3407f25b56188b4c2ca478?s=96&d=mm&r=g\",\"contentUrl\":\"https:\/\/secure.gravatar.com\/avatar\/2b2a34677c3407f25b56188b4c2ca478?s=96&d=mm&r=g\",\"caption\":\"Juan Jos\u00e9 Contreras Gonz\u00e1lez\"},\"url\":\"https:\/\/www.larazondexico.com.mx\/?author=2\"}]}<\/script>\n<!-- \/ Yoast SEO plugin. -->","yoast_head_json":{"title":"CONMEMORAN EL DIA INTERNACIONAL DEL LIBRO EN GOMEZ FARIAS. - La Raz\u00f3n de Xico - Presencia Informativa en el estado","robots":{"index":"index","follow":"follow","max-snippet":"max-snippet:-1","max-image-preview":"max-image-preview:large","max-video-preview":"max-video-preview:-1"},"canonical":"https:\/\/www.larazondexico.com.mx\/?p=3293","og_locale":"es_ES","og_type":"article","og_title":"CONMEMORAN EL DIA INTERNACIONAL DEL LIBRO EN GOMEZ FARIAS. - La Raz\u00f3n de Xico - Presencia Informativa en el estado","og_description":"Gomez Farias, Tamaulipas.-(Escribe Juan Jos\u00e9 Contreras Gonz\u00e1lez).-El alcalde Frank de Leon Avila acudi\u00f3 a las instalaciones de la escuela primaria Profr. Norberto Uriegas de la cabecera Municipal para participar junto a maestros, padres de familias y estudiantes de la celebraci\u00f3n del d\u00eda Internacional del Libro. Ahi en su mensaje dejo en claro, que la lectura...","og_url":"https:\/\/www.larazondexico.com.mx\/?p=3293","og_site_name":"La Raz\u00f3n de Xico - Presencia Informativa en el estado","article_published_time":"2026-04-28T15:35:17+00:00","article_modified_time":"2026-04-28T15:35:21+00:00","og_image":[{"width":1200,"height":1600,"url":"https:\/\/www.larazondexico.com.mx\/wp-content\/uploads\/2026\/04\/FB_IMG_1777390323255.jpg","type":"image\/jpeg"}],"author":"Juan Jos\u00e9 Contreras Gonz\u00e1lez","twitter_card":"summary_large_image","twitter_misc":{"Escrito por":"Juan Jos\u00e9 Contreras Gonz\u00e1lez","Tiempo de lectura":"2 minutos"},"schema":{"@context":"https:\/\/schema.org","@graph":[{"@type":"WebPage","@id":"https:\/\/www.larazondexico.com.mx\/?p=3293","url":"https:\/\/www.larazondexico.com.mx\/?p=3293","name":"CONMEMORAN EL DIA INTERNACIONAL DEL LIBRO EN GOMEZ FARIAS. - La Raz\u00f3n de Xico - Presencia Informativa en el estado","isPartOf":{"@id":"https:\/\/www.larazondexico.com.mx\/#website"},"primaryImageOfPage":{"@id":"https:\/\/www.larazondexico.com.mx\/?p=3293#primaryimage"},"image":{"@id":"https:\/\/www.larazondexico.com.mx\/?p=3293#primaryimage"},"thumbnailUrl":"https:\/\/www.larazondexico.com.mx\/wp-content\/uploads\/2026\/04\/FB_IMG_1777390323255.jpg","datePublished":"2026-04-28T15:35:17+00:00","dateModified":"2026-04-28T15:35:21+00:00","author":{"@id":"https:\/\/www.larazondexico.com.mx\/#\/schema\/person\/b10ea8a31f9b2f34c2ec8835ba5d1318"},"breadcrumb":{"@id":"https:\/\/www.larazondexico.com.mx\/?p=3293#breadcrumb"},"inLanguage":"es","potentialAction":[{"@type":"ReadAction","target":["https:\/\/www.larazondexico.com.mx\/?p=3293"]}]},{"@type":"ImageObject","inLanguage":"es","@id":"https:\/\/www.larazondexico.com.mx\/?p=3293#primaryimage","url":"https:\/\/www.larazondexico.com.mx\/wp-content\/uploads\/2026\/04\/FB_IMG_1777390323255.jpg","contentUrl":"https:\/\/www.larazondexico.com.mx\/wp-content\/uploads\/2026\/04\/FB_IMG_1777390323255.jpg","width":1200,"height":1600},{"@type":"BreadcrumbList","@id":"https:\/\/www.larazondexico.com.mx\/?p=3293#breadcrumb","itemListElement":[{"@type":"ListItem","position":1,"name":"Portada","item":"https:\/\/www.larazondexico.com.mx\/"},{"@type":"ListItem","position":2,"name":"CONMEMORAN EL DIA INTERNACIONAL DEL LIBRO EN GOMEZ FARIAS."}]},{"@type":"WebSite","@id":"https:\/\/www.larazondexico.com.mx\/#website","url":"https:\/\/www.larazondexico.com.mx\/","name":"La Raz\u00f3n de Xico - Presencia Informativa en el estado","description":"","potentialAction":[{"@type":"SearchAction","target":{"@type":"EntryPoint","urlTemplate":"https:\/\/www.larazondexico.com.mx\/?s={search_term_string}"},"query-input":{"@type":"PropertyValueSpecification","valueRequired":true,"valueName":"search_term_string"}}],"inLanguage":"es"},{"@type":"Person","@id":"https:\/\/www.larazondexico.com.mx\/#\/schema\/person\/b10ea8a31f9b2f34c2ec8835ba5d1318","name":"Juan Jos\u00e9 Contreras Gonz\u00e1lez","image":{"@type":"ImageObject","inLanguage":"es","@id":"https:\/\/www.larazondexico.com.mx\/#\/schema\/person\/image\/","url":"https:\/\/secure.gravatar.com\/avatar\/2b2a34677c3407f25b56188b4c2ca478?s=96&d=mm&r=g","contentUrl":"https:\/\/secure.gravatar.com\/avatar\/2b2a34677c3407f25b56188b4c2ca478?s=96&d=mm&r=g","caption":"Juan Jos\u00e9 Contreras Gonz\u00e1lez"},"url":"https:\/\/www.larazondexico.com.mx\/?author=2"}]}},"_links":{"self":[{"href":"https:\/\/www.larazondexico.com.mx\/index.php?rest_route=\/wp\/v2\/posts\/3293","targetHints":{"allow":["GET"]}}],"collection":[{"href":"https:\/\/www.larazondexico.com.mx\/index.php?rest_route=\/wp\/v2\/posts"}],"about":[{"href":"https:\/\/www.larazondexico.com.mx\/index.php?rest_route=\/wp\/v2\/types\/post"}],"author":[{"embeddable":true,"href":"https:\/\/www.larazondexico.com.mx\/index.php?rest_route=\/wp\/v2\/users\/2"}],"replies":[{"embeddable":true,"href":"https:\/\/www.larazondexico.com.mx\/index.php?rest_route=%2Fwp%2Fv2%2Fcomments&post=3293"}],"version-history":[{"count":1,"href":"https:\/\/www.larazondexico.com.mx\/index.php?rest_route=\/wp\/v2\/posts\/3293\/revisions"}],"predecessor-version":[{"id":3295,"href":"https:\/\/www.larazondexico.com.mx\/index.php?rest_route=\/wp\/v2\/posts\/3293\/revisions\/3295"}],"wp:featuredmedia":[{"embeddable":true,"href":"https:\/\/www.larazondexico.com.mx\/index.php?rest_route=\/wp\/v2\/media\/3294"}],"wp:attachment":[{"href":"https:\/\/www.larazondexico.com.mx\/index.php?rest_route=%2Fwp%2Fv2%2Fmedia&parent=3293"}],"wp:term":[{"taxonomy":"category","embeddable":true,"href":"https:\/\/www.larazondexico.com.mx\/index.php?rest_route=%2Fwp%2Fv2%2Fcategories&post=3293"},{"taxonomy":"post_tag","embeddable":true,"href":"https:\/\/www.larazondexico.com.mx\/index.php?rest_route=%2Fwp%2Fv2%2Ftags&post=3293"}],"curies":[{"name":"wp","href":"https:\/\/api.w.org\/{rel}","templated":true}]}}