{"id":3275,"date":"2026-04-24T12:36:05","date_gmt":"2026-04-24T18:36:05","guid":{"rendered":"https:\/\/www.larazondexico.com.mx\/?p=3275"},"modified":"2026-04-24T12:36:12","modified_gmt":"2026-04-24T18:36:12","slug":"con-humildad-y-responsabilidad-asi-gobierna-moises-borjon-olvera-en-llera-tamaulipas","status":"publish","type":"post","link":"https:\/\/www.larazondexico.com.mx\/?p=3275","title":{"rendered":"CON HUMILDAD Y RESPONSABILIDAD, ASI GOBIERNA MOISES BORJON OLVERA, EN LLERA TAMAULIPAS."},"content":{"rendered":"\n<p>Llera, Tamaulipas.-(Escribe Juan Jos\u00e9 Contreras Gonz\u00e1lez).-Un alcalde que le preocupa su gente, es sin duda aquel que lucha porque los beneficios les lleguen a tiempo a sus gobernados, y en ese entorno laboral y de servicio publica el Presidente Moises Borj\u00f3n Olvera, da muestras de que servir con humildad, es un claro ejemplo de trabajo.<\/p>\n\n\n\n<p>Destaca su labor, en el sentido que si hay que trabajar demostrando acciones conjuntas con su equipo de trabajo unifica entorno al Gobierno Municipal de Llera, Tamaulipas, los recientes ejemplos realizados en las entregas de los desayunadores escolares recientemente destacan esta virtud que pocos alcaldes en el Estado han demostrado ante el panorama de servicio a su gente.<\/p>\n\n\n\n<p>En Llera, la Educaci\u00f3n integral para un mejor futuro, es una autentica realidad, porque La educaci\u00f3n va m\u00e1s all\u00e1 del aula: tambi\u00e9n se construye con espacios dignos y una buena alimentaci\u00f3n. Por eso cabe resaltar que en Llera, se trabaja De la mano con el DIF Tamaulipas y DIF Llera de Canales seguimos fortaleciendo desayunadores y cocinas escolares en distintos planteles de nuestro municipio.<\/p>\n\n\n\n<p><\/p>\n","protected":false},"excerpt":{"rendered":"<p>Llera, Tamaulipas.-(Escribe Juan Jos\u00e9 Contreras Gonz\u00e1lez).-Un alcalde que le preocupa su gente, es sin duda aquel que lucha porque los beneficios les lleguen a tiempo a sus gobernados, y en ese entorno laboral y de servicio publica el Presidente Moises Borj\u00f3n Olvera, da muestras de que servir con humildad, es un claro ejemplo de trabajo&#8230;.<\/p>\n","protected":false},"author":2,"featured_media":3276,"comment_status":"closed","ping_status":"closed","sticky":false,"template":"","format":"standard","meta":{"footnotes":""},"categories":[9],"tags":[],"class_list":["post-3275","post","type-post","status-publish","format-standard","has-post-thumbnail","hentry","category-llera"],"yoast_head":"<!-- This site is optimized with the Yoast SEO plugin v25.6 - https:\/\/yoast.com\/wordpress\/plugins\/seo\/ -->\n<title>CON HUMILDAD Y RESPONSABILIDAD, ASI GOBIERNA MOISES BORJON OLVERA, EN LLERA TAMAULIPAS. - La Raz\u00f3n de Xico - Presencia Informativa en el estado<\/title>\n<meta name=\"robots\" content=\"index, follow, max-snippet:-1, max-image-preview:large, max-video-preview:-1\" \/>\n<link rel=\"canonical\" href=\"https:\/\/www.larazondexico.com.mx\/?p=3275\" \/>\n<meta property=\"og:locale\" content=\"es_ES\" \/>\n<meta property=\"og:type\" content=\"article\" \/>\n<meta property=\"og:title\" content=\"CON HUMILDAD Y RESPONSABILIDAD, ASI GOBIERNA MOISES BORJON OLVERA, EN LLERA TAMAULIPAS. - La Raz\u00f3n de Xico - Presencia Informativa en el estado\" \/>\n<meta property=\"og:description\" content=\"Llera, Tamaulipas.-(Escribe Juan Jos\u00e9 Contreras Gonz\u00e1lez).-Un alcalde que le preocupa su gente, es sin duda aquel que lucha porque los beneficios les lleguen a tiempo a sus gobernados, y en ese entorno laboral y de servicio publica el Presidente Moises Borj\u00f3n Olvera, da muestras de que servir con humildad, es un claro ejemplo de trabajo....\" \/>\n<meta property=\"og:url\" content=\"https:\/\/www.larazondexico.com.mx\/?p=3275\" \/>\n<meta property=\"og:site_name\" content=\"La Raz\u00f3n de Xico - Presencia Informativa en el estado\" \/>\n<meta property=\"article:published_time\" content=\"2026-04-24T18:36:05+00:00\" \/>\n<meta property=\"article:modified_time\" content=\"2026-04-24T18:36:12+00:00\" \/>\n<meta property=\"og:image\" content=\"https:\/\/www.larazondexico.com.mx\/wp-content\/uploads\/2026\/04\/desa.jpg\" \/>\n\t<meta property=\"og:image:width\" content=\"720\" \/>\n\t<meta property=\"og:image:height\" content=\"721\" \/>\n\t<meta property=\"og:image:type\" content=\"image\/jpeg\" \/>\n<meta name=\"author\" content=\"Juan Jos\u00e9 Contreras Gonz\u00e1lez\" \/>\n<meta name=\"twitter:card\" content=\"summary_large_image\" \/>\n<meta name=\"twitter:label1\" content=\"Escrito por\" \/>\n\t<meta name=\"twitter:data1\" content=\"Juan Jos\u00e9 Contreras Gonz\u00e1lez\" \/>\n\t<meta name=\"twitter:label2\" content=\"Tiempo de lectura\" \/>\n\t<meta name=\"twitter:data2\" content=\"2 minutos\" \/>\n<script type=\"application\/ld+json\" class=\"yoast-schema-graph\">{\"@context\":\"https:\/\/schema.org\",\"@graph\":[{\"@type\":\"WebPage\",\"@id\":\"https:\/\/www.larazondexico.com.mx\/?p=3275\",\"url\":\"https:\/\/www.larazondexico.com.mx\/?p=3275\",\"name\":\"CON HUMILDAD Y RESPONSABILIDAD, ASI GOBIERNA MOISES BORJON OLVERA, EN LLERA TAMAULIPAS. - La Raz\u00f3n de Xico - Presencia Informativa en el estado\",\"isPartOf\":{\"@id\":\"https:\/\/www.larazondexico.com.mx\/#website\"},\"primaryImageOfPage\":{\"@id\":\"https:\/\/www.larazondexico.com.mx\/?p=3275#primaryimage\"},\"image\":{\"@id\":\"https:\/\/www.larazondexico.com.mx\/?p=3275#primaryimage\"},\"thumbnailUrl\":\"https:\/\/www.larazondexico.com.mx\/wp-content\/uploads\/2026\/04\/desa.jpg\",\"datePublished\":\"2026-04-24T18:36:05+00:00\",\"dateModified\":\"2026-04-24T18:36:12+00:00\",\"author\":{\"@id\":\"https:\/\/www.larazondexico.com.mx\/#\/schema\/person\/b10ea8a31f9b2f34c2ec8835ba5d1318\"},\"breadcrumb\":{\"@id\":\"https:\/\/www.larazondexico.com.mx\/?p=3275#breadcrumb\"},\"inLanguage\":\"es\",\"potentialAction\":[{\"@type\":\"ReadAction\",\"target\":[\"https:\/\/www.larazondexico.com.mx\/?p=3275\"]}]},{\"@type\":\"ImageObject\",\"inLanguage\":\"es\",\"@id\":\"https:\/\/www.larazondexico.com.mx\/?p=3275#primaryimage\",\"url\":\"https:\/\/www.larazondexico.com.mx\/wp-content\/uploads\/2026\/04\/desa.jpg\",\"contentUrl\":\"https:\/\/www.larazondexico.com.mx\/wp-content\/uploads\/2026\/04\/desa.jpg\",\"width\":720,\"height\":721},{\"@type\":\"BreadcrumbList\",\"@id\":\"https:\/\/www.larazondexico.com.mx\/?p=3275#breadcrumb\",\"itemListElement\":[{\"@type\":\"ListItem\",\"position\":1,\"name\":\"Portada\",\"item\":\"https:\/\/www.larazondexico.com.mx\/\"},{\"@type\":\"ListItem\",\"position\":2,\"name\":\"CON HUMILDAD Y RESPONSABILIDAD, ASI GOBIERNA MOISES BORJON OLVERA, EN LLERA TAMAULIPAS.\"}]},{\"@type\":\"WebSite\",\"@id\":\"https:\/\/www.larazondexico.com.mx\/#website\",\"url\":\"https:\/\/www.larazondexico.com.mx\/\",\"name\":\"La Raz\u00f3n de Xico - Presencia Informativa en el estado\",\"description\":\"\",\"potentialAction\":[{\"@type\":\"SearchAction\",\"target\":{\"@type\":\"EntryPoint\",\"urlTemplate\":\"https:\/\/www.larazondexico.com.mx\/?s={search_term_string}\"},\"query-input\":{\"@type\":\"PropertyValueSpecification\",\"valueRequired\":true,\"valueName\":\"search_term_string\"}}],\"inLanguage\":\"es\"},{\"@type\":\"Person\",\"@id\":\"https:\/\/www.larazondexico.com.mx\/#\/schema\/person\/b10ea8a31f9b2f34c2ec8835ba5d1318\",\"name\":\"Juan Jos\u00e9 Contreras Gonz\u00e1lez\",\"image\":{\"@type\":\"ImageObject\",\"inLanguage\":\"es\",\"@id\":\"https:\/\/www.larazondexico.com.mx\/#\/schema\/person\/image\/\",\"url\":\"https:\/\/secure.gravatar.com\/avatar\/2b2a34677c3407f25b56188b4c2ca478?s=96&d=mm&r=g\",\"contentUrl\":\"https:\/\/secure.gravatar.com\/avatar\/2b2a34677c3407f25b56188b4c2ca478?s=96&d=mm&r=g\",\"caption\":\"Juan Jos\u00e9 Contreras Gonz\u00e1lez\"},\"url\":\"https:\/\/www.larazondexico.com.mx\/?author=2\"}]}<\/script>\n<!-- \/ Yoast SEO plugin. -->","yoast_head_json":{"title":"CON HUMILDAD Y RESPONSABILIDAD, ASI GOBIERNA MOISES BORJON OLVERA, EN LLERA TAMAULIPAS. - La Raz\u00f3n de Xico - Presencia Informativa en el estado","robots":{"index":"index","follow":"follow","max-snippet":"max-snippet:-1","max-image-preview":"max-image-preview:large","max-video-preview":"max-video-preview:-1"},"canonical":"https:\/\/www.larazondexico.com.mx\/?p=3275","og_locale":"es_ES","og_type":"article","og_title":"CON HUMILDAD Y RESPONSABILIDAD, ASI GOBIERNA MOISES BORJON OLVERA, EN LLERA TAMAULIPAS. - La Raz\u00f3n de Xico - Presencia Informativa en el estado","og_description":"Llera, Tamaulipas.-(Escribe Juan Jos\u00e9 Contreras Gonz\u00e1lez).-Un alcalde que le preocupa su gente, es sin duda aquel que lucha porque los beneficios les lleguen a tiempo a sus gobernados, y en ese entorno laboral y de servicio publica el Presidente Moises Borj\u00f3n Olvera, da muestras de que servir con humildad, es un claro ejemplo de trabajo....","og_url":"https:\/\/www.larazondexico.com.mx\/?p=3275","og_site_name":"La Raz\u00f3n de Xico - Presencia Informativa en el estado","article_published_time":"2026-04-24T18:36:05+00:00","article_modified_time":"2026-04-24T18:36:12+00:00","og_image":[{"width":720,"height":721,"url":"https:\/\/www.larazondexico.com.mx\/wp-content\/uploads\/2026\/04\/desa.jpg","type":"image\/jpeg"}],"author":"Juan Jos\u00e9 Contreras Gonz\u00e1lez","twitter_card":"summary_large_image","twitter_misc":{"Escrito por":"Juan Jos\u00e9 Contreras Gonz\u00e1lez","Tiempo de lectura":"2 minutos"},"schema":{"@context":"https:\/\/schema.org","@graph":[{"@type":"WebPage","@id":"https:\/\/www.larazondexico.com.mx\/?p=3275","url":"https:\/\/www.larazondexico.com.mx\/?p=3275","name":"CON HUMILDAD Y RESPONSABILIDAD, ASI GOBIERNA MOISES BORJON OLVERA, EN LLERA TAMAULIPAS. - La Raz\u00f3n de Xico - Presencia Informativa en el estado","isPartOf":{"@id":"https:\/\/www.larazondexico.com.mx\/#website"},"primaryImageOfPage":{"@id":"https:\/\/www.larazondexico.com.mx\/?p=3275#primaryimage"},"image":{"@id":"https:\/\/www.larazondexico.com.mx\/?p=3275#primaryimage"},"thumbnailUrl":"https:\/\/www.larazondexico.com.mx\/wp-content\/uploads\/2026\/04\/desa.jpg","datePublished":"2026-04-24T18:36:05+00:00","dateModified":"2026-04-24T18:36:12+00:00","author":{"@id":"https:\/\/www.larazondexico.com.mx\/#\/schema\/person\/b10ea8a31f9b2f34c2ec8835ba5d1318"},"breadcrumb":{"@id":"https:\/\/www.larazondexico.com.mx\/?p=3275#breadcrumb"},"inLanguage":"es","potentialAction":[{"@type":"ReadAction","target":["https:\/\/www.larazondexico.com.mx\/?p=3275"]}]},{"@type":"ImageObject","inLanguage":"es","@id":"https:\/\/www.larazondexico.com.mx\/?p=3275#primaryimage","url":"https:\/\/www.larazondexico.com.mx\/wp-content\/uploads\/2026\/04\/desa.jpg","contentUrl":"https:\/\/www.larazondexico.com.mx\/wp-content\/uploads\/2026\/04\/desa.jpg","width":720,"height":721},{"@type":"BreadcrumbList","@id":"https:\/\/www.larazondexico.com.mx\/?p=3275#breadcrumb","itemListElement":[{"@type":"ListItem","position":1,"name":"Portada","item":"https:\/\/www.larazondexico.com.mx\/"},{"@type":"ListItem","position":2,"name":"CON HUMILDAD Y RESPONSABILIDAD, ASI GOBIERNA MOISES BORJON OLVERA, EN LLERA TAMAULIPAS."}]},{"@type":"WebSite","@id":"https:\/\/www.larazondexico.com.mx\/#website","url":"https:\/\/www.larazondexico.com.mx\/","name":"La Raz\u00f3n de Xico - Presencia Informativa en el estado","description":"","potentialAction":[{"@type":"SearchAction","target":{"@type":"EntryPoint","urlTemplate":"https:\/\/www.larazondexico.com.mx\/?s={search_term_string}"},"query-input":{"@type":"PropertyValueSpecification","valueRequired":true,"valueName":"search_term_string"}}],"inLanguage":"es"},{"@type":"Person","@id":"https:\/\/www.larazondexico.com.mx\/#\/schema\/person\/b10ea8a31f9b2f34c2ec8835ba5d1318","name":"Juan Jos\u00e9 Contreras Gonz\u00e1lez","image":{"@type":"ImageObject","inLanguage":"es","@id":"https:\/\/www.larazondexico.com.mx\/#\/schema\/person\/image\/","url":"https:\/\/secure.gravatar.com\/avatar\/2b2a34677c3407f25b56188b4c2ca478?s=96&d=mm&r=g","contentUrl":"https:\/\/secure.gravatar.com\/avatar\/2b2a34677c3407f25b56188b4c2ca478?s=96&d=mm&r=g","caption":"Juan Jos\u00e9 Contreras Gonz\u00e1lez"},"url":"https:\/\/www.larazondexico.com.mx\/?author=2"}]}},"_links":{"self":[{"href":"https:\/\/www.larazondexico.com.mx\/index.php?rest_route=\/wp\/v2\/posts\/3275","targetHints":{"allow":["GET"]}}],"collection":[{"href":"https:\/\/www.larazondexico.com.mx\/index.php?rest_route=\/wp\/v2\/posts"}],"about":[{"href":"https:\/\/www.larazondexico.com.mx\/index.php?rest_route=\/wp\/v2\/types\/post"}],"author":[{"embeddable":true,"href":"https:\/\/www.larazondexico.com.mx\/index.php?rest_route=\/wp\/v2\/users\/2"}],"replies":[{"embeddable":true,"href":"https:\/\/www.larazondexico.com.mx\/index.php?rest_route=%2Fwp%2Fv2%2Fcomments&post=3275"}],"version-history":[{"count":1,"href":"https:\/\/www.larazondexico.com.mx\/index.php?rest_route=\/wp\/v2\/posts\/3275\/revisions"}],"predecessor-version":[{"id":3277,"href":"https:\/\/www.larazondexico.com.mx\/index.php?rest_route=\/wp\/v2\/posts\/3275\/revisions\/3277"}],"wp:featuredmedia":[{"embeddable":true,"href":"https:\/\/www.larazondexico.com.mx\/index.php?rest_route=\/wp\/v2\/media\/3276"}],"wp:attachment":[{"href":"https:\/\/www.larazondexico.com.mx\/index.php?rest_route=%2Fwp%2Fv2%2Fmedia&parent=3275"}],"wp:term":[{"taxonomy":"category","embeddable":true,"href":"https:\/\/www.larazondexico.com.mx\/index.php?rest_route=%2Fwp%2Fv2%2Fcategories&post=3275"},{"taxonomy":"post_tag","embeddable":true,"href":"https:\/\/www.larazondexico.com.mx\/index.php?rest_route=%2Fwp%2Fv2%2Ftags&post=3275"}],"curies":[{"name":"wp","href":"https:\/\/api.w.org\/{rel}","templated":true}]}}