{"id":3271,"date":"2026-04-24T11:40:11","date_gmt":"2026-04-24T17:40:11","guid":{"rendered":"https:\/\/www.larazondexico.com.mx\/?p=3271"},"modified":"2026-04-24T11:40:21","modified_gmt":"2026-04-24T17:40:21","slug":"avanza-construccion-de-asta-bandera-monumental-en-ciudad-victoria","status":"publish","type":"post","link":"https:\/\/www.larazondexico.com.mx\/?p=3271","title":{"rendered":"Avanza construcci\u00f3n de asta bandera monumental en Ciudad Victoria"},"content":{"rendered":"\n<p>Abril 24 de 2026<\/p>\n\n\n\n<p>Ciudad Victoria, Tamaulipas.\u2013 Como parte del avance en la construcci\u00f3n del asta bandera monumental en la capital del estado, se realiz\u00f3 el retiro de la estructura existente en el sitio, dando paso al inicio de la instalaci\u00f3n de una nueva infraestructura.<\/p>\n\n\n\n<p>El secretario de Obras P\u00fablicas, Pedro Cepeda Anaya, inform\u00f3 que la nueva asta ser\u00e1 fabricada en acero galvanizado, con un peso aproximado de 13 toneladas.<\/p>\n\n\n\n<p>Precis\u00f3 que tendr\u00e1 una altura de 52 metros y sostendr\u00e1 un l\u00e1baro patrio de aproximadamente 25 por 14.3 metros, lo que la posiciona como una estructura de categor\u00eda monumental, conforme a los criterios t\u00e9cnicos establecidos.<\/p>\n\n\n\n<p>Asimismo, se\u00f1al\u00f3 que para garantizar su estabilidad se construye actualmente el basamento que soportar\u00e1 la estructura, con dimensiones de 8.5 por 8.5 metros y una profundidad de 1.4 metros, dise\u00f1ado para resistir las condiciones del terreno y las cargas propias del proyecto.<\/p>\n\n\n\n<p>El funcionario destac\u00f3 que los trabajos representan un reto t\u00e9cnico relevante, debido a que se desarrollan en la parte alta de la Sierra Madre Oriental, en una zona de dif\u00edcil acceso.<\/p>\n\n\n\n<p>Por \u00faltimo, dijo que con estas acciones, el Gobierno del Estado avanza en la consolidaci\u00f3n de un proyecto emblem\u00e1tico que fortalecer\u00e1 la identidad c\u00edvica y se proyecta como un nuevo referente para la capital tamaulipeca.<\/p>\n","protected":false},"excerpt":{"rendered":"<p>Abril 24 de 2026 Ciudad Victoria, Tamaulipas.\u2013 Como parte del avance en la construcci\u00f3n del asta bandera monumental en la capital del estado, se realiz\u00f3 el retiro de la estructura existente en el sitio, dando paso al inicio de la instalaci\u00f3n de una nueva infraestructura. El secretario de Obras P\u00fablicas, Pedro Cepeda Anaya, inform\u00f3 que&#8230;<\/p>\n","protected":false},"author":2,"featured_media":3273,"comment_status":"closed","ping_status":"closed","sticky":false,"template":"","format":"standard","meta":{"footnotes":""},"categories":[11],"tags":[],"class_list":["post-3271","post","type-post","status-publish","format-standard","has-post-thumbnail","hentry","category-estatal"],"yoast_head":"<!-- This site is optimized with the Yoast SEO plugin v25.6 - https:\/\/yoast.com\/wordpress\/plugins\/seo\/ -->\n<title>Avanza construcci\u00f3n de asta bandera monumental en Ciudad Victoria - La Raz\u00f3n de Xico - Presencia Informativa en el estado<\/title>\n<meta name=\"robots\" content=\"index, follow, max-snippet:-1, max-image-preview:large, max-video-preview:-1\" \/>\n<link rel=\"canonical\" href=\"https:\/\/www.larazondexico.com.mx\/?p=3271\" \/>\n<meta property=\"og:locale\" content=\"es_ES\" \/>\n<meta property=\"og:type\" content=\"article\" \/>\n<meta property=\"og:title\" content=\"Avanza construcci\u00f3n de asta bandera monumental en Ciudad Victoria - La Raz\u00f3n de Xico - Presencia Informativa en el estado\" \/>\n<meta property=\"og:description\" content=\"Abril 24 de 2026 Ciudad Victoria, Tamaulipas.\u2013 Como parte del avance en la construcci\u00f3n del asta bandera monumental en la capital del estado, se realiz\u00f3 el retiro de la estructura existente en el sitio, dando paso al inicio de la instalaci\u00f3n de una nueva infraestructura. El secretario de Obras P\u00fablicas, Pedro Cepeda Anaya, inform\u00f3 que...\" \/>\n<meta property=\"og:url\" content=\"https:\/\/www.larazondexico.com.mx\/?p=3271\" \/>\n<meta property=\"og:site_name\" content=\"La Raz\u00f3n de Xico - Presencia Informativa en el estado\" \/>\n<meta property=\"article:published_time\" content=\"2026-04-24T17:40:11+00:00\" \/>\n<meta property=\"article:modified_time\" content=\"2026-04-24T17:40:21+00:00\" \/>\n<meta property=\"og:image\" content=\"https:\/\/www.larazondexico.com.mx\/wp-content\/uploads\/2026\/04\/ASTA-MONUMENTAL-1.jpeg\" \/>\n\t<meta property=\"og:image:width\" content=\"850\" \/>\n\t<meta property=\"og:image:height\" content=\"500\" \/>\n\t<meta property=\"og:image:type\" content=\"image\/jpeg\" \/>\n<meta name=\"author\" content=\"Juan Jos\u00e9 Contreras Gonz\u00e1lez\" \/>\n<meta name=\"twitter:card\" content=\"summary_large_image\" \/>\n<meta name=\"twitter:label1\" content=\"Escrito por\" \/>\n\t<meta name=\"twitter:data1\" content=\"Juan Jos\u00e9 Contreras Gonz\u00e1lez\" \/>\n\t<meta name=\"twitter:label2\" content=\"Tiempo de lectura\" \/>\n\t<meta name=\"twitter:data2\" content=\"2 minutos\" \/>\n<script type=\"application\/ld+json\" class=\"yoast-schema-graph\">{\"@context\":\"https:\/\/schema.org\",\"@graph\":[{\"@type\":\"WebPage\",\"@id\":\"https:\/\/www.larazondexico.com.mx\/?p=3271\",\"url\":\"https:\/\/www.larazondexico.com.mx\/?p=3271\",\"name\":\"Avanza construcci\u00f3n de asta bandera monumental en Ciudad Victoria - La Raz\u00f3n de Xico - Presencia Informativa en el estado\",\"isPartOf\":{\"@id\":\"https:\/\/www.larazondexico.com.mx\/#website\"},\"primaryImageOfPage\":{\"@id\":\"https:\/\/www.larazondexico.com.mx\/?p=3271#primaryimage\"},\"image\":{\"@id\":\"https:\/\/www.larazondexico.com.mx\/?p=3271#primaryimage\"},\"thumbnailUrl\":\"https:\/\/www.larazondexico.com.mx\/wp-content\/uploads\/2026\/04\/ASTA-MONUMENTAL-1.jpeg\",\"datePublished\":\"2026-04-24T17:40:11+00:00\",\"dateModified\":\"2026-04-24T17:40:21+00:00\",\"author\":{\"@id\":\"https:\/\/www.larazondexico.com.mx\/#\/schema\/person\/b10ea8a31f9b2f34c2ec8835ba5d1318\"},\"breadcrumb\":{\"@id\":\"https:\/\/www.larazondexico.com.mx\/?p=3271#breadcrumb\"},\"inLanguage\":\"es\",\"potentialAction\":[{\"@type\":\"ReadAction\",\"target\":[\"https:\/\/www.larazondexico.com.mx\/?p=3271\"]}]},{\"@type\":\"ImageObject\",\"inLanguage\":\"es\",\"@id\":\"https:\/\/www.larazondexico.com.mx\/?p=3271#primaryimage\",\"url\":\"https:\/\/www.larazondexico.com.mx\/wp-content\/uploads\/2026\/04\/ASTA-MONUMENTAL-1.jpeg\",\"contentUrl\":\"https:\/\/www.larazondexico.com.mx\/wp-content\/uploads\/2026\/04\/ASTA-MONUMENTAL-1.jpeg\",\"width\":850,\"height\":500},{\"@type\":\"BreadcrumbList\",\"@id\":\"https:\/\/www.larazondexico.com.mx\/?p=3271#breadcrumb\",\"itemListElement\":[{\"@type\":\"ListItem\",\"position\":1,\"name\":\"Portada\",\"item\":\"https:\/\/www.larazondexico.com.mx\/\"},{\"@type\":\"ListItem\",\"position\":2,\"name\":\"Avanza construcci\u00f3n de asta bandera monumental en Ciudad Victoria\"}]},{\"@type\":\"WebSite\",\"@id\":\"https:\/\/www.larazondexico.com.mx\/#website\",\"url\":\"https:\/\/www.larazondexico.com.mx\/\",\"name\":\"La Raz\u00f3n de Xico - Presencia Informativa en el estado\",\"description\":\"\",\"potentialAction\":[{\"@type\":\"SearchAction\",\"target\":{\"@type\":\"EntryPoint\",\"urlTemplate\":\"https:\/\/www.larazondexico.com.mx\/?s={search_term_string}\"},\"query-input\":{\"@type\":\"PropertyValueSpecification\",\"valueRequired\":true,\"valueName\":\"search_term_string\"}}],\"inLanguage\":\"es\"},{\"@type\":\"Person\",\"@id\":\"https:\/\/www.larazondexico.com.mx\/#\/schema\/person\/b10ea8a31f9b2f34c2ec8835ba5d1318\",\"name\":\"Juan Jos\u00e9 Contreras Gonz\u00e1lez\",\"image\":{\"@type\":\"ImageObject\",\"inLanguage\":\"es\",\"@id\":\"https:\/\/www.larazondexico.com.mx\/#\/schema\/person\/image\/\",\"url\":\"https:\/\/secure.gravatar.com\/avatar\/2b2a34677c3407f25b56188b4c2ca478?s=96&d=mm&r=g\",\"contentUrl\":\"https:\/\/secure.gravatar.com\/avatar\/2b2a34677c3407f25b56188b4c2ca478?s=96&d=mm&r=g\",\"caption\":\"Juan Jos\u00e9 Contreras Gonz\u00e1lez\"},\"url\":\"https:\/\/www.larazondexico.com.mx\/?author=2\"}]}<\/script>\n<!-- \/ Yoast SEO plugin. -->","yoast_head_json":{"title":"Avanza construcci\u00f3n de asta bandera monumental en Ciudad Victoria - La Raz\u00f3n de Xico - Presencia Informativa en el estado","robots":{"index":"index","follow":"follow","max-snippet":"max-snippet:-1","max-image-preview":"max-image-preview:large","max-video-preview":"max-video-preview:-1"},"canonical":"https:\/\/www.larazondexico.com.mx\/?p=3271","og_locale":"es_ES","og_type":"article","og_title":"Avanza construcci\u00f3n de asta bandera monumental en Ciudad Victoria - La Raz\u00f3n de Xico - Presencia Informativa en el estado","og_description":"Abril 24 de 2026 Ciudad Victoria, Tamaulipas.\u2013 Como parte del avance en la construcci\u00f3n del asta bandera monumental en la capital del estado, se realiz\u00f3 el retiro de la estructura existente en el sitio, dando paso al inicio de la instalaci\u00f3n de una nueva infraestructura. El secretario de Obras P\u00fablicas, Pedro Cepeda Anaya, inform\u00f3 que...","og_url":"https:\/\/www.larazondexico.com.mx\/?p=3271","og_site_name":"La Raz\u00f3n de Xico - Presencia Informativa en el estado","article_published_time":"2026-04-24T17:40:11+00:00","article_modified_time":"2026-04-24T17:40:21+00:00","og_image":[{"width":850,"height":500,"url":"https:\/\/www.larazondexico.com.mx\/wp-content\/uploads\/2026\/04\/ASTA-MONUMENTAL-1.jpeg","type":"image\/jpeg"}],"author":"Juan Jos\u00e9 Contreras Gonz\u00e1lez","twitter_card":"summary_large_image","twitter_misc":{"Escrito por":"Juan Jos\u00e9 Contreras Gonz\u00e1lez","Tiempo de lectura":"2 minutos"},"schema":{"@context":"https:\/\/schema.org","@graph":[{"@type":"WebPage","@id":"https:\/\/www.larazondexico.com.mx\/?p=3271","url":"https:\/\/www.larazondexico.com.mx\/?p=3271","name":"Avanza construcci\u00f3n de asta bandera monumental en Ciudad Victoria - La Raz\u00f3n de Xico - Presencia Informativa en el estado","isPartOf":{"@id":"https:\/\/www.larazondexico.com.mx\/#website"},"primaryImageOfPage":{"@id":"https:\/\/www.larazondexico.com.mx\/?p=3271#primaryimage"},"image":{"@id":"https:\/\/www.larazondexico.com.mx\/?p=3271#primaryimage"},"thumbnailUrl":"https:\/\/www.larazondexico.com.mx\/wp-content\/uploads\/2026\/04\/ASTA-MONUMENTAL-1.jpeg","datePublished":"2026-04-24T17:40:11+00:00","dateModified":"2026-04-24T17:40:21+00:00","author":{"@id":"https:\/\/www.larazondexico.com.mx\/#\/schema\/person\/b10ea8a31f9b2f34c2ec8835ba5d1318"},"breadcrumb":{"@id":"https:\/\/www.larazondexico.com.mx\/?p=3271#breadcrumb"},"inLanguage":"es","potentialAction":[{"@type":"ReadAction","target":["https:\/\/www.larazondexico.com.mx\/?p=3271"]}]},{"@type":"ImageObject","inLanguage":"es","@id":"https:\/\/www.larazondexico.com.mx\/?p=3271#primaryimage","url":"https:\/\/www.larazondexico.com.mx\/wp-content\/uploads\/2026\/04\/ASTA-MONUMENTAL-1.jpeg","contentUrl":"https:\/\/www.larazondexico.com.mx\/wp-content\/uploads\/2026\/04\/ASTA-MONUMENTAL-1.jpeg","width":850,"height":500},{"@type":"BreadcrumbList","@id":"https:\/\/www.larazondexico.com.mx\/?p=3271#breadcrumb","itemListElement":[{"@type":"ListItem","position":1,"name":"Portada","item":"https:\/\/www.larazondexico.com.mx\/"},{"@type":"ListItem","position":2,"name":"Avanza construcci\u00f3n de asta bandera monumental en Ciudad Victoria"}]},{"@type":"WebSite","@id":"https:\/\/www.larazondexico.com.mx\/#website","url":"https:\/\/www.larazondexico.com.mx\/","name":"La Raz\u00f3n de Xico - Presencia Informativa en el estado","description":"","potentialAction":[{"@type":"SearchAction","target":{"@type":"EntryPoint","urlTemplate":"https:\/\/www.larazondexico.com.mx\/?s={search_term_string}"},"query-input":{"@type":"PropertyValueSpecification","valueRequired":true,"valueName":"search_term_string"}}],"inLanguage":"es"},{"@type":"Person","@id":"https:\/\/www.larazondexico.com.mx\/#\/schema\/person\/b10ea8a31f9b2f34c2ec8835ba5d1318","name":"Juan Jos\u00e9 Contreras Gonz\u00e1lez","image":{"@type":"ImageObject","inLanguage":"es","@id":"https:\/\/www.larazondexico.com.mx\/#\/schema\/person\/image\/","url":"https:\/\/secure.gravatar.com\/avatar\/2b2a34677c3407f25b56188b4c2ca478?s=96&d=mm&r=g","contentUrl":"https:\/\/secure.gravatar.com\/avatar\/2b2a34677c3407f25b56188b4c2ca478?s=96&d=mm&r=g","caption":"Juan Jos\u00e9 Contreras Gonz\u00e1lez"},"url":"https:\/\/www.larazondexico.com.mx\/?author=2"}]}},"_links":{"self":[{"href":"https:\/\/www.larazondexico.com.mx\/index.php?rest_route=\/wp\/v2\/posts\/3271","targetHints":{"allow":["GET"]}}],"collection":[{"href":"https:\/\/www.larazondexico.com.mx\/index.php?rest_route=\/wp\/v2\/posts"}],"about":[{"href":"https:\/\/www.larazondexico.com.mx\/index.php?rest_route=\/wp\/v2\/types\/post"}],"author":[{"embeddable":true,"href":"https:\/\/www.larazondexico.com.mx\/index.php?rest_route=\/wp\/v2\/users\/2"}],"replies":[{"embeddable":true,"href":"https:\/\/www.larazondexico.com.mx\/index.php?rest_route=%2Fwp%2Fv2%2Fcomments&post=3271"}],"version-history":[{"count":1,"href":"https:\/\/www.larazondexico.com.mx\/index.php?rest_route=\/wp\/v2\/posts\/3271\/revisions"}],"predecessor-version":[{"id":3274,"href":"https:\/\/www.larazondexico.com.mx\/index.php?rest_route=\/wp\/v2\/posts\/3271\/revisions\/3274"}],"wp:featuredmedia":[{"embeddable":true,"href":"https:\/\/www.larazondexico.com.mx\/index.php?rest_route=\/wp\/v2\/media\/3273"}],"wp:attachment":[{"href":"https:\/\/www.larazondexico.com.mx\/index.php?rest_route=%2Fwp%2Fv2%2Fmedia&parent=3271"}],"wp:term":[{"taxonomy":"category","embeddable":true,"href":"https:\/\/www.larazondexico.com.mx\/index.php?rest_route=%2Fwp%2Fv2%2Fcategories&post=3271"},{"taxonomy":"post_tag","embeddable":true,"href":"https:\/\/www.larazondexico.com.mx\/index.php?rest_route=%2Fwp%2Fv2%2Ftags&post=3271"}],"curies":[{"name":"wp","href":"https:\/\/api.w.org\/{rel}","templated":true}]}}