{"id":2760,"date":"2026-03-01T17:38:14","date_gmt":"2026-03-01T23:38:14","guid":{"rendered":"https:\/\/www.larazondexico.com.mx\/?p=2760"},"modified":"2026-03-01T17:38:18","modified_gmt":"2026-03-01T23:38:18","slug":"la-familia-como-eje-principal-de-todas-nuestras-acciones-c-p-martha-uresti-de-budarth","status":"publish","type":"post","link":"https:\/\/www.larazondexico.com.mx\/?p=2760","title":{"rendered":"\u00abLA FAMILIA COMO EJE PRINCIPAL DE TODAS NUESTRAS ACCIONES\u00bb, C.P. MARTHA URESTI DE BUDARTH."},"content":{"rendered":"\n<p>Ocampo, Tamaulipas.-(Escribe Juan Jos\u00e9 Contreras Gonz\u00e1lez).-Al conmemorarse hoy el dia de la Familia, en M\u00e9xico,  La Presidenta del Sistema Para el Desarrollo Integral de la Familia C.p. Martha Uresti de Budarth, precis\u00f3 que \u00abLa Familia, siempre debe de ser el eje principal de todas nuestras acciones, en nuestros espacios de vida profesionista\u00bb.<\/p>\n\n\n\n<p>Acompa\u00f1ada de su esposo el alcalde Melchor Budarth B\u00e1ez y de sus hijos, la primera dama del municipio, expreso su satisfacci\u00f3n, porque en nuestro Pueblo, la educaci\u00f3n de nuestros hijos, parten de personajes, que siempre recibieron su educaci\u00f3n basada en el desarrollo de la familia, y cuando este n\u00facleo de nutre de una buena educaci\u00f3n, su soporte son solidos y fuertes.<\/p>\n\n\n\n<p>Y reafirmo por eso hoy que Celebramos el Dia de la Familia, en nuestro Pais, quiero enviar nuestras mas sinceras felicitaciones a todas las familias de nuestro querido Ocampo, decirles  que el Gobierno Municipal de Melchor Budarth Baez, esta firme en brindar todo el respaldo a las familias de este municipio.<\/p>\n\n\n\n<p><\/p>\n\n\n\n<p><\/p>\n\n\n\n<p><\/p>\n\n\n\n<p>2<\/p>\n\n\n\n<p>2<\/p>\n","protected":false},"excerpt":{"rendered":"<p>Ocampo, Tamaulipas.-(Escribe Juan Jos\u00e9 Contreras Gonz\u00e1lez).-Al conmemorarse hoy el dia de la Familia, en M\u00e9xico, La Presidenta del Sistema Para el Desarrollo Integral de la Familia C.p. Martha Uresti de Budarth, precis\u00f3 que \u00abLa Familia, siempre debe de ser el eje principal de todas nuestras acciones, en nuestros espacios de vida profesionista\u00bb. Acompa\u00f1ada de su&#8230;<\/p>\n","protected":false},"author":2,"featured_media":2761,"comment_status":"closed","ping_status":"closed","sticky":false,"template":"","format":"standard","meta":{"footnotes":""},"categories":[12],"tags":[],"class_list":["post-2760","post","type-post","status-publish","format-standard","has-post-thumbnail","hentry","category-ocampo"],"yoast_head":"<!-- This site is optimized with the Yoast SEO plugin v25.6 - https:\/\/yoast.com\/wordpress\/plugins\/seo\/ -->\n<title>&quot;LA FAMILIA COMO EJE PRINCIPAL DE TODAS NUESTRAS ACCIONES&quot;, C.P. MARTHA URESTI DE BUDARTH. - La Raz\u00f3n de Xico - Presencia Informativa en el estado<\/title>\n<meta name=\"robots\" content=\"index, follow, max-snippet:-1, max-image-preview:large, max-video-preview:-1\" \/>\n<link rel=\"canonical\" href=\"https:\/\/www.larazondexico.com.mx\/?p=2760\" \/>\n<meta property=\"og:locale\" content=\"es_ES\" \/>\n<meta property=\"og:type\" content=\"article\" \/>\n<meta property=\"og:title\" content=\"&quot;LA FAMILIA COMO EJE PRINCIPAL DE TODAS NUESTRAS ACCIONES&quot;, C.P. MARTHA URESTI DE BUDARTH. - La Raz\u00f3n de Xico - Presencia Informativa en el estado\" \/>\n<meta property=\"og:description\" content=\"Ocampo, Tamaulipas.-(Escribe Juan Jos\u00e9 Contreras Gonz\u00e1lez).-Al conmemorarse hoy el dia de la Familia, en M\u00e9xico, La Presidenta del Sistema Para el Desarrollo Integral de la Familia C.p. Martha Uresti de Budarth, precis\u00f3 que \u00abLa Familia, siempre debe de ser el eje principal de todas nuestras acciones, en nuestros espacios de vida profesionista\u00bb. Acompa\u00f1ada de su...\" \/>\n<meta property=\"og:url\" content=\"https:\/\/www.larazondexico.com.mx\/?p=2760\" \/>\n<meta property=\"og:site_name\" content=\"La Raz\u00f3n de Xico - Presencia Informativa en el estado\" \/>\n<meta property=\"article:published_time\" content=\"2026-03-01T23:38:14+00:00\" \/>\n<meta property=\"article:modified_time\" content=\"2026-03-01T23:38:18+00:00\" \/>\n<meta property=\"og:image\" content=\"https:\/\/www.larazondexico.com.mx\/wp-content\/uploads\/2026\/03\/familia-ocampo.jpg\" \/>\n\t<meta property=\"og:image:width\" content=\"1440\" \/>\n\t<meta property=\"og:image:height\" content=\"810\" \/>\n\t<meta property=\"og:image:type\" content=\"image\/jpeg\" \/>\n<meta name=\"author\" content=\"Juan Jos\u00e9 Contreras Gonz\u00e1lez\" \/>\n<meta name=\"twitter:card\" content=\"summary_large_image\" \/>\n<meta name=\"twitter:label1\" content=\"Escrito por\" \/>\n\t<meta name=\"twitter:data1\" content=\"Juan Jos\u00e9 Contreras Gonz\u00e1lez\" \/>\n\t<meta name=\"twitter:label2\" content=\"Tiempo de lectura\" \/>\n\t<meta name=\"twitter:data2\" content=\"1 minuto\" \/>\n<script type=\"application\/ld+json\" class=\"yoast-schema-graph\">{\"@context\":\"https:\/\/schema.org\",\"@graph\":[{\"@type\":\"WebPage\",\"@id\":\"https:\/\/www.larazondexico.com.mx\/?p=2760\",\"url\":\"https:\/\/www.larazondexico.com.mx\/?p=2760\",\"name\":\"\\\"LA FAMILIA COMO EJE PRINCIPAL DE TODAS NUESTRAS ACCIONES\\\", C.P. MARTHA URESTI DE BUDARTH. - La Raz\u00f3n de Xico - Presencia Informativa en el estado\",\"isPartOf\":{\"@id\":\"https:\/\/www.larazondexico.com.mx\/#website\"},\"primaryImageOfPage\":{\"@id\":\"https:\/\/www.larazondexico.com.mx\/?p=2760#primaryimage\"},\"image\":{\"@id\":\"https:\/\/www.larazondexico.com.mx\/?p=2760#primaryimage\"},\"thumbnailUrl\":\"https:\/\/www.larazondexico.com.mx\/wp-content\/uploads\/2026\/03\/familia-ocampo.jpg\",\"datePublished\":\"2026-03-01T23:38:14+00:00\",\"dateModified\":\"2026-03-01T23:38:18+00:00\",\"author\":{\"@id\":\"https:\/\/www.larazondexico.com.mx\/#\/schema\/person\/b10ea8a31f9b2f34c2ec8835ba5d1318\"},\"breadcrumb\":{\"@id\":\"https:\/\/www.larazondexico.com.mx\/?p=2760#breadcrumb\"},\"inLanguage\":\"es\",\"potentialAction\":[{\"@type\":\"ReadAction\",\"target\":[\"https:\/\/www.larazondexico.com.mx\/?p=2760\"]}]},{\"@type\":\"ImageObject\",\"inLanguage\":\"es\",\"@id\":\"https:\/\/www.larazondexico.com.mx\/?p=2760#primaryimage\",\"url\":\"https:\/\/www.larazondexico.com.mx\/wp-content\/uploads\/2026\/03\/familia-ocampo.jpg\",\"contentUrl\":\"https:\/\/www.larazondexico.com.mx\/wp-content\/uploads\/2026\/03\/familia-ocampo.jpg\",\"width\":1440,\"height\":810},{\"@type\":\"BreadcrumbList\",\"@id\":\"https:\/\/www.larazondexico.com.mx\/?p=2760#breadcrumb\",\"itemListElement\":[{\"@type\":\"ListItem\",\"position\":1,\"name\":\"Portada\",\"item\":\"https:\/\/www.larazondexico.com.mx\/\"},{\"@type\":\"ListItem\",\"position\":2,\"name\":\"\u00abLA FAMILIA COMO EJE PRINCIPAL DE TODAS NUESTRAS ACCIONES\u00bb, C.P. MARTHA URESTI DE BUDARTH.\"}]},{\"@type\":\"WebSite\",\"@id\":\"https:\/\/www.larazondexico.com.mx\/#website\",\"url\":\"https:\/\/www.larazondexico.com.mx\/\",\"name\":\"La Raz\u00f3n de Xico - Presencia Informativa en el estado\",\"description\":\"\",\"potentialAction\":[{\"@type\":\"SearchAction\",\"target\":{\"@type\":\"EntryPoint\",\"urlTemplate\":\"https:\/\/www.larazondexico.com.mx\/?s={search_term_string}\"},\"query-input\":{\"@type\":\"PropertyValueSpecification\",\"valueRequired\":true,\"valueName\":\"search_term_string\"}}],\"inLanguage\":\"es\"},{\"@type\":\"Person\",\"@id\":\"https:\/\/www.larazondexico.com.mx\/#\/schema\/person\/b10ea8a31f9b2f34c2ec8835ba5d1318\",\"name\":\"Juan Jos\u00e9 Contreras Gonz\u00e1lez\",\"image\":{\"@type\":\"ImageObject\",\"inLanguage\":\"es\",\"@id\":\"https:\/\/www.larazondexico.com.mx\/#\/schema\/person\/image\/\",\"url\":\"https:\/\/secure.gravatar.com\/avatar\/2b2a34677c3407f25b56188b4c2ca478?s=96&d=mm&r=g\",\"contentUrl\":\"https:\/\/secure.gravatar.com\/avatar\/2b2a34677c3407f25b56188b4c2ca478?s=96&d=mm&r=g\",\"caption\":\"Juan Jos\u00e9 Contreras Gonz\u00e1lez\"},\"url\":\"https:\/\/www.larazondexico.com.mx\/?author=2\"}]}<\/script>\n<!-- \/ Yoast SEO plugin. -->","yoast_head_json":{"title":"\"LA FAMILIA COMO EJE PRINCIPAL DE TODAS NUESTRAS ACCIONES\", C.P. MARTHA URESTI DE BUDARTH. - La Raz\u00f3n de Xico - Presencia Informativa en el estado","robots":{"index":"index","follow":"follow","max-snippet":"max-snippet:-1","max-image-preview":"max-image-preview:large","max-video-preview":"max-video-preview:-1"},"canonical":"https:\/\/www.larazondexico.com.mx\/?p=2760","og_locale":"es_ES","og_type":"article","og_title":"\"LA FAMILIA COMO EJE PRINCIPAL DE TODAS NUESTRAS ACCIONES\", C.P. MARTHA URESTI DE BUDARTH. - La Raz\u00f3n de Xico - Presencia Informativa en el estado","og_description":"Ocampo, Tamaulipas.-(Escribe Juan Jos\u00e9 Contreras Gonz\u00e1lez).-Al conmemorarse hoy el dia de la Familia, en M\u00e9xico, La Presidenta del Sistema Para el Desarrollo Integral de la Familia C.p. Martha Uresti de Budarth, precis\u00f3 que \u00abLa Familia, siempre debe de ser el eje principal de todas nuestras acciones, en nuestros espacios de vida profesionista\u00bb. Acompa\u00f1ada de su...","og_url":"https:\/\/www.larazondexico.com.mx\/?p=2760","og_site_name":"La Raz\u00f3n de Xico - Presencia Informativa en el estado","article_published_time":"2026-03-01T23:38:14+00:00","article_modified_time":"2026-03-01T23:38:18+00:00","og_image":[{"width":1440,"height":810,"url":"https:\/\/www.larazondexico.com.mx\/wp-content\/uploads\/2026\/03\/familia-ocampo.jpg","type":"image\/jpeg"}],"author":"Juan Jos\u00e9 Contreras Gonz\u00e1lez","twitter_card":"summary_large_image","twitter_misc":{"Escrito por":"Juan Jos\u00e9 Contreras Gonz\u00e1lez","Tiempo de lectura":"1 minuto"},"schema":{"@context":"https:\/\/schema.org","@graph":[{"@type":"WebPage","@id":"https:\/\/www.larazondexico.com.mx\/?p=2760","url":"https:\/\/www.larazondexico.com.mx\/?p=2760","name":"\"LA FAMILIA COMO EJE PRINCIPAL DE TODAS NUESTRAS ACCIONES\", C.P. MARTHA URESTI DE BUDARTH. - La Raz\u00f3n de Xico - Presencia Informativa en el estado","isPartOf":{"@id":"https:\/\/www.larazondexico.com.mx\/#website"},"primaryImageOfPage":{"@id":"https:\/\/www.larazondexico.com.mx\/?p=2760#primaryimage"},"image":{"@id":"https:\/\/www.larazondexico.com.mx\/?p=2760#primaryimage"},"thumbnailUrl":"https:\/\/www.larazondexico.com.mx\/wp-content\/uploads\/2026\/03\/familia-ocampo.jpg","datePublished":"2026-03-01T23:38:14+00:00","dateModified":"2026-03-01T23:38:18+00:00","author":{"@id":"https:\/\/www.larazondexico.com.mx\/#\/schema\/person\/b10ea8a31f9b2f34c2ec8835ba5d1318"},"breadcrumb":{"@id":"https:\/\/www.larazondexico.com.mx\/?p=2760#breadcrumb"},"inLanguage":"es","potentialAction":[{"@type":"ReadAction","target":["https:\/\/www.larazondexico.com.mx\/?p=2760"]}]},{"@type":"ImageObject","inLanguage":"es","@id":"https:\/\/www.larazondexico.com.mx\/?p=2760#primaryimage","url":"https:\/\/www.larazondexico.com.mx\/wp-content\/uploads\/2026\/03\/familia-ocampo.jpg","contentUrl":"https:\/\/www.larazondexico.com.mx\/wp-content\/uploads\/2026\/03\/familia-ocampo.jpg","width":1440,"height":810},{"@type":"BreadcrumbList","@id":"https:\/\/www.larazondexico.com.mx\/?p=2760#breadcrumb","itemListElement":[{"@type":"ListItem","position":1,"name":"Portada","item":"https:\/\/www.larazondexico.com.mx\/"},{"@type":"ListItem","position":2,"name":"\u00abLA FAMILIA COMO EJE PRINCIPAL DE TODAS NUESTRAS ACCIONES\u00bb, C.P. MARTHA URESTI DE BUDARTH."}]},{"@type":"WebSite","@id":"https:\/\/www.larazondexico.com.mx\/#website","url":"https:\/\/www.larazondexico.com.mx\/","name":"La Raz\u00f3n de Xico - Presencia Informativa en el estado","description":"","potentialAction":[{"@type":"SearchAction","target":{"@type":"EntryPoint","urlTemplate":"https:\/\/www.larazondexico.com.mx\/?s={search_term_string}"},"query-input":{"@type":"PropertyValueSpecification","valueRequired":true,"valueName":"search_term_string"}}],"inLanguage":"es"},{"@type":"Person","@id":"https:\/\/www.larazondexico.com.mx\/#\/schema\/person\/b10ea8a31f9b2f34c2ec8835ba5d1318","name":"Juan Jos\u00e9 Contreras Gonz\u00e1lez","image":{"@type":"ImageObject","inLanguage":"es","@id":"https:\/\/www.larazondexico.com.mx\/#\/schema\/person\/image\/","url":"https:\/\/secure.gravatar.com\/avatar\/2b2a34677c3407f25b56188b4c2ca478?s=96&d=mm&r=g","contentUrl":"https:\/\/secure.gravatar.com\/avatar\/2b2a34677c3407f25b56188b4c2ca478?s=96&d=mm&r=g","caption":"Juan Jos\u00e9 Contreras Gonz\u00e1lez"},"url":"https:\/\/www.larazondexico.com.mx\/?author=2"}]}},"_links":{"self":[{"href":"https:\/\/www.larazondexico.com.mx\/index.php?rest_route=\/wp\/v2\/posts\/2760","targetHints":{"allow":["GET"]}}],"collection":[{"href":"https:\/\/www.larazondexico.com.mx\/index.php?rest_route=\/wp\/v2\/posts"}],"about":[{"href":"https:\/\/www.larazondexico.com.mx\/index.php?rest_route=\/wp\/v2\/types\/post"}],"author":[{"embeddable":true,"href":"https:\/\/www.larazondexico.com.mx\/index.php?rest_route=\/wp\/v2\/users\/2"}],"replies":[{"embeddable":true,"href":"https:\/\/www.larazondexico.com.mx\/index.php?rest_route=%2Fwp%2Fv2%2Fcomments&post=2760"}],"version-history":[{"count":1,"href":"https:\/\/www.larazondexico.com.mx\/index.php?rest_route=\/wp\/v2\/posts\/2760\/revisions"}],"predecessor-version":[{"id":2762,"href":"https:\/\/www.larazondexico.com.mx\/index.php?rest_route=\/wp\/v2\/posts\/2760\/revisions\/2762"}],"wp:featuredmedia":[{"embeddable":true,"href":"https:\/\/www.larazondexico.com.mx\/index.php?rest_route=\/wp\/v2\/media\/2761"}],"wp:attachment":[{"href":"https:\/\/www.larazondexico.com.mx\/index.php?rest_route=%2Fwp%2Fv2%2Fmedia&parent=2760"}],"wp:term":[{"taxonomy":"category","embeddable":true,"href":"https:\/\/www.larazondexico.com.mx\/index.php?rest_route=%2Fwp%2Fv2%2Fcategories&post=2760"},{"taxonomy":"post_tag","embeddable":true,"href":"https:\/\/www.larazondexico.com.mx\/index.php?rest_route=%2Fwp%2Fv2%2Ftags&post=2760"}],"curies":[{"name":"wp","href":"https:\/\/api.w.org\/{rel}","templated":true}]}}