{"id":2735,"date":"2026-02-27T12:06:03","date_gmt":"2026-02-27T18:06:03","guid":{"rendered":"https:\/\/www.larazondexico.com.mx\/?p=2735"},"modified":"2026-02-27T12:06:08","modified_gmt":"2026-02-27T18:06:08","slug":"acude-melchor-budarth-baez-ala-telesecundaria-el-ejido-francisco-medrano-en-ocampo","status":"publish","type":"post","link":"https:\/\/www.larazondexico.com.mx\/?p=2735","title":{"rendered":"ACUDE MELCHOR BUDARTH BAEZ, ALA TELESECUNDARIA EL EJIDO FRANCISCO MEDRANO EN OCAMPO."},"content":{"rendered":"\n<p>Ocampo, Tamaulipas.-(Escribe Juan Jos\u00e9 Contreras Gonz\u00e1lez).-El alcalde Melchor Budarth B\u00e1ez y su esposa Martha Uresti de  Budarth, acudieron a las instalaciones de la Telesecundaria  \u00abMaestro Luis Humberto Hinojosa Ochoa\u00bb, del ejido Francisco Medrano, de este municipio, en donde en un franco dialogo con estudiantes, maestros y Director de la misma para analizar la situaci\u00f3n por la que viene atravesando dicho plantel educativo.<\/p>\n\n\n\n<p>Cabe destacar que en el recorrido por el plantel, el alcalde Melchor Budarth Baez, le fueron planteadas las necesidades de la instituci\u00f3n, con el \u00fanico prop\u00f3sito de que de acuerdo a los programas de beneficio a la educaci\u00f3n,. la Telesecundaria  sea incluida en los mismos, y as\u00ed sea beneficiada como otros planteles educativos han recibido la mano amiga del alcalde.<\/p>\n\n\n\n<p>Por su parte el alcalde Budarth Baez, menciono que el trabajo coordinado entre Gobierno y Com unidad educativa es primordial para darle el impulso que requiere la educacion y asi tener buenos espacios educativos para que las ni\u00f1as y ni\u00f1os acudan a recibir su instrucci\u00f3n educativa, por ello reitero mi compromiso que habremos de empezar lo mas pronto posible en darle soluci\u00f3n algunos planteamientos que hoy nos ha hecho, indic\u00f3 el alcalde.<\/p>\n\n\n\n<p><a href=\"https:\/\/www.facebook.com\/hashtag\/gobiernodeocampo?__eep__=6&amp;__cft__[0]=AZYVAsR7IJNvQ1x_Z9Y7zrbtQwFOfqBHubGT2BSTLAzZpXp23vkTfV4A-NOJNm_eHuQ4BV7n8tJ3KBmOndyQKoU7VJIu-oNKIY95fThCI0yp5sKCc1kUkscNcToZf-iHn8diZISj3zB3orxGjB97oLnckLeqoFDKL4OYi6IV4Q83LzJDCMqPhsP3W9oL2wOvpn6m90cwcyO6TCQVzlr7wqkh&amp;__tn__=*NK-R\">#GobiernoDeOcampo<\/a><a href=\"https:\/\/www.facebook.com\/hashtag\/mascercadenuestragente?__eep__=6&amp;__cft__[0]=AZYVAsR7IJNvQ1x_Z9Y7zrbtQwFOfqBHubGT2BSTLAzZpXp23vkTfV4A-NOJNm_eHuQ4BV7n8tJ3KBmOndyQKoU7VJIu-oNKIY95fThCI0yp5sKCc1kUkscNcToZf-iHn8diZISj3zB3orxGjB97oLnckLeqoFDKL4OYi6IV4Q83LzJDCMqPhsP3W9oL2wOvpn6m90cwcyO6TCQVzlr7wqkh&amp;__tn__=*NK-R\">#MasCercaDeNuestraGente<\/a><\/p>\n","protected":false},"excerpt":{"rendered":"<p>Ocampo, Tamaulipas.-(Escribe Juan Jos\u00e9 Contreras Gonz\u00e1lez).-El alcalde Melchor Budarth B\u00e1ez y su esposa Martha Uresti de Budarth, acudieron a las instalaciones de la Telesecundaria \u00abMaestro Luis Humberto Hinojosa Ochoa\u00bb, del ejido Francisco Medrano, de este municipio, en donde en un franco dialogo con estudiantes, maestros y Director de la misma para analizar la situaci\u00f3n por&#8230;<\/p>\n","protected":false},"author":2,"featured_media":2736,"comment_status":"closed","ping_status":"closed","sticky":false,"template":"","format":"standard","meta":{"footnotes":""},"categories":[12],"tags":[],"class_list":["post-2735","post","type-post","status-publish","format-standard","has-post-thumbnail","hentry","category-ocampo"],"yoast_head":"<!-- This site is optimized with the Yoast SEO plugin v25.6 - https:\/\/yoast.com\/wordpress\/plugins\/seo\/ -->\n<title>ACUDE MELCHOR BUDARTH BAEZ, ALA TELESECUNDARIA EL EJIDO FRANCISCO MEDRANO EN OCAMPO. - La Raz\u00f3n de Xico - Presencia Informativa en el estado<\/title>\n<meta name=\"robots\" content=\"index, follow, max-snippet:-1, max-image-preview:large, max-video-preview:-1\" \/>\n<link rel=\"canonical\" href=\"https:\/\/www.larazondexico.com.mx\/?p=2735\" \/>\n<meta property=\"og:locale\" content=\"es_ES\" \/>\n<meta property=\"og:type\" content=\"article\" \/>\n<meta property=\"og:title\" content=\"ACUDE MELCHOR BUDARTH BAEZ, ALA TELESECUNDARIA EL EJIDO FRANCISCO MEDRANO EN OCAMPO. - La Raz\u00f3n de Xico - Presencia Informativa en el estado\" \/>\n<meta property=\"og:description\" content=\"Ocampo, Tamaulipas.-(Escribe Juan Jos\u00e9 Contreras Gonz\u00e1lez).-El alcalde Melchor Budarth B\u00e1ez y su esposa Martha Uresti de Budarth, acudieron a las instalaciones de la Telesecundaria \u00abMaestro Luis Humberto Hinojosa Ochoa\u00bb, del ejido Francisco Medrano, de este municipio, en donde en un franco dialogo con estudiantes, maestros y Director de la misma para analizar la situaci\u00f3n por...\" \/>\n<meta property=\"og:url\" content=\"https:\/\/www.larazondexico.com.mx\/?p=2735\" \/>\n<meta property=\"og:site_name\" content=\"La Raz\u00f3n de Xico - Presencia Informativa en el estado\" \/>\n<meta property=\"article:published_time\" content=\"2026-02-27T18:06:03+00:00\" \/>\n<meta property=\"article:modified_time\" content=\"2026-02-27T18:06:08+00:00\" \/>\n<meta property=\"og:image\" content=\"https:\/\/www.larazondexico.com.mx\/wp-content\/uploads\/2026\/02\/telesecundaria.jpg\" \/>\n\t<meta property=\"og:image:width\" content=\"1600\" \/>\n\t<meta property=\"og:image:height\" content=\"1200\" \/>\n\t<meta property=\"og:image:type\" content=\"image\/jpeg\" \/>\n<meta name=\"author\" content=\"Juan Jos\u00e9 Contreras Gonz\u00e1lez\" \/>\n<meta name=\"twitter:card\" content=\"summary_large_image\" \/>\n<meta name=\"twitter:label1\" content=\"Escrito por\" \/>\n\t<meta name=\"twitter:data1\" content=\"Juan Jos\u00e9 Contreras Gonz\u00e1lez\" \/>\n\t<meta name=\"twitter:label2\" content=\"Tiempo de lectura\" \/>\n\t<meta name=\"twitter:data2\" content=\"2 minutos\" \/>\n<script type=\"application\/ld+json\" class=\"yoast-schema-graph\">{\"@context\":\"https:\/\/schema.org\",\"@graph\":[{\"@type\":\"WebPage\",\"@id\":\"https:\/\/www.larazondexico.com.mx\/?p=2735\",\"url\":\"https:\/\/www.larazondexico.com.mx\/?p=2735\",\"name\":\"ACUDE MELCHOR BUDARTH BAEZ, ALA TELESECUNDARIA EL EJIDO FRANCISCO MEDRANO EN OCAMPO. - La Raz\u00f3n de Xico - Presencia Informativa en el estado\",\"isPartOf\":{\"@id\":\"https:\/\/www.larazondexico.com.mx\/#website\"},\"primaryImageOfPage\":{\"@id\":\"https:\/\/www.larazondexico.com.mx\/?p=2735#primaryimage\"},\"image\":{\"@id\":\"https:\/\/www.larazondexico.com.mx\/?p=2735#primaryimage\"},\"thumbnailUrl\":\"https:\/\/www.larazondexico.com.mx\/wp-content\/uploads\/2026\/02\/telesecundaria.jpg\",\"datePublished\":\"2026-02-27T18:06:03+00:00\",\"dateModified\":\"2026-02-27T18:06:08+00:00\",\"author\":{\"@id\":\"https:\/\/www.larazondexico.com.mx\/#\/schema\/person\/b10ea8a31f9b2f34c2ec8835ba5d1318\"},\"breadcrumb\":{\"@id\":\"https:\/\/www.larazondexico.com.mx\/?p=2735#breadcrumb\"},\"inLanguage\":\"es\",\"potentialAction\":[{\"@type\":\"ReadAction\",\"target\":[\"https:\/\/www.larazondexico.com.mx\/?p=2735\"]}]},{\"@type\":\"ImageObject\",\"inLanguage\":\"es\",\"@id\":\"https:\/\/www.larazondexico.com.mx\/?p=2735#primaryimage\",\"url\":\"https:\/\/www.larazondexico.com.mx\/wp-content\/uploads\/2026\/02\/telesecundaria.jpg\",\"contentUrl\":\"https:\/\/www.larazondexico.com.mx\/wp-content\/uploads\/2026\/02\/telesecundaria.jpg\",\"width\":1600,\"height\":1200},{\"@type\":\"BreadcrumbList\",\"@id\":\"https:\/\/www.larazondexico.com.mx\/?p=2735#breadcrumb\",\"itemListElement\":[{\"@type\":\"ListItem\",\"position\":1,\"name\":\"Portada\",\"item\":\"https:\/\/www.larazondexico.com.mx\/\"},{\"@type\":\"ListItem\",\"position\":2,\"name\":\"ACUDE MELCHOR BUDARTH BAEZ, ALA TELESECUNDARIA EL EJIDO FRANCISCO MEDRANO EN OCAMPO.\"}]},{\"@type\":\"WebSite\",\"@id\":\"https:\/\/www.larazondexico.com.mx\/#website\",\"url\":\"https:\/\/www.larazondexico.com.mx\/\",\"name\":\"La Raz\u00f3n de Xico - Presencia Informativa en el estado\",\"description\":\"\",\"potentialAction\":[{\"@type\":\"SearchAction\",\"target\":{\"@type\":\"EntryPoint\",\"urlTemplate\":\"https:\/\/www.larazondexico.com.mx\/?s={search_term_string}\"},\"query-input\":{\"@type\":\"PropertyValueSpecification\",\"valueRequired\":true,\"valueName\":\"search_term_string\"}}],\"inLanguage\":\"es\"},{\"@type\":\"Person\",\"@id\":\"https:\/\/www.larazondexico.com.mx\/#\/schema\/person\/b10ea8a31f9b2f34c2ec8835ba5d1318\",\"name\":\"Juan Jos\u00e9 Contreras Gonz\u00e1lez\",\"image\":{\"@type\":\"ImageObject\",\"inLanguage\":\"es\",\"@id\":\"https:\/\/www.larazondexico.com.mx\/#\/schema\/person\/image\/\",\"url\":\"https:\/\/secure.gravatar.com\/avatar\/2b2a34677c3407f25b56188b4c2ca478?s=96&d=mm&r=g\",\"contentUrl\":\"https:\/\/secure.gravatar.com\/avatar\/2b2a34677c3407f25b56188b4c2ca478?s=96&d=mm&r=g\",\"caption\":\"Juan Jos\u00e9 Contreras Gonz\u00e1lez\"},\"url\":\"https:\/\/www.larazondexico.com.mx\/?author=2\"}]}<\/script>\n<!-- \/ Yoast SEO plugin. -->","yoast_head_json":{"title":"ACUDE MELCHOR BUDARTH BAEZ, ALA TELESECUNDARIA EL EJIDO FRANCISCO MEDRANO EN OCAMPO. - La Raz\u00f3n de Xico - Presencia Informativa en el estado","robots":{"index":"index","follow":"follow","max-snippet":"max-snippet:-1","max-image-preview":"max-image-preview:large","max-video-preview":"max-video-preview:-1"},"canonical":"https:\/\/www.larazondexico.com.mx\/?p=2735","og_locale":"es_ES","og_type":"article","og_title":"ACUDE MELCHOR BUDARTH BAEZ, ALA TELESECUNDARIA EL EJIDO FRANCISCO MEDRANO EN OCAMPO. - La Raz\u00f3n de Xico - Presencia Informativa en el estado","og_description":"Ocampo, Tamaulipas.-(Escribe Juan Jos\u00e9 Contreras Gonz\u00e1lez).-El alcalde Melchor Budarth B\u00e1ez y su esposa Martha Uresti de Budarth, acudieron a las instalaciones de la Telesecundaria \u00abMaestro Luis Humberto Hinojosa Ochoa\u00bb, del ejido Francisco Medrano, de este municipio, en donde en un franco dialogo con estudiantes, maestros y Director de la misma para analizar la situaci\u00f3n por...","og_url":"https:\/\/www.larazondexico.com.mx\/?p=2735","og_site_name":"La Raz\u00f3n de Xico - Presencia Informativa en el estado","article_published_time":"2026-02-27T18:06:03+00:00","article_modified_time":"2026-02-27T18:06:08+00:00","og_image":[{"width":1600,"height":1200,"url":"https:\/\/www.larazondexico.com.mx\/wp-content\/uploads\/2026\/02\/telesecundaria.jpg","type":"image\/jpeg"}],"author":"Juan Jos\u00e9 Contreras Gonz\u00e1lez","twitter_card":"summary_large_image","twitter_misc":{"Escrito por":"Juan Jos\u00e9 Contreras Gonz\u00e1lez","Tiempo de lectura":"2 minutos"},"schema":{"@context":"https:\/\/schema.org","@graph":[{"@type":"WebPage","@id":"https:\/\/www.larazondexico.com.mx\/?p=2735","url":"https:\/\/www.larazondexico.com.mx\/?p=2735","name":"ACUDE MELCHOR BUDARTH BAEZ, ALA TELESECUNDARIA EL EJIDO FRANCISCO MEDRANO EN OCAMPO. - La Raz\u00f3n de Xico - Presencia Informativa en el estado","isPartOf":{"@id":"https:\/\/www.larazondexico.com.mx\/#website"},"primaryImageOfPage":{"@id":"https:\/\/www.larazondexico.com.mx\/?p=2735#primaryimage"},"image":{"@id":"https:\/\/www.larazondexico.com.mx\/?p=2735#primaryimage"},"thumbnailUrl":"https:\/\/www.larazondexico.com.mx\/wp-content\/uploads\/2026\/02\/telesecundaria.jpg","datePublished":"2026-02-27T18:06:03+00:00","dateModified":"2026-02-27T18:06:08+00:00","author":{"@id":"https:\/\/www.larazondexico.com.mx\/#\/schema\/person\/b10ea8a31f9b2f34c2ec8835ba5d1318"},"breadcrumb":{"@id":"https:\/\/www.larazondexico.com.mx\/?p=2735#breadcrumb"},"inLanguage":"es","potentialAction":[{"@type":"ReadAction","target":["https:\/\/www.larazondexico.com.mx\/?p=2735"]}]},{"@type":"ImageObject","inLanguage":"es","@id":"https:\/\/www.larazondexico.com.mx\/?p=2735#primaryimage","url":"https:\/\/www.larazondexico.com.mx\/wp-content\/uploads\/2026\/02\/telesecundaria.jpg","contentUrl":"https:\/\/www.larazondexico.com.mx\/wp-content\/uploads\/2026\/02\/telesecundaria.jpg","width":1600,"height":1200},{"@type":"BreadcrumbList","@id":"https:\/\/www.larazondexico.com.mx\/?p=2735#breadcrumb","itemListElement":[{"@type":"ListItem","position":1,"name":"Portada","item":"https:\/\/www.larazondexico.com.mx\/"},{"@type":"ListItem","position":2,"name":"ACUDE MELCHOR BUDARTH BAEZ, ALA TELESECUNDARIA EL EJIDO FRANCISCO MEDRANO EN OCAMPO."}]},{"@type":"WebSite","@id":"https:\/\/www.larazondexico.com.mx\/#website","url":"https:\/\/www.larazondexico.com.mx\/","name":"La Raz\u00f3n de Xico - Presencia Informativa en el estado","description":"","potentialAction":[{"@type":"SearchAction","target":{"@type":"EntryPoint","urlTemplate":"https:\/\/www.larazondexico.com.mx\/?s={search_term_string}"},"query-input":{"@type":"PropertyValueSpecification","valueRequired":true,"valueName":"search_term_string"}}],"inLanguage":"es"},{"@type":"Person","@id":"https:\/\/www.larazondexico.com.mx\/#\/schema\/person\/b10ea8a31f9b2f34c2ec8835ba5d1318","name":"Juan Jos\u00e9 Contreras Gonz\u00e1lez","image":{"@type":"ImageObject","inLanguage":"es","@id":"https:\/\/www.larazondexico.com.mx\/#\/schema\/person\/image\/","url":"https:\/\/secure.gravatar.com\/avatar\/2b2a34677c3407f25b56188b4c2ca478?s=96&d=mm&r=g","contentUrl":"https:\/\/secure.gravatar.com\/avatar\/2b2a34677c3407f25b56188b4c2ca478?s=96&d=mm&r=g","caption":"Juan Jos\u00e9 Contreras Gonz\u00e1lez"},"url":"https:\/\/www.larazondexico.com.mx\/?author=2"}]}},"_links":{"self":[{"href":"https:\/\/www.larazondexico.com.mx\/index.php?rest_route=\/wp\/v2\/posts\/2735","targetHints":{"allow":["GET"]}}],"collection":[{"href":"https:\/\/www.larazondexico.com.mx\/index.php?rest_route=\/wp\/v2\/posts"}],"about":[{"href":"https:\/\/www.larazondexico.com.mx\/index.php?rest_route=\/wp\/v2\/types\/post"}],"author":[{"embeddable":true,"href":"https:\/\/www.larazondexico.com.mx\/index.php?rest_route=\/wp\/v2\/users\/2"}],"replies":[{"embeddable":true,"href":"https:\/\/www.larazondexico.com.mx\/index.php?rest_route=%2Fwp%2Fv2%2Fcomments&post=2735"}],"version-history":[{"count":1,"href":"https:\/\/www.larazondexico.com.mx\/index.php?rest_route=\/wp\/v2\/posts\/2735\/revisions"}],"predecessor-version":[{"id":2737,"href":"https:\/\/www.larazondexico.com.mx\/index.php?rest_route=\/wp\/v2\/posts\/2735\/revisions\/2737"}],"wp:featuredmedia":[{"embeddable":true,"href":"https:\/\/www.larazondexico.com.mx\/index.php?rest_route=\/wp\/v2\/media\/2736"}],"wp:attachment":[{"href":"https:\/\/www.larazondexico.com.mx\/index.php?rest_route=%2Fwp%2Fv2%2Fmedia&parent=2735"}],"wp:term":[{"taxonomy":"category","embeddable":true,"href":"https:\/\/www.larazondexico.com.mx\/index.php?rest_route=%2Fwp%2Fv2%2Fcategories&post=2735"},{"taxonomy":"post_tag","embeddable":true,"href":"https:\/\/www.larazondexico.com.mx\/index.php?rest_route=%2Fwp%2Fv2%2Ftags&post=2735"}],"curies":[{"name":"wp","href":"https:\/\/api.w.org\/{rel}","templated":true}]}}