{"id":2253,"date":"2025-12-07T14:16:51","date_gmt":"2025-12-07T20:16:51","guid":{"rendered":"https:\/\/www.larazondexico.com.mx\/?p=2253"},"modified":"2025-12-07T14:16:54","modified_gmt":"2025-12-07T20:16:54","slug":"xicotencatl-celebra-el-logro-de-daniela-garcia-bacerott-con-el-premio-estatal-de-la-juventud-2025","status":"publish","type":"post","link":"https:\/\/www.larazondexico.com.mx\/?p=2253","title":{"rendered":"Xicot\u00e9ncatl celebra el logro de Daniela Garc\u00eda Bacerott con el Premio Estatal de la Juventud 2025"},"content":{"rendered":"\n<p>Mariela L\u00f3pez Sosa, Presidenta Municipal de Xicot\u00e9ncatl, reconoce y felicita a la joven Daniela Garc\u00eda Bacerott, otorg\u00e1ndole todo el respaldo de su administraci\u00f3n al talento educativo y a la educaci\u00f3n de las y los j\u00f3venes xicotenquenses, quienes d\u00eda a d\u00eda ponen en alto el nombre del municipio.<\/p>\n\n\n\n<p>El pasado viernes 05 de diciembre, Daniela Garc\u00eda Bacerott recibi\u00f3 el Premio Estatal de la Juventud 2025, en la Categor\u00eda \u201cA\u201d \u2013 Desarrollo Acad\u00e9mico, reconocimiento otorgado por el Gobierno del Estado de Tamaulipas y entregado personalmente por el Gobernador Am\u00e9rico Villarreal Anaya, durante una ceremonia efectuada en el Teatro Amalia G. de Castillo Led\u00f3n, en Ciudad Victoria.<\/p>\n\n\n\n<p>Daniela, quien cursa actualmente el primer semestre de la especialidad en T\u00e9cnico en Programaci\u00f3n en el CBTis 98, ha puesto muy en alto el nombre de Tamaulipas y de su municipio, alcanzando logros a nivel nacional e internacional en diversas modalidades acad\u00e9micas.<\/p>\n\n\n\n<p>La administraci\u00f3n municipal reiter\u00f3 su compromiso con las juventudes, impulsando acciones que fortalezcan su crecimiento acad\u00e9mico y profesional.<\/p>\n\n\n\n<h1 class=\"wp-block-heading\">UnGobiernoQueNosUne<\/h1>\n","protected":false},"excerpt":{"rendered":"<p>Mariela L\u00f3pez Sosa, Presidenta Municipal de Xicot\u00e9ncatl, reconoce y felicita a la joven Daniela Garc\u00eda Bacerott, otorg\u00e1ndole todo el respaldo de su administraci\u00f3n al talento educativo y a la educaci\u00f3n de las y los j\u00f3venes xicotenquenses, quienes d\u00eda a d\u00eda ponen en alto el nombre del municipio. El pasado viernes 05 de diciembre, Daniela Garc\u00eda&#8230;<\/p>\n","protected":false},"author":2,"featured_media":2254,"comment_status":"closed","ping_status":"closed","sticky":false,"template":"","format":"standard","meta":{"footnotes":""},"categories":[12],"tags":[],"class_list":["post-2253","post","type-post","status-publish","format-standard","has-post-thumbnail","hentry","category-ocampo"],"yoast_head":"<!-- This site is optimized with the Yoast SEO plugin v25.6 - https:\/\/yoast.com\/wordpress\/plugins\/seo\/ -->\n<title>Xicot\u00e9ncatl celebra el logro de Daniela Garc\u00eda Bacerott con el Premio Estatal de la Juventud 2025 - La Raz\u00f3n de Xico - Presencia Informativa en el estado<\/title>\n<meta name=\"robots\" content=\"index, follow, max-snippet:-1, max-image-preview:large, max-video-preview:-1\" \/>\n<link rel=\"canonical\" href=\"https:\/\/www.larazondexico.com.mx\/?p=2253\" \/>\n<meta property=\"og:locale\" content=\"es_ES\" \/>\n<meta property=\"og:type\" content=\"article\" \/>\n<meta property=\"og:title\" content=\"Xicot\u00e9ncatl celebra el logro de Daniela Garc\u00eda Bacerott con el Premio Estatal de la Juventud 2025 - La Raz\u00f3n de Xico - Presencia Informativa en el estado\" \/>\n<meta property=\"og:description\" content=\"Mariela L\u00f3pez Sosa, Presidenta Municipal de Xicot\u00e9ncatl, reconoce y felicita a la joven Daniela Garc\u00eda Bacerott, otorg\u00e1ndole todo el respaldo de su administraci\u00f3n al talento educativo y a la educaci\u00f3n de las y los j\u00f3venes xicotenquenses, quienes d\u00eda a d\u00eda ponen en alto el nombre del municipio. El pasado viernes 05 de diciembre, Daniela Garc\u00eda...\" \/>\n<meta property=\"og:url\" content=\"https:\/\/www.larazondexico.com.mx\/?p=2253\" \/>\n<meta property=\"og:site_name\" content=\"La Raz\u00f3n de Xico - Presencia Informativa en el estado\" \/>\n<meta property=\"article:published_time\" content=\"2025-12-07T20:16:51+00:00\" \/>\n<meta property=\"article:modified_time\" content=\"2025-12-07T20:16:54+00:00\" \/>\n<meta property=\"og:image\" content=\"https:\/\/www.larazondexico.com.mx\/wp-content\/uploads\/2025\/12\/premio.jpg\" \/>\n\t<meta property=\"og:image:width\" content=\"1079\" \/>\n\t<meta property=\"og:image:height\" content=\"733\" \/>\n\t<meta property=\"og:image:type\" content=\"image\/jpeg\" \/>\n<meta name=\"author\" content=\"Juan Jos\u00e9 Contreras Gonz\u00e1lez\" \/>\n<meta name=\"twitter:card\" content=\"summary_large_image\" \/>\n<meta name=\"twitter:label1\" content=\"Escrito por\" \/>\n\t<meta name=\"twitter:data1\" content=\"Juan Jos\u00e9 Contreras Gonz\u00e1lez\" \/>\n\t<meta name=\"twitter:label2\" content=\"Tiempo de lectura\" \/>\n\t<meta name=\"twitter:data2\" content=\"1 minuto\" \/>\n<script type=\"application\/ld+json\" class=\"yoast-schema-graph\">{\"@context\":\"https:\/\/schema.org\",\"@graph\":[{\"@type\":\"WebPage\",\"@id\":\"https:\/\/www.larazondexico.com.mx\/?p=2253\",\"url\":\"https:\/\/www.larazondexico.com.mx\/?p=2253\",\"name\":\"Xicot\u00e9ncatl celebra el logro de Daniela Garc\u00eda Bacerott con el Premio Estatal de la Juventud 2025 - La Raz\u00f3n de Xico - Presencia Informativa en el estado\",\"isPartOf\":{\"@id\":\"https:\/\/www.larazondexico.com.mx\/#website\"},\"primaryImageOfPage\":{\"@id\":\"https:\/\/www.larazondexico.com.mx\/?p=2253#primaryimage\"},\"image\":{\"@id\":\"https:\/\/www.larazondexico.com.mx\/?p=2253#primaryimage\"},\"thumbnailUrl\":\"https:\/\/www.larazondexico.com.mx\/wp-content\/uploads\/2025\/12\/premio.jpg\",\"datePublished\":\"2025-12-07T20:16:51+00:00\",\"dateModified\":\"2025-12-07T20:16:54+00:00\",\"author\":{\"@id\":\"https:\/\/www.larazondexico.com.mx\/#\/schema\/person\/b10ea8a31f9b2f34c2ec8835ba5d1318\"},\"breadcrumb\":{\"@id\":\"https:\/\/www.larazondexico.com.mx\/?p=2253#breadcrumb\"},\"inLanguage\":\"es\",\"potentialAction\":[{\"@type\":\"ReadAction\",\"target\":[\"https:\/\/www.larazondexico.com.mx\/?p=2253\"]}]},{\"@type\":\"ImageObject\",\"inLanguage\":\"es\",\"@id\":\"https:\/\/www.larazondexico.com.mx\/?p=2253#primaryimage\",\"url\":\"https:\/\/www.larazondexico.com.mx\/wp-content\/uploads\/2025\/12\/premio.jpg\",\"contentUrl\":\"https:\/\/www.larazondexico.com.mx\/wp-content\/uploads\/2025\/12\/premio.jpg\",\"width\":1079,\"height\":733},{\"@type\":\"BreadcrumbList\",\"@id\":\"https:\/\/www.larazondexico.com.mx\/?p=2253#breadcrumb\",\"itemListElement\":[{\"@type\":\"ListItem\",\"position\":1,\"name\":\"Portada\",\"item\":\"https:\/\/www.larazondexico.com.mx\/\"},{\"@type\":\"ListItem\",\"position\":2,\"name\":\"Xicot\u00e9ncatl celebra el logro de Daniela Garc\u00eda Bacerott con el Premio Estatal de la Juventud 2025\"}]},{\"@type\":\"WebSite\",\"@id\":\"https:\/\/www.larazondexico.com.mx\/#website\",\"url\":\"https:\/\/www.larazondexico.com.mx\/\",\"name\":\"La Raz\u00f3n de Xico - Presencia Informativa en el estado\",\"description\":\"\",\"potentialAction\":[{\"@type\":\"SearchAction\",\"target\":{\"@type\":\"EntryPoint\",\"urlTemplate\":\"https:\/\/www.larazondexico.com.mx\/?s={search_term_string}\"},\"query-input\":{\"@type\":\"PropertyValueSpecification\",\"valueRequired\":true,\"valueName\":\"search_term_string\"}}],\"inLanguage\":\"es\"},{\"@type\":\"Person\",\"@id\":\"https:\/\/www.larazondexico.com.mx\/#\/schema\/person\/b10ea8a31f9b2f34c2ec8835ba5d1318\",\"name\":\"Juan Jos\u00e9 Contreras Gonz\u00e1lez\",\"image\":{\"@type\":\"ImageObject\",\"inLanguage\":\"es\",\"@id\":\"https:\/\/www.larazondexico.com.mx\/#\/schema\/person\/image\/\",\"url\":\"https:\/\/secure.gravatar.com\/avatar\/2b2a34677c3407f25b56188b4c2ca478?s=96&d=mm&r=g\",\"contentUrl\":\"https:\/\/secure.gravatar.com\/avatar\/2b2a34677c3407f25b56188b4c2ca478?s=96&d=mm&r=g\",\"caption\":\"Juan Jos\u00e9 Contreras Gonz\u00e1lez\"},\"url\":\"https:\/\/www.larazondexico.com.mx\/?author=2\"}]}<\/script>\n<!-- \/ Yoast SEO plugin. -->","yoast_head_json":{"title":"Xicot\u00e9ncatl celebra el logro de Daniela Garc\u00eda Bacerott con el Premio Estatal de la Juventud 2025 - La Raz\u00f3n de Xico - Presencia Informativa en el estado","robots":{"index":"index","follow":"follow","max-snippet":"max-snippet:-1","max-image-preview":"max-image-preview:large","max-video-preview":"max-video-preview:-1"},"canonical":"https:\/\/www.larazondexico.com.mx\/?p=2253","og_locale":"es_ES","og_type":"article","og_title":"Xicot\u00e9ncatl celebra el logro de Daniela Garc\u00eda Bacerott con el Premio Estatal de la Juventud 2025 - La Raz\u00f3n de Xico - Presencia Informativa en el estado","og_description":"Mariela L\u00f3pez Sosa, Presidenta Municipal de Xicot\u00e9ncatl, reconoce y felicita a la joven Daniela Garc\u00eda Bacerott, otorg\u00e1ndole todo el respaldo de su administraci\u00f3n al talento educativo y a la educaci\u00f3n de las y los j\u00f3venes xicotenquenses, quienes d\u00eda a d\u00eda ponen en alto el nombre del municipio. El pasado viernes 05 de diciembre, Daniela Garc\u00eda...","og_url":"https:\/\/www.larazondexico.com.mx\/?p=2253","og_site_name":"La Raz\u00f3n de Xico - Presencia Informativa en el estado","article_published_time":"2025-12-07T20:16:51+00:00","article_modified_time":"2025-12-07T20:16:54+00:00","og_image":[{"width":1079,"height":733,"url":"https:\/\/www.larazondexico.com.mx\/wp-content\/uploads\/2025\/12\/premio.jpg","type":"image\/jpeg"}],"author":"Juan Jos\u00e9 Contreras Gonz\u00e1lez","twitter_card":"summary_large_image","twitter_misc":{"Escrito por":"Juan Jos\u00e9 Contreras Gonz\u00e1lez","Tiempo de lectura":"1 minuto"},"schema":{"@context":"https:\/\/schema.org","@graph":[{"@type":"WebPage","@id":"https:\/\/www.larazondexico.com.mx\/?p=2253","url":"https:\/\/www.larazondexico.com.mx\/?p=2253","name":"Xicot\u00e9ncatl celebra el logro de Daniela Garc\u00eda Bacerott con el Premio Estatal de la Juventud 2025 - La Raz\u00f3n de Xico - Presencia Informativa en el estado","isPartOf":{"@id":"https:\/\/www.larazondexico.com.mx\/#website"},"primaryImageOfPage":{"@id":"https:\/\/www.larazondexico.com.mx\/?p=2253#primaryimage"},"image":{"@id":"https:\/\/www.larazondexico.com.mx\/?p=2253#primaryimage"},"thumbnailUrl":"https:\/\/www.larazondexico.com.mx\/wp-content\/uploads\/2025\/12\/premio.jpg","datePublished":"2025-12-07T20:16:51+00:00","dateModified":"2025-12-07T20:16:54+00:00","author":{"@id":"https:\/\/www.larazondexico.com.mx\/#\/schema\/person\/b10ea8a31f9b2f34c2ec8835ba5d1318"},"breadcrumb":{"@id":"https:\/\/www.larazondexico.com.mx\/?p=2253#breadcrumb"},"inLanguage":"es","potentialAction":[{"@type":"ReadAction","target":["https:\/\/www.larazondexico.com.mx\/?p=2253"]}]},{"@type":"ImageObject","inLanguage":"es","@id":"https:\/\/www.larazondexico.com.mx\/?p=2253#primaryimage","url":"https:\/\/www.larazondexico.com.mx\/wp-content\/uploads\/2025\/12\/premio.jpg","contentUrl":"https:\/\/www.larazondexico.com.mx\/wp-content\/uploads\/2025\/12\/premio.jpg","width":1079,"height":733},{"@type":"BreadcrumbList","@id":"https:\/\/www.larazondexico.com.mx\/?p=2253#breadcrumb","itemListElement":[{"@type":"ListItem","position":1,"name":"Portada","item":"https:\/\/www.larazondexico.com.mx\/"},{"@type":"ListItem","position":2,"name":"Xicot\u00e9ncatl celebra el logro de Daniela Garc\u00eda Bacerott con el Premio Estatal de la Juventud 2025"}]},{"@type":"WebSite","@id":"https:\/\/www.larazondexico.com.mx\/#website","url":"https:\/\/www.larazondexico.com.mx\/","name":"La Raz\u00f3n de Xico - Presencia Informativa en el estado","description":"","potentialAction":[{"@type":"SearchAction","target":{"@type":"EntryPoint","urlTemplate":"https:\/\/www.larazondexico.com.mx\/?s={search_term_string}"},"query-input":{"@type":"PropertyValueSpecification","valueRequired":true,"valueName":"search_term_string"}}],"inLanguage":"es"},{"@type":"Person","@id":"https:\/\/www.larazondexico.com.mx\/#\/schema\/person\/b10ea8a31f9b2f34c2ec8835ba5d1318","name":"Juan Jos\u00e9 Contreras Gonz\u00e1lez","image":{"@type":"ImageObject","inLanguage":"es","@id":"https:\/\/www.larazondexico.com.mx\/#\/schema\/person\/image\/","url":"https:\/\/secure.gravatar.com\/avatar\/2b2a34677c3407f25b56188b4c2ca478?s=96&d=mm&r=g","contentUrl":"https:\/\/secure.gravatar.com\/avatar\/2b2a34677c3407f25b56188b4c2ca478?s=96&d=mm&r=g","caption":"Juan Jos\u00e9 Contreras Gonz\u00e1lez"},"url":"https:\/\/www.larazondexico.com.mx\/?author=2"}]}},"_links":{"self":[{"href":"https:\/\/www.larazondexico.com.mx\/index.php?rest_route=\/wp\/v2\/posts\/2253","targetHints":{"allow":["GET"]}}],"collection":[{"href":"https:\/\/www.larazondexico.com.mx\/index.php?rest_route=\/wp\/v2\/posts"}],"about":[{"href":"https:\/\/www.larazondexico.com.mx\/index.php?rest_route=\/wp\/v2\/types\/post"}],"author":[{"embeddable":true,"href":"https:\/\/www.larazondexico.com.mx\/index.php?rest_route=\/wp\/v2\/users\/2"}],"replies":[{"embeddable":true,"href":"https:\/\/www.larazondexico.com.mx\/index.php?rest_route=%2Fwp%2Fv2%2Fcomments&post=2253"}],"version-history":[{"count":1,"href":"https:\/\/www.larazondexico.com.mx\/index.php?rest_route=\/wp\/v2\/posts\/2253\/revisions"}],"predecessor-version":[{"id":2255,"href":"https:\/\/www.larazondexico.com.mx\/index.php?rest_route=\/wp\/v2\/posts\/2253\/revisions\/2255"}],"wp:featuredmedia":[{"embeddable":true,"href":"https:\/\/www.larazondexico.com.mx\/index.php?rest_route=\/wp\/v2\/media\/2254"}],"wp:attachment":[{"href":"https:\/\/www.larazondexico.com.mx\/index.php?rest_route=%2Fwp%2Fv2%2Fmedia&parent=2253"}],"wp:term":[{"taxonomy":"category","embeddable":true,"href":"https:\/\/www.larazondexico.com.mx\/index.php?rest_route=%2Fwp%2Fv2%2Fcategories&post=2253"},{"taxonomy":"post_tag","embeddable":true,"href":"https:\/\/www.larazondexico.com.mx\/index.php?rest_route=%2Fwp%2Fv2%2Ftags&post=2253"}],"curies":[{"name":"wp","href":"https:\/\/api.w.org\/{rel}","templated":true}]}}