{"id":2249,"date":"2025-12-05T14:06:01","date_gmt":"2025-12-05T20:06:01","guid":{"rendered":"https:\/\/www.larazondexico.com.mx\/?p=2249"},"modified":"2025-12-05T14:06:05","modified_gmt":"2025-12-05T20:06:05","slug":"positivo-informe-de-actividades-rinde-martha-uresti-de-budarth-al-frente-del-dif-ocampo","status":"publish","type":"post","link":"https:\/\/www.larazondexico.com.mx\/?p=2249","title":{"rendered":"Positivo informe de actividades rinde Martha Uresti de Budarth al frente del DIF Ocampo."},"content":{"rendered":"\n<p>Ocampo, Tamaulipas.-(Escribe Juan Jose Contreras Gonzalez).-En el marco de la unidad Familiar, La C.P. Martha Uresti de Budarth, Presidenta del Sistema para el Desarrollo Integral de la Familia, rindio su Primer Informe de Actividades al frentr de este organismo.<\/p>\n\n\n\n<p>Acompa\u00f1ada de su esposo Melchor Budarth Baez, Alcalde y su cabildo en pleno y ante la representante de la Sra. Mariana Santiago de Villarreal Lic. Silvia Dianeh Vianey Garcia Reyes, y del diputado federal Cesar A. Verastegui Ostos, de los lideres de las diferentes comunidades rurales.y urbana de este municipio.<\/p>\n\n\n\n<p>En su mensaje reitero su compromiso por seguir sirviendo a todas las familias de este municipio, compromiso que es compartido junto con su esposo porque al final lo que cuenta es el Bienestar de Todas las familias de Ocampo.<\/p>\n\n\n\n<p>Entre vivas y porras Matha Uresti de Budarth, recibio las felicitaciones de todos los presentes al evento del Primer Informe de Actividades al frente dele DIF Ocampo.<\/p>\n","protected":false},"excerpt":{"rendered":"<p>Ocampo, Tamaulipas.-(Escribe Juan Jose Contreras Gonzalez).-En el marco de la unidad Familiar, La C.P. Martha Uresti de Budarth, Presidenta del Sistema para el Desarrollo Integral de la Familia, rindio su Primer Informe de Actividades al frentr de este organismo. Acompa\u00f1ada de su esposo Melchor Budarth Baez, Alcalde y su cabildo en pleno y ante la&#8230;<\/p>\n","protected":false},"author":2,"featured_media":2250,"comment_status":"closed","ping_status":"closed","sticky":false,"template":"","format":"standard","meta":{"footnotes":""},"categories":[12],"tags":[],"class_list":["post-2249","post","type-post","status-publish","format-standard","has-post-thumbnail","hentry","category-ocampo"],"yoast_head":"<!-- This site is optimized with the Yoast SEO plugin v25.6 - https:\/\/yoast.com\/wordpress\/plugins\/seo\/ -->\n<title>Positivo informe de actividades rinde Martha Uresti de Budarth al frente del DIF Ocampo. - La Raz\u00f3n de Xico - Presencia Informativa en el estado<\/title>\n<meta name=\"robots\" content=\"index, follow, max-snippet:-1, max-image-preview:large, max-video-preview:-1\" \/>\n<link rel=\"canonical\" href=\"https:\/\/www.larazondexico.com.mx\/?p=2249\" \/>\n<meta property=\"og:locale\" content=\"es_ES\" \/>\n<meta property=\"og:type\" content=\"article\" \/>\n<meta property=\"og:title\" content=\"Positivo informe de actividades rinde Martha Uresti de Budarth al frente del DIF Ocampo. - La Raz\u00f3n de Xico - Presencia Informativa en el estado\" \/>\n<meta property=\"og:description\" content=\"Ocampo, Tamaulipas.-(Escribe Juan Jose Contreras Gonzalez).-En el marco de la unidad Familiar, La C.P. Martha Uresti de Budarth, Presidenta del Sistema para el Desarrollo Integral de la Familia, rindio su Primer Informe de Actividades al frentr de este organismo. Acompa\u00f1ada de su esposo Melchor Budarth Baez, Alcalde y su cabildo en pleno y ante la...\" \/>\n<meta property=\"og:url\" content=\"https:\/\/www.larazondexico.com.mx\/?p=2249\" \/>\n<meta property=\"og:site_name\" content=\"La Raz\u00f3n de Xico - Presencia Informativa en el estado\" \/>\n<meta property=\"article:published_time\" content=\"2025-12-05T20:06:01+00:00\" \/>\n<meta property=\"article:modified_time\" content=\"2025-12-05T20:06:05+00:00\" \/>\n<meta property=\"og:image\" content=\"https:\/\/www.larazondexico.com.mx\/wp-content\/uploads\/2025\/12\/FB_IMG_1764965129896.jpg\" \/>\n\t<meta property=\"og:image:width\" content=\"1153\" \/>\n\t<meta property=\"og:image:height\" content=\"2048\" \/>\n\t<meta property=\"og:image:type\" content=\"image\/jpeg\" \/>\n<meta name=\"author\" content=\"Juan Jos\u00e9 Contreras Gonz\u00e1lez\" \/>\n<meta name=\"twitter:card\" content=\"summary_large_image\" \/>\n<meta name=\"twitter:label1\" content=\"Escrito por\" \/>\n\t<meta name=\"twitter:data1\" content=\"Juan Jos\u00e9 Contreras Gonz\u00e1lez\" \/>\n\t<meta name=\"twitter:label2\" content=\"Tiempo de lectura\" \/>\n\t<meta name=\"twitter:data2\" content=\"1 minuto\" \/>\n<script type=\"application\/ld+json\" class=\"yoast-schema-graph\">{\"@context\":\"https:\/\/schema.org\",\"@graph\":[{\"@type\":\"WebPage\",\"@id\":\"https:\/\/www.larazondexico.com.mx\/?p=2249\",\"url\":\"https:\/\/www.larazondexico.com.mx\/?p=2249\",\"name\":\"Positivo informe de actividades rinde Martha Uresti de Budarth al frente del DIF Ocampo. - La Raz\u00f3n de Xico - Presencia Informativa en el estado\",\"isPartOf\":{\"@id\":\"https:\/\/www.larazondexico.com.mx\/#website\"},\"primaryImageOfPage\":{\"@id\":\"https:\/\/www.larazondexico.com.mx\/?p=2249#primaryimage\"},\"image\":{\"@id\":\"https:\/\/www.larazondexico.com.mx\/?p=2249#primaryimage\"},\"thumbnailUrl\":\"https:\/\/www.larazondexico.com.mx\/wp-content\/uploads\/2025\/12\/FB_IMG_1764965129896.jpg\",\"datePublished\":\"2025-12-05T20:06:01+00:00\",\"dateModified\":\"2025-12-05T20:06:05+00:00\",\"author\":{\"@id\":\"https:\/\/www.larazondexico.com.mx\/#\/schema\/person\/b10ea8a31f9b2f34c2ec8835ba5d1318\"},\"breadcrumb\":{\"@id\":\"https:\/\/www.larazondexico.com.mx\/?p=2249#breadcrumb\"},\"inLanguage\":\"es\",\"potentialAction\":[{\"@type\":\"ReadAction\",\"target\":[\"https:\/\/www.larazondexico.com.mx\/?p=2249\"]}]},{\"@type\":\"ImageObject\",\"inLanguage\":\"es\",\"@id\":\"https:\/\/www.larazondexico.com.mx\/?p=2249#primaryimage\",\"url\":\"https:\/\/www.larazondexico.com.mx\/wp-content\/uploads\/2025\/12\/FB_IMG_1764965129896.jpg\",\"contentUrl\":\"https:\/\/www.larazondexico.com.mx\/wp-content\/uploads\/2025\/12\/FB_IMG_1764965129896.jpg\",\"width\":1153,\"height\":2048},{\"@type\":\"BreadcrumbList\",\"@id\":\"https:\/\/www.larazondexico.com.mx\/?p=2249#breadcrumb\",\"itemListElement\":[{\"@type\":\"ListItem\",\"position\":1,\"name\":\"Portada\",\"item\":\"https:\/\/www.larazondexico.com.mx\/\"},{\"@type\":\"ListItem\",\"position\":2,\"name\":\"Positivo informe de actividades rinde Martha Uresti de Budarth al frente del DIF Ocampo.\"}]},{\"@type\":\"WebSite\",\"@id\":\"https:\/\/www.larazondexico.com.mx\/#website\",\"url\":\"https:\/\/www.larazondexico.com.mx\/\",\"name\":\"La Raz\u00f3n de Xico - Presencia Informativa en el estado\",\"description\":\"\",\"potentialAction\":[{\"@type\":\"SearchAction\",\"target\":{\"@type\":\"EntryPoint\",\"urlTemplate\":\"https:\/\/www.larazondexico.com.mx\/?s={search_term_string}\"},\"query-input\":{\"@type\":\"PropertyValueSpecification\",\"valueRequired\":true,\"valueName\":\"search_term_string\"}}],\"inLanguage\":\"es\"},{\"@type\":\"Person\",\"@id\":\"https:\/\/www.larazondexico.com.mx\/#\/schema\/person\/b10ea8a31f9b2f34c2ec8835ba5d1318\",\"name\":\"Juan Jos\u00e9 Contreras Gonz\u00e1lez\",\"image\":{\"@type\":\"ImageObject\",\"inLanguage\":\"es\",\"@id\":\"https:\/\/www.larazondexico.com.mx\/#\/schema\/person\/image\/\",\"url\":\"https:\/\/secure.gravatar.com\/avatar\/2b2a34677c3407f25b56188b4c2ca478?s=96&d=mm&r=g\",\"contentUrl\":\"https:\/\/secure.gravatar.com\/avatar\/2b2a34677c3407f25b56188b4c2ca478?s=96&d=mm&r=g\",\"caption\":\"Juan Jos\u00e9 Contreras Gonz\u00e1lez\"},\"url\":\"https:\/\/www.larazondexico.com.mx\/?author=2\"}]}<\/script>\n<!-- \/ Yoast SEO plugin. -->","yoast_head_json":{"title":"Positivo informe de actividades rinde Martha Uresti de Budarth al frente del DIF Ocampo. - La Raz\u00f3n de Xico - Presencia Informativa en el estado","robots":{"index":"index","follow":"follow","max-snippet":"max-snippet:-1","max-image-preview":"max-image-preview:large","max-video-preview":"max-video-preview:-1"},"canonical":"https:\/\/www.larazondexico.com.mx\/?p=2249","og_locale":"es_ES","og_type":"article","og_title":"Positivo informe de actividades rinde Martha Uresti de Budarth al frente del DIF Ocampo. - La Raz\u00f3n de Xico - Presencia Informativa en el estado","og_description":"Ocampo, Tamaulipas.-(Escribe Juan Jose Contreras Gonzalez).-En el marco de la unidad Familiar, La C.P. Martha Uresti de Budarth, Presidenta del Sistema para el Desarrollo Integral de la Familia, rindio su Primer Informe de Actividades al frentr de este organismo. Acompa\u00f1ada de su esposo Melchor Budarth Baez, Alcalde y su cabildo en pleno y ante la...","og_url":"https:\/\/www.larazondexico.com.mx\/?p=2249","og_site_name":"La Raz\u00f3n de Xico - Presencia Informativa en el estado","article_published_time":"2025-12-05T20:06:01+00:00","article_modified_time":"2025-12-05T20:06:05+00:00","og_image":[{"width":1153,"height":2048,"url":"https:\/\/www.larazondexico.com.mx\/wp-content\/uploads\/2025\/12\/FB_IMG_1764965129896.jpg","type":"image\/jpeg"}],"author":"Juan Jos\u00e9 Contreras Gonz\u00e1lez","twitter_card":"summary_large_image","twitter_misc":{"Escrito por":"Juan Jos\u00e9 Contreras Gonz\u00e1lez","Tiempo de lectura":"1 minuto"},"schema":{"@context":"https:\/\/schema.org","@graph":[{"@type":"WebPage","@id":"https:\/\/www.larazondexico.com.mx\/?p=2249","url":"https:\/\/www.larazondexico.com.mx\/?p=2249","name":"Positivo informe de actividades rinde Martha Uresti de Budarth al frente del DIF Ocampo. - La Raz\u00f3n de Xico - Presencia Informativa en el estado","isPartOf":{"@id":"https:\/\/www.larazondexico.com.mx\/#website"},"primaryImageOfPage":{"@id":"https:\/\/www.larazondexico.com.mx\/?p=2249#primaryimage"},"image":{"@id":"https:\/\/www.larazondexico.com.mx\/?p=2249#primaryimage"},"thumbnailUrl":"https:\/\/www.larazondexico.com.mx\/wp-content\/uploads\/2025\/12\/FB_IMG_1764965129896.jpg","datePublished":"2025-12-05T20:06:01+00:00","dateModified":"2025-12-05T20:06:05+00:00","author":{"@id":"https:\/\/www.larazondexico.com.mx\/#\/schema\/person\/b10ea8a31f9b2f34c2ec8835ba5d1318"},"breadcrumb":{"@id":"https:\/\/www.larazondexico.com.mx\/?p=2249#breadcrumb"},"inLanguage":"es","potentialAction":[{"@type":"ReadAction","target":["https:\/\/www.larazondexico.com.mx\/?p=2249"]}]},{"@type":"ImageObject","inLanguage":"es","@id":"https:\/\/www.larazondexico.com.mx\/?p=2249#primaryimage","url":"https:\/\/www.larazondexico.com.mx\/wp-content\/uploads\/2025\/12\/FB_IMG_1764965129896.jpg","contentUrl":"https:\/\/www.larazondexico.com.mx\/wp-content\/uploads\/2025\/12\/FB_IMG_1764965129896.jpg","width":1153,"height":2048},{"@type":"BreadcrumbList","@id":"https:\/\/www.larazondexico.com.mx\/?p=2249#breadcrumb","itemListElement":[{"@type":"ListItem","position":1,"name":"Portada","item":"https:\/\/www.larazondexico.com.mx\/"},{"@type":"ListItem","position":2,"name":"Positivo informe de actividades rinde Martha Uresti de Budarth al frente del DIF Ocampo."}]},{"@type":"WebSite","@id":"https:\/\/www.larazondexico.com.mx\/#website","url":"https:\/\/www.larazondexico.com.mx\/","name":"La Raz\u00f3n de Xico - Presencia Informativa en el estado","description":"","potentialAction":[{"@type":"SearchAction","target":{"@type":"EntryPoint","urlTemplate":"https:\/\/www.larazondexico.com.mx\/?s={search_term_string}"},"query-input":{"@type":"PropertyValueSpecification","valueRequired":true,"valueName":"search_term_string"}}],"inLanguage":"es"},{"@type":"Person","@id":"https:\/\/www.larazondexico.com.mx\/#\/schema\/person\/b10ea8a31f9b2f34c2ec8835ba5d1318","name":"Juan Jos\u00e9 Contreras Gonz\u00e1lez","image":{"@type":"ImageObject","inLanguage":"es","@id":"https:\/\/www.larazondexico.com.mx\/#\/schema\/person\/image\/","url":"https:\/\/secure.gravatar.com\/avatar\/2b2a34677c3407f25b56188b4c2ca478?s=96&d=mm&r=g","contentUrl":"https:\/\/secure.gravatar.com\/avatar\/2b2a34677c3407f25b56188b4c2ca478?s=96&d=mm&r=g","caption":"Juan Jos\u00e9 Contreras Gonz\u00e1lez"},"url":"https:\/\/www.larazondexico.com.mx\/?author=2"}]}},"_links":{"self":[{"href":"https:\/\/www.larazondexico.com.mx\/index.php?rest_route=\/wp\/v2\/posts\/2249","targetHints":{"allow":["GET"]}}],"collection":[{"href":"https:\/\/www.larazondexico.com.mx\/index.php?rest_route=\/wp\/v2\/posts"}],"about":[{"href":"https:\/\/www.larazondexico.com.mx\/index.php?rest_route=\/wp\/v2\/types\/post"}],"author":[{"embeddable":true,"href":"https:\/\/www.larazondexico.com.mx\/index.php?rest_route=\/wp\/v2\/users\/2"}],"replies":[{"embeddable":true,"href":"https:\/\/www.larazondexico.com.mx\/index.php?rest_route=%2Fwp%2Fv2%2Fcomments&post=2249"}],"version-history":[{"count":1,"href":"https:\/\/www.larazondexico.com.mx\/index.php?rest_route=\/wp\/v2\/posts\/2249\/revisions"}],"predecessor-version":[{"id":2251,"href":"https:\/\/www.larazondexico.com.mx\/index.php?rest_route=\/wp\/v2\/posts\/2249\/revisions\/2251"}],"wp:featuredmedia":[{"embeddable":true,"href":"https:\/\/www.larazondexico.com.mx\/index.php?rest_route=\/wp\/v2\/media\/2250"}],"wp:attachment":[{"href":"https:\/\/www.larazondexico.com.mx\/index.php?rest_route=%2Fwp%2Fv2%2Fmedia&parent=2249"}],"wp:term":[{"taxonomy":"category","embeddable":true,"href":"https:\/\/www.larazondexico.com.mx\/index.php?rest_route=%2Fwp%2Fv2%2Fcategories&post=2249"},{"taxonomy":"post_tag","embeddable":true,"href":"https:\/\/www.larazondexico.com.mx\/index.php?rest_route=%2Fwp%2Fv2%2Ftags&post=2249"}],"curies":[{"name":"wp","href":"https:\/\/api.w.org\/{rel}","templated":true}]}}