{"id":2207,"date":"2025-12-01T09:44:50","date_gmt":"2025-12-01T15:44:50","guid":{"rendered":"https:\/\/www.larazondexico.com.mx\/?p=2207"},"modified":"2025-12-01T09:44:54","modified_gmt":"2025-12-01T15:44:54","slug":"martha-uresti-de-budarth-dara-su-primer-informe-al-frente-del-dif-ocampo","status":"publish","type":"post","link":"https:\/\/www.larazondexico.com.mx\/?p=2207","title":{"rendered":"MARTHA URESTI DE BUDARTH, DARA SU PRIMER INFORME AL FRENTE DEL DIF OCAMPO."},"content":{"rendered":"\n<p>Ocampo, Tamaulipas.-(Escribe Juan Jos\u00e9 Contreras Gonz\u00e1lez).-Con una pol\u00edtica #Mas de cerca de ti, la CP. Martha Uresti de Budarth, dar\u00e1 su primer informe de actividades al frente del Sistema Para el Desarrollo Integral de la Familia en este municipio.<\/p>\n\n\n\n<p>Cabe destacar que dentro de las actividades que encierra este primer informe de actividades, confirma el bienestar de las Familias, de Ocampo, Tamaulipas, en donde ha sido una prioridad constante y las acciones emprendidas en este a\u00f1o, demuestran el cari\u00f1o, el amor, que la Presidenta del DIF y su equipo de trabajo le han aplicado en cada acci\u00f3n, que se realizo.<\/p>\n\n\n\n<p>El Auditorio Municipal ser\u00e1 sede de este importante acto, a celebrarse el pr\u00f3ximo 5 de Diciembre a las 11 Horas, y en donde estar\u00e1n autoridades municipales, estatales, invitados especiales y la ciudadan\u00eda en general, quien se dar\u00e1 cita en ese recinto para escuchar de viva voz de su Presidente Martha Uresti de Budarth, los logros alcanzados durante este primer a\u00f1o de actividades.<\/p>\n\n\n\n<p>Durante el acto, se dar\u00e1n a conocer los resultados de los programas, acciones y servicios impulsados a lo largo del a\u00f1o en beneficio de las familias ocampenses, destacando el trabajo social realizado por el DIF en apoyo a los sectores m\u00e1s vulnerables del municipio.<\/p>\n\n\n\n<p>La presentaci\u00f3n del informe se llevar\u00e1 a cabo el lunes 5 de diciembre a las 11:00 horas, en el auditorio de la Presidencia Municipal de Ocampo, Tamaulipas, donde autoridades, invitados especiales y ciudadan\u00eda podr\u00e1n conocer de primera mano los avances y logros obtenidos.<\/p>\n\n\n\n<p>El DIF Ocampo reiter\u00f3 su compromiso de mantener cercan\u00eda con la poblaci\u00f3n y continuar desarrollando acciones que fortalezcan el bienestar de las familias del municipio.<\/p>\n\n\n\n<p>#Cercadenuestragente.<\/p>\n","protected":false},"excerpt":{"rendered":"<p>Ocampo, Tamaulipas.-(Escribe Juan Jos\u00e9 Contreras Gonz\u00e1lez).-Con una pol\u00edtica #Mas de cerca de ti, la CP. Martha Uresti de Budarth, dar\u00e1 su primer informe de actividades al frente del Sistema Para el Desarrollo Integral de la Familia en este municipio. Cabe destacar que dentro de las actividades que encierra este primer informe de actividades, confirma el&#8230;<\/p>\n","protected":false},"author":2,"featured_media":2208,"comment_status":"closed","ping_status":"closed","sticky":false,"template":"","format":"standard","meta":{"footnotes":""},"categories":[12],"tags":[],"class_list":["post-2207","post","type-post","status-publish","format-standard","has-post-thumbnail","hentry","category-ocampo"],"yoast_head":"<!-- This site is optimized with the Yoast SEO plugin v25.6 - https:\/\/yoast.com\/wordpress\/plugins\/seo\/ -->\n<title>MARTHA URESTI DE BUDARTH, DARA SU PRIMER INFORME AL FRENTE DEL DIF OCAMPO. - La Raz\u00f3n de Xico - Presencia Informativa en el estado<\/title>\n<meta name=\"robots\" content=\"index, follow, max-snippet:-1, max-image-preview:large, max-video-preview:-1\" \/>\n<link rel=\"canonical\" href=\"https:\/\/www.larazondexico.com.mx\/?p=2207\" \/>\n<meta property=\"og:locale\" content=\"es_ES\" \/>\n<meta property=\"og:type\" content=\"article\" \/>\n<meta property=\"og:title\" content=\"MARTHA URESTI DE BUDARTH, DARA SU PRIMER INFORME AL FRENTE DEL DIF OCAMPO. - La Raz\u00f3n de Xico - Presencia Informativa en el estado\" \/>\n<meta property=\"og:description\" content=\"Ocampo, Tamaulipas.-(Escribe Juan Jos\u00e9 Contreras Gonz\u00e1lez).-Con una pol\u00edtica #Mas de cerca de ti, la CP. Martha Uresti de Budarth, dar\u00e1 su primer informe de actividades al frente del Sistema Para el Desarrollo Integral de la Familia en este municipio. Cabe destacar que dentro de las actividades que encierra este primer informe de actividades, confirma el...\" \/>\n<meta property=\"og:url\" content=\"https:\/\/www.larazondexico.com.mx\/?p=2207\" \/>\n<meta property=\"og:site_name\" content=\"La Raz\u00f3n de Xico - Presencia Informativa en el estado\" \/>\n<meta property=\"article:published_time\" content=\"2025-12-01T15:44:50+00:00\" \/>\n<meta property=\"article:modified_time\" content=\"2025-12-01T15:44:54+00:00\" \/>\n<meta property=\"og:image\" content=\"https:\/\/www.larazondexico.com.mx\/wp-content\/uploads\/2025\/12\/martha-uresti1.jpg\" \/>\n\t<meta property=\"og:image:width\" content=\"600\" \/>\n\t<meta property=\"og:image:height\" content=\"500\" \/>\n\t<meta property=\"og:image:type\" content=\"image\/jpeg\" \/>\n<meta name=\"author\" content=\"Juan Jos\u00e9 Contreras Gonz\u00e1lez\" \/>\n<meta name=\"twitter:card\" content=\"summary_large_image\" \/>\n<meta name=\"twitter:label1\" content=\"Escrito por\" \/>\n\t<meta name=\"twitter:data1\" content=\"Juan Jos\u00e9 Contreras Gonz\u00e1lez\" \/>\n\t<meta name=\"twitter:label2\" content=\"Tiempo de lectura\" \/>\n\t<meta name=\"twitter:data2\" content=\"2 minutos\" \/>\n<script type=\"application\/ld+json\" class=\"yoast-schema-graph\">{\"@context\":\"https:\/\/schema.org\",\"@graph\":[{\"@type\":\"WebPage\",\"@id\":\"https:\/\/www.larazondexico.com.mx\/?p=2207\",\"url\":\"https:\/\/www.larazondexico.com.mx\/?p=2207\",\"name\":\"MARTHA URESTI DE BUDARTH, DARA SU PRIMER INFORME AL FRENTE DEL DIF OCAMPO. - La Raz\u00f3n de Xico - Presencia Informativa en el estado\",\"isPartOf\":{\"@id\":\"https:\/\/www.larazondexico.com.mx\/#website\"},\"primaryImageOfPage\":{\"@id\":\"https:\/\/www.larazondexico.com.mx\/?p=2207#primaryimage\"},\"image\":{\"@id\":\"https:\/\/www.larazondexico.com.mx\/?p=2207#primaryimage\"},\"thumbnailUrl\":\"https:\/\/www.larazondexico.com.mx\/wp-content\/uploads\/2025\/12\/martha-uresti1.jpg\",\"datePublished\":\"2025-12-01T15:44:50+00:00\",\"dateModified\":\"2025-12-01T15:44:54+00:00\",\"author\":{\"@id\":\"https:\/\/www.larazondexico.com.mx\/#\/schema\/person\/b10ea8a31f9b2f34c2ec8835ba5d1318\"},\"breadcrumb\":{\"@id\":\"https:\/\/www.larazondexico.com.mx\/?p=2207#breadcrumb\"},\"inLanguage\":\"es\",\"potentialAction\":[{\"@type\":\"ReadAction\",\"target\":[\"https:\/\/www.larazondexico.com.mx\/?p=2207\"]}]},{\"@type\":\"ImageObject\",\"inLanguage\":\"es\",\"@id\":\"https:\/\/www.larazondexico.com.mx\/?p=2207#primaryimage\",\"url\":\"https:\/\/www.larazondexico.com.mx\/wp-content\/uploads\/2025\/12\/martha-uresti1.jpg\",\"contentUrl\":\"https:\/\/www.larazondexico.com.mx\/wp-content\/uploads\/2025\/12\/martha-uresti1.jpg\",\"width\":600,\"height\":500},{\"@type\":\"BreadcrumbList\",\"@id\":\"https:\/\/www.larazondexico.com.mx\/?p=2207#breadcrumb\",\"itemListElement\":[{\"@type\":\"ListItem\",\"position\":1,\"name\":\"Portada\",\"item\":\"https:\/\/www.larazondexico.com.mx\/\"},{\"@type\":\"ListItem\",\"position\":2,\"name\":\"MARTHA URESTI DE BUDARTH, DARA SU PRIMER INFORME AL FRENTE DEL DIF OCAMPO.\"}]},{\"@type\":\"WebSite\",\"@id\":\"https:\/\/www.larazondexico.com.mx\/#website\",\"url\":\"https:\/\/www.larazondexico.com.mx\/\",\"name\":\"La Raz\u00f3n de Xico - Presencia Informativa en el estado\",\"description\":\"\",\"potentialAction\":[{\"@type\":\"SearchAction\",\"target\":{\"@type\":\"EntryPoint\",\"urlTemplate\":\"https:\/\/www.larazondexico.com.mx\/?s={search_term_string}\"},\"query-input\":{\"@type\":\"PropertyValueSpecification\",\"valueRequired\":true,\"valueName\":\"search_term_string\"}}],\"inLanguage\":\"es\"},{\"@type\":\"Person\",\"@id\":\"https:\/\/www.larazondexico.com.mx\/#\/schema\/person\/b10ea8a31f9b2f34c2ec8835ba5d1318\",\"name\":\"Juan Jos\u00e9 Contreras Gonz\u00e1lez\",\"image\":{\"@type\":\"ImageObject\",\"inLanguage\":\"es\",\"@id\":\"https:\/\/www.larazondexico.com.mx\/#\/schema\/person\/image\/\",\"url\":\"https:\/\/secure.gravatar.com\/avatar\/2b2a34677c3407f25b56188b4c2ca478?s=96&d=mm&r=g\",\"contentUrl\":\"https:\/\/secure.gravatar.com\/avatar\/2b2a34677c3407f25b56188b4c2ca478?s=96&d=mm&r=g\",\"caption\":\"Juan Jos\u00e9 Contreras Gonz\u00e1lez\"},\"url\":\"https:\/\/www.larazondexico.com.mx\/?author=2\"}]}<\/script>\n<!-- \/ Yoast SEO plugin. -->","yoast_head_json":{"title":"MARTHA URESTI DE BUDARTH, DARA SU PRIMER INFORME AL FRENTE DEL DIF OCAMPO. - La Raz\u00f3n de Xico - Presencia Informativa en el estado","robots":{"index":"index","follow":"follow","max-snippet":"max-snippet:-1","max-image-preview":"max-image-preview:large","max-video-preview":"max-video-preview:-1"},"canonical":"https:\/\/www.larazondexico.com.mx\/?p=2207","og_locale":"es_ES","og_type":"article","og_title":"MARTHA URESTI DE BUDARTH, DARA SU PRIMER INFORME AL FRENTE DEL DIF OCAMPO. - La Raz\u00f3n de Xico - Presencia Informativa en el estado","og_description":"Ocampo, Tamaulipas.-(Escribe Juan Jos\u00e9 Contreras Gonz\u00e1lez).-Con una pol\u00edtica #Mas de cerca de ti, la CP. Martha Uresti de Budarth, dar\u00e1 su primer informe de actividades al frente del Sistema Para el Desarrollo Integral de la Familia en este municipio. Cabe destacar que dentro de las actividades que encierra este primer informe de actividades, confirma el...","og_url":"https:\/\/www.larazondexico.com.mx\/?p=2207","og_site_name":"La Raz\u00f3n de Xico - Presencia Informativa en el estado","article_published_time":"2025-12-01T15:44:50+00:00","article_modified_time":"2025-12-01T15:44:54+00:00","og_image":[{"width":600,"height":500,"url":"https:\/\/www.larazondexico.com.mx\/wp-content\/uploads\/2025\/12\/martha-uresti1.jpg","type":"image\/jpeg"}],"author":"Juan Jos\u00e9 Contreras Gonz\u00e1lez","twitter_card":"summary_large_image","twitter_misc":{"Escrito por":"Juan Jos\u00e9 Contreras Gonz\u00e1lez","Tiempo de lectura":"2 minutos"},"schema":{"@context":"https:\/\/schema.org","@graph":[{"@type":"WebPage","@id":"https:\/\/www.larazondexico.com.mx\/?p=2207","url":"https:\/\/www.larazondexico.com.mx\/?p=2207","name":"MARTHA URESTI DE BUDARTH, DARA SU PRIMER INFORME AL FRENTE DEL DIF OCAMPO. - La Raz\u00f3n de Xico - Presencia Informativa en el estado","isPartOf":{"@id":"https:\/\/www.larazondexico.com.mx\/#website"},"primaryImageOfPage":{"@id":"https:\/\/www.larazondexico.com.mx\/?p=2207#primaryimage"},"image":{"@id":"https:\/\/www.larazondexico.com.mx\/?p=2207#primaryimage"},"thumbnailUrl":"https:\/\/www.larazondexico.com.mx\/wp-content\/uploads\/2025\/12\/martha-uresti1.jpg","datePublished":"2025-12-01T15:44:50+00:00","dateModified":"2025-12-01T15:44:54+00:00","author":{"@id":"https:\/\/www.larazondexico.com.mx\/#\/schema\/person\/b10ea8a31f9b2f34c2ec8835ba5d1318"},"breadcrumb":{"@id":"https:\/\/www.larazondexico.com.mx\/?p=2207#breadcrumb"},"inLanguage":"es","potentialAction":[{"@type":"ReadAction","target":["https:\/\/www.larazondexico.com.mx\/?p=2207"]}]},{"@type":"ImageObject","inLanguage":"es","@id":"https:\/\/www.larazondexico.com.mx\/?p=2207#primaryimage","url":"https:\/\/www.larazondexico.com.mx\/wp-content\/uploads\/2025\/12\/martha-uresti1.jpg","contentUrl":"https:\/\/www.larazondexico.com.mx\/wp-content\/uploads\/2025\/12\/martha-uresti1.jpg","width":600,"height":500},{"@type":"BreadcrumbList","@id":"https:\/\/www.larazondexico.com.mx\/?p=2207#breadcrumb","itemListElement":[{"@type":"ListItem","position":1,"name":"Portada","item":"https:\/\/www.larazondexico.com.mx\/"},{"@type":"ListItem","position":2,"name":"MARTHA URESTI DE BUDARTH, DARA SU PRIMER INFORME AL FRENTE DEL DIF OCAMPO."}]},{"@type":"WebSite","@id":"https:\/\/www.larazondexico.com.mx\/#website","url":"https:\/\/www.larazondexico.com.mx\/","name":"La Raz\u00f3n de Xico - Presencia Informativa en el estado","description":"","potentialAction":[{"@type":"SearchAction","target":{"@type":"EntryPoint","urlTemplate":"https:\/\/www.larazondexico.com.mx\/?s={search_term_string}"},"query-input":{"@type":"PropertyValueSpecification","valueRequired":true,"valueName":"search_term_string"}}],"inLanguage":"es"},{"@type":"Person","@id":"https:\/\/www.larazondexico.com.mx\/#\/schema\/person\/b10ea8a31f9b2f34c2ec8835ba5d1318","name":"Juan Jos\u00e9 Contreras Gonz\u00e1lez","image":{"@type":"ImageObject","inLanguage":"es","@id":"https:\/\/www.larazondexico.com.mx\/#\/schema\/person\/image\/","url":"https:\/\/secure.gravatar.com\/avatar\/2b2a34677c3407f25b56188b4c2ca478?s=96&d=mm&r=g","contentUrl":"https:\/\/secure.gravatar.com\/avatar\/2b2a34677c3407f25b56188b4c2ca478?s=96&d=mm&r=g","caption":"Juan Jos\u00e9 Contreras Gonz\u00e1lez"},"url":"https:\/\/www.larazondexico.com.mx\/?author=2"}]}},"_links":{"self":[{"href":"https:\/\/www.larazondexico.com.mx\/index.php?rest_route=\/wp\/v2\/posts\/2207","targetHints":{"allow":["GET"]}}],"collection":[{"href":"https:\/\/www.larazondexico.com.mx\/index.php?rest_route=\/wp\/v2\/posts"}],"about":[{"href":"https:\/\/www.larazondexico.com.mx\/index.php?rest_route=\/wp\/v2\/types\/post"}],"author":[{"embeddable":true,"href":"https:\/\/www.larazondexico.com.mx\/index.php?rest_route=\/wp\/v2\/users\/2"}],"replies":[{"embeddable":true,"href":"https:\/\/www.larazondexico.com.mx\/index.php?rest_route=%2Fwp%2Fv2%2Fcomments&post=2207"}],"version-history":[{"count":1,"href":"https:\/\/www.larazondexico.com.mx\/index.php?rest_route=\/wp\/v2\/posts\/2207\/revisions"}],"predecessor-version":[{"id":2209,"href":"https:\/\/www.larazondexico.com.mx\/index.php?rest_route=\/wp\/v2\/posts\/2207\/revisions\/2209"}],"wp:featuredmedia":[{"embeddable":true,"href":"https:\/\/www.larazondexico.com.mx\/index.php?rest_route=\/wp\/v2\/media\/2208"}],"wp:attachment":[{"href":"https:\/\/www.larazondexico.com.mx\/index.php?rest_route=%2Fwp%2Fv2%2Fmedia&parent=2207"}],"wp:term":[{"taxonomy":"category","embeddable":true,"href":"https:\/\/www.larazondexico.com.mx\/index.php?rest_route=%2Fwp%2Fv2%2Fcategories&post=2207"},{"taxonomy":"post_tag","embeddable":true,"href":"https:\/\/www.larazondexico.com.mx\/index.php?rest_route=%2Fwp%2Fv2%2Ftags&post=2207"}],"curies":[{"name":"wp","href":"https:\/\/api.w.org\/{rel}","templated":true}]}}