{"id":2182,"date":"2025-11-28T08:59:42","date_gmt":"2025-11-28T14:59:42","guid":{"rendered":"https:\/\/www.larazondexico.com.mx\/?p=2182"},"modified":"2025-11-28T09:06:39","modified_gmt":"2025-11-28T15:06:39","slug":"ordena-melchor-budarth-baez-la-rehabilitacion-del-alumbrado-publico-en-el-ej-la-muralla","status":"publish","type":"post","link":"https:\/\/www.larazondexico.com.mx\/?p=2182","title":{"rendered":"ORDENA MELCHOR BUDARTH BAEZ, LA REHABILITACION DEL ALUMBRADO PUBLICO EN EL EJ. LA MURALLA."},"content":{"rendered":"\n<p>Ocampo, Tamaulipas.-(Escribe Juan Jos\u00e9 Contreras Gonz\u00e1lez).-Por acuerdo del Alcalde Melchor Budarth B\u00e1ez, se viene dando una rehabilitaci\u00f3n en el sistema de alumbrado publico del ejido La Muralla de este municipio, en donde familias, recibieron con mucho agrado la noticia respectivamente.<\/p>\n\n\n\n<p>Cabe destacar que el principal objetivo del alcalde Melchor Budarth B\u00e1ez, es brindar una seguridad y bienestar social a todas las familias de Ocampo, y mas del \u00e1rea rural, por lo que personal de alumbrado publico, de la direcci\u00f3n de Obras Publica, se avoco al asunto de inmediato realizando su trabajo en dicha comunidad.<\/p>\n\n\n\n<p>Cabe hacer menci\u00f3n que a trav\u00e9s de estas acciones el Gobierno de Ocampo, Tamaulipas, logra mantener un mejoramiento oportuno a los servicios p\u00fablicos que ofrece a la comunidad en general, con el esfuerzo y criterio de todos los ciudadanos en general.<\/p>\n\n\n\n<p><a href=\"https:\/\/www.facebook.com\/hashtag\/gobiernodeocampo?__eep__=6&amp;__cft__[0]=AZW3GptvnEgxVMyS7tQAC4n2Ixv6bNQYf8opyUMDyOp08GB3gufxggZlbDbFS4Im5-lY0ipck0pNvVCYBzBk-pciI7JzjTOcS2R-Z4rMnQl9qiGIKNIGkXbau42ZBKEfldE4yvr_0wJoULkIX0sHP0jpLwr9HYGK_2zGr2hSi1UbXGXZLz-gzBPDcSpUXpu7NoB2TuC92qU9FBO5caW9ggXY&amp;__tn__=*NK-R\">#GobiernoDeOcampo<\/a><a href=\"https:\/\/www.facebook.com\/hashtag\/mascercadenuestragente?__eep__=6&amp;__cft__[0]=AZW3GptvnEgxVMyS7tQAC4n2Ixv6bNQYf8opyUMDyOp08GB3gufxggZlbDbFS4Im5-lY0ipck0pNvVCYBzBk-pciI7JzjTOcS2R-Z4rMnQl9qiGIKNIGkXbau42ZBKEfldE4yvr_0wJoULkIX0sHP0jpLwr9HYGK_2zGr2hSi1UbXGXZLz-gzBPDcSpUXpu7NoB2TuC92qU9FBO5caW9ggXY&amp;__tn__=*NK-R\">#MasCercaDeNuestraGente<\/a><\/p>\n","protected":false},"excerpt":{"rendered":"<p>Ocampo, Tamaulipas.-(Escribe Juan Jos\u00e9 Contreras Gonz\u00e1lez).-Por acuerdo del Alcalde Melchor Budarth B\u00e1ez, se viene dando una rehabilitaci\u00f3n en el sistema de alumbrado publico del ejido La Muralla de este municipio, en donde familias, recibieron con mucho agrado la noticia respectivamente. Cabe destacar que el principal objetivo del alcalde Melchor Budarth B\u00e1ez, es brindar una seguridad&#8230;<\/p>\n","protected":false},"author":2,"featured_media":2183,"comment_status":"closed","ping_status":"closed","sticky":false,"template":"","format":"standard","meta":{"footnotes":""},"categories":[12],"tags":[],"class_list":["post-2182","post","type-post","status-publish","format-standard","has-post-thumbnail","hentry","category-ocampo"],"yoast_head":"<!-- This site is optimized with the Yoast SEO plugin v25.6 - https:\/\/yoast.com\/wordpress\/plugins\/seo\/ -->\n<title>ORDENA MELCHOR BUDARTH BAEZ, LA REHABILITACION DEL ALUMBRADO PUBLICO EN EL EJ. LA MURALLA. - La Raz\u00f3n de Xico - Presencia Informativa en el estado<\/title>\n<meta name=\"robots\" content=\"index, follow, max-snippet:-1, max-image-preview:large, max-video-preview:-1\" \/>\n<link rel=\"canonical\" href=\"https:\/\/www.larazondexico.com.mx\/?p=2182\" \/>\n<meta property=\"og:locale\" content=\"es_ES\" \/>\n<meta property=\"og:type\" content=\"article\" \/>\n<meta property=\"og:title\" content=\"ORDENA MELCHOR BUDARTH BAEZ, LA REHABILITACION DEL ALUMBRADO PUBLICO EN EL EJ. LA MURALLA. - La Raz\u00f3n de Xico - Presencia Informativa en el estado\" \/>\n<meta property=\"og:description\" content=\"Ocampo, Tamaulipas.-(Escribe Juan Jos\u00e9 Contreras Gonz\u00e1lez).-Por acuerdo del Alcalde Melchor Budarth B\u00e1ez, se viene dando una rehabilitaci\u00f3n en el sistema de alumbrado publico del ejido La Muralla de este municipio, en donde familias, recibieron con mucho agrado la noticia respectivamente. Cabe destacar que el principal objetivo del alcalde Melchor Budarth B\u00e1ez, es brindar una seguridad...\" \/>\n<meta property=\"og:url\" content=\"https:\/\/www.larazondexico.com.mx\/?p=2182\" \/>\n<meta property=\"og:site_name\" content=\"La Raz\u00f3n de Xico - Presencia Informativa en el estado\" \/>\n<meta property=\"article:published_time\" content=\"2025-11-28T14:59:42+00:00\" \/>\n<meta property=\"article:modified_time\" content=\"2025-11-28T15:06:39+00:00\" \/>\n<meta property=\"og:image\" content=\"https:\/\/www.larazondexico.com.mx\/wp-content\/uploads\/2025\/11\/alumbrado-ocampo.jpg\" \/>\n\t<meta property=\"og:image:width\" content=\"768\" \/>\n\t<meta property=\"og:image:height\" content=\"1083\" \/>\n\t<meta property=\"og:image:type\" content=\"image\/jpeg\" \/>\n<meta name=\"author\" content=\"Juan Jos\u00e9 Contreras Gonz\u00e1lez\" \/>\n<meta name=\"twitter:card\" content=\"summary_large_image\" \/>\n<meta name=\"twitter:label1\" content=\"Escrito por\" \/>\n\t<meta name=\"twitter:data1\" content=\"Juan Jos\u00e9 Contreras Gonz\u00e1lez\" \/>\n\t<meta name=\"twitter:label2\" content=\"Tiempo de lectura\" \/>\n\t<meta name=\"twitter:data2\" content=\"1 minuto\" \/>\n<script type=\"application\/ld+json\" class=\"yoast-schema-graph\">{\"@context\":\"https:\/\/schema.org\",\"@graph\":[{\"@type\":\"WebPage\",\"@id\":\"https:\/\/www.larazondexico.com.mx\/?p=2182\",\"url\":\"https:\/\/www.larazondexico.com.mx\/?p=2182\",\"name\":\"ORDENA MELCHOR BUDARTH BAEZ, LA REHABILITACION DEL ALUMBRADO PUBLICO EN EL EJ. LA MURALLA. - La Raz\u00f3n de Xico - Presencia Informativa en el estado\",\"isPartOf\":{\"@id\":\"https:\/\/www.larazondexico.com.mx\/#website\"},\"primaryImageOfPage\":{\"@id\":\"https:\/\/www.larazondexico.com.mx\/?p=2182#primaryimage\"},\"image\":{\"@id\":\"https:\/\/www.larazondexico.com.mx\/?p=2182#primaryimage\"},\"thumbnailUrl\":\"https:\/\/www.larazondexico.com.mx\/wp-content\/uploads\/2025\/11\/alumbrado-ocampo.jpg\",\"datePublished\":\"2025-11-28T14:59:42+00:00\",\"dateModified\":\"2025-11-28T15:06:39+00:00\",\"author\":{\"@id\":\"https:\/\/www.larazondexico.com.mx\/#\/schema\/person\/b10ea8a31f9b2f34c2ec8835ba5d1318\"},\"breadcrumb\":{\"@id\":\"https:\/\/www.larazondexico.com.mx\/?p=2182#breadcrumb\"},\"inLanguage\":\"es\",\"potentialAction\":[{\"@type\":\"ReadAction\",\"target\":[\"https:\/\/www.larazondexico.com.mx\/?p=2182\"]}]},{\"@type\":\"ImageObject\",\"inLanguage\":\"es\",\"@id\":\"https:\/\/www.larazondexico.com.mx\/?p=2182#primaryimage\",\"url\":\"https:\/\/www.larazondexico.com.mx\/wp-content\/uploads\/2025\/11\/alumbrado-ocampo.jpg\",\"contentUrl\":\"https:\/\/www.larazondexico.com.mx\/wp-content\/uploads\/2025\/11\/alumbrado-ocampo.jpg\",\"width\":768,\"height\":1083},{\"@type\":\"BreadcrumbList\",\"@id\":\"https:\/\/www.larazondexico.com.mx\/?p=2182#breadcrumb\",\"itemListElement\":[{\"@type\":\"ListItem\",\"position\":1,\"name\":\"Portada\",\"item\":\"https:\/\/www.larazondexico.com.mx\/\"},{\"@type\":\"ListItem\",\"position\":2,\"name\":\"ORDENA MELCHOR BUDARTH BAEZ, LA REHABILITACION DEL ALUMBRADO PUBLICO EN EL EJ. LA MURALLA.\"}]},{\"@type\":\"WebSite\",\"@id\":\"https:\/\/www.larazondexico.com.mx\/#website\",\"url\":\"https:\/\/www.larazondexico.com.mx\/\",\"name\":\"La Raz\u00f3n de Xico - Presencia Informativa en el estado\",\"description\":\"\",\"potentialAction\":[{\"@type\":\"SearchAction\",\"target\":{\"@type\":\"EntryPoint\",\"urlTemplate\":\"https:\/\/www.larazondexico.com.mx\/?s={search_term_string}\"},\"query-input\":{\"@type\":\"PropertyValueSpecification\",\"valueRequired\":true,\"valueName\":\"search_term_string\"}}],\"inLanguage\":\"es\"},{\"@type\":\"Person\",\"@id\":\"https:\/\/www.larazondexico.com.mx\/#\/schema\/person\/b10ea8a31f9b2f34c2ec8835ba5d1318\",\"name\":\"Juan Jos\u00e9 Contreras Gonz\u00e1lez\",\"image\":{\"@type\":\"ImageObject\",\"inLanguage\":\"es\",\"@id\":\"https:\/\/www.larazondexico.com.mx\/#\/schema\/person\/image\/\",\"url\":\"https:\/\/secure.gravatar.com\/avatar\/2b2a34677c3407f25b56188b4c2ca478?s=96&d=mm&r=g\",\"contentUrl\":\"https:\/\/secure.gravatar.com\/avatar\/2b2a34677c3407f25b56188b4c2ca478?s=96&d=mm&r=g\",\"caption\":\"Juan Jos\u00e9 Contreras Gonz\u00e1lez\"},\"url\":\"https:\/\/www.larazondexico.com.mx\/?author=2\"}]}<\/script>\n<!-- \/ Yoast SEO plugin. -->","yoast_head_json":{"title":"ORDENA MELCHOR BUDARTH BAEZ, LA REHABILITACION DEL ALUMBRADO PUBLICO EN EL EJ. LA MURALLA. - La Raz\u00f3n de Xico - Presencia Informativa en el estado","robots":{"index":"index","follow":"follow","max-snippet":"max-snippet:-1","max-image-preview":"max-image-preview:large","max-video-preview":"max-video-preview:-1"},"canonical":"https:\/\/www.larazondexico.com.mx\/?p=2182","og_locale":"es_ES","og_type":"article","og_title":"ORDENA MELCHOR BUDARTH BAEZ, LA REHABILITACION DEL ALUMBRADO PUBLICO EN EL EJ. LA MURALLA. - La Raz\u00f3n de Xico - Presencia Informativa en el estado","og_description":"Ocampo, Tamaulipas.-(Escribe Juan Jos\u00e9 Contreras Gonz\u00e1lez).-Por acuerdo del Alcalde Melchor Budarth B\u00e1ez, se viene dando una rehabilitaci\u00f3n en el sistema de alumbrado publico del ejido La Muralla de este municipio, en donde familias, recibieron con mucho agrado la noticia respectivamente. Cabe destacar que el principal objetivo del alcalde Melchor Budarth B\u00e1ez, es brindar una seguridad...","og_url":"https:\/\/www.larazondexico.com.mx\/?p=2182","og_site_name":"La Raz\u00f3n de Xico - Presencia Informativa en el estado","article_published_time":"2025-11-28T14:59:42+00:00","article_modified_time":"2025-11-28T15:06:39+00:00","og_image":[{"width":768,"height":1083,"url":"https:\/\/www.larazondexico.com.mx\/wp-content\/uploads\/2025\/11\/alumbrado-ocampo.jpg","type":"image\/jpeg"}],"author":"Juan Jos\u00e9 Contreras Gonz\u00e1lez","twitter_card":"summary_large_image","twitter_misc":{"Escrito por":"Juan Jos\u00e9 Contreras Gonz\u00e1lez","Tiempo de lectura":"1 minuto"},"schema":{"@context":"https:\/\/schema.org","@graph":[{"@type":"WebPage","@id":"https:\/\/www.larazondexico.com.mx\/?p=2182","url":"https:\/\/www.larazondexico.com.mx\/?p=2182","name":"ORDENA MELCHOR BUDARTH BAEZ, LA REHABILITACION DEL ALUMBRADO PUBLICO EN EL EJ. LA MURALLA. - La Raz\u00f3n de Xico - Presencia Informativa en el estado","isPartOf":{"@id":"https:\/\/www.larazondexico.com.mx\/#website"},"primaryImageOfPage":{"@id":"https:\/\/www.larazondexico.com.mx\/?p=2182#primaryimage"},"image":{"@id":"https:\/\/www.larazondexico.com.mx\/?p=2182#primaryimage"},"thumbnailUrl":"https:\/\/www.larazondexico.com.mx\/wp-content\/uploads\/2025\/11\/alumbrado-ocampo.jpg","datePublished":"2025-11-28T14:59:42+00:00","dateModified":"2025-11-28T15:06:39+00:00","author":{"@id":"https:\/\/www.larazondexico.com.mx\/#\/schema\/person\/b10ea8a31f9b2f34c2ec8835ba5d1318"},"breadcrumb":{"@id":"https:\/\/www.larazondexico.com.mx\/?p=2182#breadcrumb"},"inLanguage":"es","potentialAction":[{"@type":"ReadAction","target":["https:\/\/www.larazondexico.com.mx\/?p=2182"]}]},{"@type":"ImageObject","inLanguage":"es","@id":"https:\/\/www.larazondexico.com.mx\/?p=2182#primaryimage","url":"https:\/\/www.larazondexico.com.mx\/wp-content\/uploads\/2025\/11\/alumbrado-ocampo.jpg","contentUrl":"https:\/\/www.larazondexico.com.mx\/wp-content\/uploads\/2025\/11\/alumbrado-ocampo.jpg","width":768,"height":1083},{"@type":"BreadcrumbList","@id":"https:\/\/www.larazondexico.com.mx\/?p=2182#breadcrumb","itemListElement":[{"@type":"ListItem","position":1,"name":"Portada","item":"https:\/\/www.larazondexico.com.mx\/"},{"@type":"ListItem","position":2,"name":"ORDENA MELCHOR BUDARTH BAEZ, LA REHABILITACION DEL ALUMBRADO PUBLICO EN EL EJ. LA MURALLA."}]},{"@type":"WebSite","@id":"https:\/\/www.larazondexico.com.mx\/#website","url":"https:\/\/www.larazondexico.com.mx\/","name":"La Raz\u00f3n de Xico - Presencia Informativa en el estado","description":"","potentialAction":[{"@type":"SearchAction","target":{"@type":"EntryPoint","urlTemplate":"https:\/\/www.larazondexico.com.mx\/?s={search_term_string}"},"query-input":{"@type":"PropertyValueSpecification","valueRequired":true,"valueName":"search_term_string"}}],"inLanguage":"es"},{"@type":"Person","@id":"https:\/\/www.larazondexico.com.mx\/#\/schema\/person\/b10ea8a31f9b2f34c2ec8835ba5d1318","name":"Juan Jos\u00e9 Contreras Gonz\u00e1lez","image":{"@type":"ImageObject","inLanguage":"es","@id":"https:\/\/www.larazondexico.com.mx\/#\/schema\/person\/image\/","url":"https:\/\/secure.gravatar.com\/avatar\/2b2a34677c3407f25b56188b4c2ca478?s=96&d=mm&r=g","contentUrl":"https:\/\/secure.gravatar.com\/avatar\/2b2a34677c3407f25b56188b4c2ca478?s=96&d=mm&r=g","caption":"Juan Jos\u00e9 Contreras Gonz\u00e1lez"},"url":"https:\/\/www.larazondexico.com.mx\/?author=2"}]}},"_links":{"self":[{"href":"https:\/\/www.larazondexico.com.mx\/index.php?rest_route=\/wp\/v2\/posts\/2182","targetHints":{"allow":["GET"]}}],"collection":[{"href":"https:\/\/www.larazondexico.com.mx\/index.php?rest_route=\/wp\/v2\/posts"}],"about":[{"href":"https:\/\/www.larazondexico.com.mx\/index.php?rest_route=\/wp\/v2\/types\/post"}],"author":[{"embeddable":true,"href":"https:\/\/www.larazondexico.com.mx\/index.php?rest_route=\/wp\/v2\/users\/2"}],"replies":[{"embeddable":true,"href":"https:\/\/www.larazondexico.com.mx\/index.php?rest_route=%2Fwp%2Fv2%2Fcomments&post=2182"}],"version-history":[{"count":1,"href":"https:\/\/www.larazondexico.com.mx\/index.php?rest_route=\/wp\/v2\/posts\/2182\/revisions"}],"predecessor-version":[{"id":2184,"href":"https:\/\/www.larazondexico.com.mx\/index.php?rest_route=\/wp\/v2\/posts\/2182\/revisions\/2184"}],"wp:featuredmedia":[{"embeddable":true,"href":"https:\/\/www.larazondexico.com.mx\/index.php?rest_route=\/wp\/v2\/media\/2183"}],"wp:attachment":[{"href":"https:\/\/www.larazondexico.com.mx\/index.php?rest_route=%2Fwp%2Fv2%2Fmedia&parent=2182"}],"wp:term":[{"taxonomy":"category","embeddable":true,"href":"https:\/\/www.larazondexico.com.mx\/index.php?rest_route=%2Fwp%2Fv2%2Fcategories&post=2182"},{"taxonomy":"post_tag","embeddable":true,"href":"https:\/\/www.larazondexico.com.mx\/index.php?rest_route=%2Fwp%2Fv2%2Ftags&post=2182"}],"curies":[{"name":"wp","href":"https:\/\/api.w.org\/{rel}","templated":true}]}}