{"id":2169,"date":"2025-11-27T09:41:44","date_gmt":"2025-11-27T15:41:44","guid":{"rendered":"https:\/\/www.larazondexico.com.mx\/?p=2169"},"modified":"2025-11-27T09:41:48","modified_gmt":"2025-11-27T15:41:48","slug":"pone-en-funcionamiento-el-alcalde-melchor-budarth-baez-paneles-solares-en-la-presidencia-municipal","status":"publish","type":"post","link":"https:\/\/www.larazondexico.com.mx\/?p=2169","title":{"rendered":"PONE EN FUNCIONAMIENTO EL ALCALDE MELCHOR BUDARTH BAEZ, PANELES SOLARES, EN LA PRESIDENCIA MUNICIPAL."},"content":{"rendered":"\n<p>Ocampo, Tamaulipas.-(Escribe Juan Jos\u00e9 Contreras Gonz\u00e1lez).-Al confirmar que el funcionamiento de este nuevo sistema de energ\u00eda, a trav\u00e9s de los paneles solares, el alcalde Melchor Budarth B\u00e1ez, reitero que es un paso muy importante al gasto de energ\u00eda el\u00e9ctrica, porque esto permitir\u00e1 que tengamos un fuerte ahorro en el mismo. En las instalaciones de Presidencia Municipal se reuni\u00f3 con ciudadanos en general a fin de poner en marcha esta importante obra.<\/p>\n\n\n\n<p>Acompa\u00f1ado de integrantes de su cabildo y de servidores p\u00fablicos. del actual ayuntamiento, Melchor Budarth B\u00e1ez, reitero que con esto se promueve un entorno mas limpio y sustentable para las futuras generaciones de Ocampo, Tamaulipas.<\/p>\n\n\n\n<p>Al mismo tiempo agradeci\u00f3 al cabildo en pleno y a la sociedad ah\u00ed congregada, el poder seguir trabajando en unidad, lo cual habr\u00e1 de darnos mejores resultados en beneficio de nuestras familias,<\/p>\n\n\n\n<p><a href=\"https:\/\/www.facebook.com\/hashtag\/gobiernodeocampo?__eep__=6&amp;__cft__[0]=AZWnjwxBx0NAvHU_a6njanVCblRXo6YxrHHz0P9iJGGB96KVmbv-inAT13qi5v0CGA6GMUyNbYjra1fMpCb35hOn2tn3gXB5zsHbx6EyQgzC-pkyzJ_mmqYnvuImq9pnFOJ1klJ3JYR5rzzJHxu0d1BdfBnBSuf7GT43n6PW0s_7GUkz3Fs_yhRzTjdD2dIA61HAeZ9wvMe1W2h0LeIuywQx&amp;__tn__=*NK-R\">#GobiernoDeOcampo<\/a><a href=\"https:\/\/www.facebook.com\/hashtag\/mascercadenuestragente?__eep__=6&amp;__cft__[0]=AZWnjwxBx0NAvHU_a6njanVCblRXo6YxrHHz0P9iJGGB96KVmbv-inAT13qi5v0CGA6GMUyNbYjra1fMpCb35hOn2tn3gXB5zsHbx6EyQgzC-pkyzJ_mmqYnvuImq9pnFOJ1klJ3JYR5rzzJHxu0d1BdfBnBSuf7GT43n6PW0s_7GUkz3Fs_yhRzTjdD2dIA61HAeZ9wvMe1W2h0LeIuywQx&amp;__tn__=*NK-R\">#MasCercaDeNuestraGente<\/a><\/p>\n","protected":false},"excerpt":{"rendered":"<p>Ocampo, Tamaulipas.-(Escribe Juan Jos\u00e9 Contreras Gonz\u00e1lez).-Al confirmar que el funcionamiento de este nuevo sistema de energ\u00eda, a trav\u00e9s de los paneles solares, el alcalde Melchor Budarth B\u00e1ez, reitero que es un paso muy importante al gasto de energ\u00eda el\u00e9ctrica, porque esto permitir\u00e1 que tengamos un fuerte ahorro en el mismo. En las instalaciones de Presidencia&#8230;<\/p>\n","protected":false},"author":2,"featured_media":2170,"comment_status":"closed","ping_status":"closed","sticky":false,"template":"","format":"standard","meta":{"footnotes":""},"categories":[12],"tags":[],"class_list":["post-2169","post","type-post","status-publish","format-standard","has-post-thumbnail","hentry","category-ocampo"],"yoast_head":"<!-- This site is optimized with the Yoast SEO plugin v25.6 - https:\/\/yoast.com\/wordpress\/plugins\/seo\/ -->\n<title>PONE EN FUNCIONAMIENTO EL ALCALDE MELCHOR BUDARTH BAEZ, PANELES SOLARES, EN LA PRESIDENCIA MUNICIPAL. - La Raz\u00f3n de Xico - Presencia Informativa en el estado<\/title>\n<meta name=\"robots\" content=\"index, follow, max-snippet:-1, max-image-preview:large, max-video-preview:-1\" \/>\n<link rel=\"canonical\" href=\"https:\/\/www.larazondexico.com.mx\/?p=2169\" \/>\n<meta property=\"og:locale\" content=\"es_ES\" \/>\n<meta property=\"og:type\" content=\"article\" \/>\n<meta property=\"og:title\" content=\"PONE EN FUNCIONAMIENTO EL ALCALDE MELCHOR BUDARTH BAEZ, PANELES SOLARES, EN LA PRESIDENCIA MUNICIPAL. - La Raz\u00f3n de Xico - Presencia Informativa en el estado\" \/>\n<meta property=\"og:description\" content=\"Ocampo, Tamaulipas.-(Escribe Juan Jos\u00e9 Contreras Gonz\u00e1lez).-Al confirmar que el funcionamiento de este nuevo sistema de energ\u00eda, a trav\u00e9s de los paneles solares, el alcalde Melchor Budarth B\u00e1ez, reitero que es un paso muy importante al gasto de energ\u00eda el\u00e9ctrica, porque esto permitir\u00e1 que tengamos un fuerte ahorro en el mismo. En las instalaciones de Presidencia...\" \/>\n<meta property=\"og:url\" content=\"https:\/\/www.larazondexico.com.mx\/?p=2169\" \/>\n<meta property=\"og:site_name\" content=\"La Raz\u00f3n de Xico - Presencia Informativa en el estado\" \/>\n<meta property=\"article:published_time\" content=\"2025-11-27T15:41:44+00:00\" \/>\n<meta property=\"article:modified_time\" content=\"2025-11-27T15:41:48+00:00\" \/>\n<meta property=\"og:image\" content=\"https:\/\/www.larazondexico.com.mx\/wp-content\/uploads\/2025\/11\/paneles.jpg\" \/>\n\t<meta property=\"og:image:width\" content=\"1280\" \/>\n\t<meta property=\"og:image:height\" content=\"720\" \/>\n\t<meta property=\"og:image:type\" content=\"image\/jpeg\" \/>\n<meta name=\"author\" content=\"Juan Jos\u00e9 Contreras Gonz\u00e1lez\" \/>\n<meta name=\"twitter:card\" content=\"summary_large_image\" \/>\n<meta name=\"twitter:label1\" content=\"Escrito por\" \/>\n\t<meta name=\"twitter:data1\" content=\"Juan Jos\u00e9 Contreras Gonz\u00e1lez\" \/>\n\t<meta name=\"twitter:label2\" content=\"Tiempo de lectura\" \/>\n\t<meta name=\"twitter:data2\" content=\"1 minuto\" \/>\n<script type=\"application\/ld+json\" class=\"yoast-schema-graph\">{\"@context\":\"https:\/\/schema.org\",\"@graph\":[{\"@type\":\"WebPage\",\"@id\":\"https:\/\/www.larazondexico.com.mx\/?p=2169\",\"url\":\"https:\/\/www.larazondexico.com.mx\/?p=2169\",\"name\":\"PONE EN FUNCIONAMIENTO EL ALCALDE MELCHOR BUDARTH BAEZ, PANELES SOLARES, EN LA PRESIDENCIA MUNICIPAL. - La Raz\u00f3n de Xico - Presencia Informativa en el estado\",\"isPartOf\":{\"@id\":\"https:\/\/www.larazondexico.com.mx\/#website\"},\"primaryImageOfPage\":{\"@id\":\"https:\/\/www.larazondexico.com.mx\/?p=2169#primaryimage\"},\"image\":{\"@id\":\"https:\/\/www.larazondexico.com.mx\/?p=2169#primaryimage\"},\"thumbnailUrl\":\"https:\/\/www.larazondexico.com.mx\/wp-content\/uploads\/2025\/11\/paneles.jpg\",\"datePublished\":\"2025-11-27T15:41:44+00:00\",\"dateModified\":\"2025-11-27T15:41:48+00:00\",\"author\":{\"@id\":\"https:\/\/www.larazondexico.com.mx\/#\/schema\/person\/b10ea8a31f9b2f34c2ec8835ba5d1318\"},\"breadcrumb\":{\"@id\":\"https:\/\/www.larazondexico.com.mx\/?p=2169#breadcrumb\"},\"inLanguage\":\"es\",\"potentialAction\":[{\"@type\":\"ReadAction\",\"target\":[\"https:\/\/www.larazondexico.com.mx\/?p=2169\"]}]},{\"@type\":\"ImageObject\",\"inLanguage\":\"es\",\"@id\":\"https:\/\/www.larazondexico.com.mx\/?p=2169#primaryimage\",\"url\":\"https:\/\/www.larazondexico.com.mx\/wp-content\/uploads\/2025\/11\/paneles.jpg\",\"contentUrl\":\"https:\/\/www.larazondexico.com.mx\/wp-content\/uploads\/2025\/11\/paneles.jpg\",\"width\":1280,\"height\":720},{\"@type\":\"BreadcrumbList\",\"@id\":\"https:\/\/www.larazondexico.com.mx\/?p=2169#breadcrumb\",\"itemListElement\":[{\"@type\":\"ListItem\",\"position\":1,\"name\":\"Portada\",\"item\":\"https:\/\/www.larazondexico.com.mx\/\"},{\"@type\":\"ListItem\",\"position\":2,\"name\":\"PONE EN FUNCIONAMIENTO EL ALCALDE MELCHOR BUDARTH BAEZ, PANELES SOLARES, EN LA PRESIDENCIA MUNICIPAL.\"}]},{\"@type\":\"WebSite\",\"@id\":\"https:\/\/www.larazondexico.com.mx\/#website\",\"url\":\"https:\/\/www.larazondexico.com.mx\/\",\"name\":\"La Raz\u00f3n de Xico - Presencia Informativa en el estado\",\"description\":\"\",\"potentialAction\":[{\"@type\":\"SearchAction\",\"target\":{\"@type\":\"EntryPoint\",\"urlTemplate\":\"https:\/\/www.larazondexico.com.mx\/?s={search_term_string}\"},\"query-input\":{\"@type\":\"PropertyValueSpecification\",\"valueRequired\":true,\"valueName\":\"search_term_string\"}}],\"inLanguage\":\"es\"},{\"@type\":\"Person\",\"@id\":\"https:\/\/www.larazondexico.com.mx\/#\/schema\/person\/b10ea8a31f9b2f34c2ec8835ba5d1318\",\"name\":\"Juan Jos\u00e9 Contreras Gonz\u00e1lez\",\"image\":{\"@type\":\"ImageObject\",\"inLanguage\":\"es\",\"@id\":\"https:\/\/www.larazondexico.com.mx\/#\/schema\/person\/image\/\",\"url\":\"https:\/\/secure.gravatar.com\/avatar\/2b2a34677c3407f25b56188b4c2ca478?s=96&d=mm&r=g\",\"contentUrl\":\"https:\/\/secure.gravatar.com\/avatar\/2b2a34677c3407f25b56188b4c2ca478?s=96&d=mm&r=g\",\"caption\":\"Juan Jos\u00e9 Contreras Gonz\u00e1lez\"},\"url\":\"https:\/\/www.larazondexico.com.mx\/?author=2\"}]}<\/script>\n<!-- \/ Yoast SEO plugin. -->","yoast_head_json":{"title":"PONE EN FUNCIONAMIENTO EL ALCALDE MELCHOR BUDARTH BAEZ, PANELES SOLARES, EN LA PRESIDENCIA MUNICIPAL. - La Raz\u00f3n de Xico - Presencia Informativa en el estado","robots":{"index":"index","follow":"follow","max-snippet":"max-snippet:-1","max-image-preview":"max-image-preview:large","max-video-preview":"max-video-preview:-1"},"canonical":"https:\/\/www.larazondexico.com.mx\/?p=2169","og_locale":"es_ES","og_type":"article","og_title":"PONE EN FUNCIONAMIENTO EL ALCALDE MELCHOR BUDARTH BAEZ, PANELES SOLARES, EN LA PRESIDENCIA MUNICIPAL. - La Raz\u00f3n de Xico - Presencia Informativa en el estado","og_description":"Ocampo, Tamaulipas.-(Escribe Juan Jos\u00e9 Contreras Gonz\u00e1lez).-Al confirmar que el funcionamiento de este nuevo sistema de energ\u00eda, a trav\u00e9s de los paneles solares, el alcalde Melchor Budarth B\u00e1ez, reitero que es un paso muy importante al gasto de energ\u00eda el\u00e9ctrica, porque esto permitir\u00e1 que tengamos un fuerte ahorro en el mismo. En las instalaciones de Presidencia...","og_url":"https:\/\/www.larazondexico.com.mx\/?p=2169","og_site_name":"La Raz\u00f3n de Xico - Presencia Informativa en el estado","article_published_time":"2025-11-27T15:41:44+00:00","article_modified_time":"2025-11-27T15:41:48+00:00","og_image":[{"width":1280,"height":720,"url":"https:\/\/www.larazondexico.com.mx\/wp-content\/uploads\/2025\/11\/paneles.jpg","type":"image\/jpeg"}],"author":"Juan Jos\u00e9 Contreras Gonz\u00e1lez","twitter_card":"summary_large_image","twitter_misc":{"Escrito por":"Juan Jos\u00e9 Contreras Gonz\u00e1lez","Tiempo de lectura":"1 minuto"},"schema":{"@context":"https:\/\/schema.org","@graph":[{"@type":"WebPage","@id":"https:\/\/www.larazondexico.com.mx\/?p=2169","url":"https:\/\/www.larazondexico.com.mx\/?p=2169","name":"PONE EN FUNCIONAMIENTO EL ALCALDE MELCHOR BUDARTH BAEZ, PANELES SOLARES, EN LA PRESIDENCIA MUNICIPAL. - La Raz\u00f3n de Xico - Presencia Informativa en el estado","isPartOf":{"@id":"https:\/\/www.larazondexico.com.mx\/#website"},"primaryImageOfPage":{"@id":"https:\/\/www.larazondexico.com.mx\/?p=2169#primaryimage"},"image":{"@id":"https:\/\/www.larazondexico.com.mx\/?p=2169#primaryimage"},"thumbnailUrl":"https:\/\/www.larazondexico.com.mx\/wp-content\/uploads\/2025\/11\/paneles.jpg","datePublished":"2025-11-27T15:41:44+00:00","dateModified":"2025-11-27T15:41:48+00:00","author":{"@id":"https:\/\/www.larazondexico.com.mx\/#\/schema\/person\/b10ea8a31f9b2f34c2ec8835ba5d1318"},"breadcrumb":{"@id":"https:\/\/www.larazondexico.com.mx\/?p=2169#breadcrumb"},"inLanguage":"es","potentialAction":[{"@type":"ReadAction","target":["https:\/\/www.larazondexico.com.mx\/?p=2169"]}]},{"@type":"ImageObject","inLanguage":"es","@id":"https:\/\/www.larazondexico.com.mx\/?p=2169#primaryimage","url":"https:\/\/www.larazondexico.com.mx\/wp-content\/uploads\/2025\/11\/paneles.jpg","contentUrl":"https:\/\/www.larazondexico.com.mx\/wp-content\/uploads\/2025\/11\/paneles.jpg","width":1280,"height":720},{"@type":"BreadcrumbList","@id":"https:\/\/www.larazondexico.com.mx\/?p=2169#breadcrumb","itemListElement":[{"@type":"ListItem","position":1,"name":"Portada","item":"https:\/\/www.larazondexico.com.mx\/"},{"@type":"ListItem","position":2,"name":"PONE EN FUNCIONAMIENTO EL ALCALDE MELCHOR BUDARTH BAEZ, PANELES SOLARES, EN LA PRESIDENCIA MUNICIPAL."}]},{"@type":"WebSite","@id":"https:\/\/www.larazondexico.com.mx\/#website","url":"https:\/\/www.larazondexico.com.mx\/","name":"La Raz\u00f3n de Xico - Presencia Informativa en el estado","description":"","potentialAction":[{"@type":"SearchAction","target":{"@type":"EntryPoint","urlTemplate":"https:\/\/www.larazondexico.com.mx\/?s={search_term_string}"},"query-input":{"@type":"PropertyValueSpecification","valueRequired":true,"valueName":"search_term_string"}}],"inLanguage":"es"},{"@type":"Person","@id":"https:\/\/www.larazondexico.com.mx\/#\/schema\/person\/b10ea8a31f9b2f34c2ec8835ba5d1318","name":"Juan Jos\u00e9 Contreras Gonz\u00e1lez","image":{"@type":"ImageObject","inLanguage":"es","@id":"https:\/\/www.larazondexico.com.mx\/#\/schema\/person\/image\/","url":"https:\/\/secure.gravatar.com\/avatar\/2b2a34677c3407f25b56188b4c2ca478?s=96&d=mm&r=g","contentUrl":"https:\/\/secure.gravatar.com\/avatar\/2b2a34677c3407f25b56188b4c2ca478?s=96&d=mm&r=g","caption":"Juan Jos\u00e9 Contreras Gonz\u00e1lez"},"url":"https:\/\/www.larazondexico.com.mx\/?author=2"}]}},"_links":{"self":[{"href":"https:\/\/www.larazondexico.com.mx\/index.php?rest_route=\/wp\/v2\/posts\/2169","targetHints":{"allow":["GET"]}}],"collection":[{"href":"https:\/\/www.larazondexico.com.mx\/index.php?rest_route=\/wp\/v2\/posts"}],"about":[{"href":"https:\/\/www.larazondexico.com.mx\/index.php?rest_route=\/wp\/v2\/types\/post"}],"author":[{"embeddable":true,"href":"https:\/\/www.larazondexico.com.mx\/index.php?rest_route=\/wp\/v2\/users\/2"}],"replies":[{"embeddable":true,"href":"https:\/\/www.larazondexico.com.mx\/index.php?rest_route=%2Fwp%2Fv2%2Fcomments&post=2169"}],"version-history":[{"count":1,"href":"https:\/\/www.larazondexico.com.mx\/index.php?rest_route=\/wp\/v2\/posts\/2169\/revisions"}],"predecessor-version":[{"id":2171,"href":"https:\/\/www.larazondexico.com.mx\/index.php?rest_route=\/wp\/v2\/posts\/2169\/revisions\/2171"}],"wp:featuredmedia":[{"embeddable":true,"href":"https:\/\/www.larazondexico.com.mx\/index.php?rest_route=\/wp\/v2\/media\/2170"}],"wp:attachment":[{"href":"https:\/\/www.larazondexico.com.mx\/index.php?rest_route=%2Fwp%2Fv2%2Fmedia&parent=2169"}],"wp:term":[{"taxonomy":"category","embeddable":true,"href":"https:\/\/www.larazondexico.com.mx\/index.php?rest_route=%2Fwp%2Fv2%2Fcategories&post=2169"},{"taxonomy":"post_tag","embeddable":true,"href":"https:\/\/www.larazondexico.com.mx\/index.php?rest_route=%2Fwp%2Fv2%2Ftags&post=2169"}],"curies":[{"name":"wp","href":"https:\/\/api.w.org\/{rel}","templated":true}]}}