{"id":2020,"date":"2025-11-03T11:09:06","date_gmt":"2025-11-03T17:09:06","guid":{"rendered":"https:\/\/www.larazondexico.com.mx\/?p=2020"},"modified":"2025-11-04T11:18:41","modified_gmt":"2025-11-04T17:18:41","slug":"reconoce-martha-uresti-de-budarth-el-trabajo-en-bien-de-las-familias-de-ocampo-de-maria-santiago-de-villarreal","status":"publish","type":"post","link":"https:\/\/www.larazondexico.com.mx\/?p=2020","title":{"rendered":"RECONOCE MARTHA URESTI DE BUDARTH EL TRABAJO EN BIEN DE LAS FAMILIAS DE OCAMPO, DE MARIA SANTIAGO DE VILLARREAL."},"content":{"rendered":"\n<p>Ocampo, Tamaulipas.-(Escribe Juan Jos\u00e9 Contreras Gonz\u00e1lez).-Al asistir al concurso estatal de Catrinas denominado \u00abAlmas Tamaulipecas\u00bb, la Presidenta del DIF municipal Martha Uresti de Budarth, reconoci\u00f3 p\u00fablicamente la labor que viene realizando en todo el Estado la Sra. Mar\u00eda Santiago de Villarreal al Frente de la Presidencia del Sistema Para el Desarrollo Integral de la Tamaulipas en Tamaulipas, pue esto ha repercutido en gran parte en las familias de nuestro amado pueblo de Ocampo.<\/p>\n\n\n\n<p>La primera dama del municipio, asisti\u00f3 junto con su esposo el alcalde Melchor Budarth B\u00e1ez, a una velada especial realizada en el palacio de Gobierno en Ciudad Victoria, en donde se desarrollo el Concurso \u00abAlmas Tamaulipecas\u00bb, en donde Ocampo, tuvo una excelente participaci\u00f3n. ah\u00ed se estrecharon los lazos de amistad y trabajo en bien de las familias Tamaulipecas, y en donde ha quedado demostrado la humildad, la responsabilidad, y el amor de  Mar\u00eda Santiago de Villarreal, al frente de este organismo del DIF Tamaulipas.<\/p>\n\n\n\n<p>Martha Uresti de Budarth, reitero que en el dialogo confirmaron su prop\u00f3sito de seguir trabajando por las familias del vergel Tamaulipeco, demostrando en todo momento el esp\u00edritu solidario que tiene la primera dama del estado de Tamaulipas.<\/p>\n\n\n\n<p><\/p>\n\n\n\n<p><br><br><br><br><br><br><br><\/p>\n","protected":false},"excerpt":{"rendered":"<p>Ocampo, Tamaulipas.-(Escribe Juan Jos\u00e9 Contreras Gonz\u00e1lez).-Al asistir al concurso estatal de Catrinas denominado \u00abAlmas Tamaulipecas\u00bb, la Presidenta del DIF municipal Martha Uresti de Budarth, reconoci\u00f3 p\u00fablicamente la labor que viene realizando en todo el Estado la Sra. Mar\u00eda Santiago de Villarreal al Frente de la Presidencia del Sistema Para el Desarrollo Integral de la Tamaulipas&#8230;<\/p>\n","protected":false},"author":2,"featured_media":2021,"comment_status":"closed","ping_status":"closed","sticky":false,"template":"","format":"standard","meta":{"footnotes":""},"categories":[12],"tags":[],"class_list":["post-2020","post","type-post","status-publish","format-standard","has-post-thumbnail","hentry","category-ocampo"],"yoast_head":"<!-- This site is optimized with the Yoast SEO plugin v25.6 - https:\/\/yoast.com\/wordpress\/plugins\/seo\/ -->\n<title>RECONOCE MARTHA URESTI DE BUDARTH EL TRABAJO EN BIEN DE LAS FAMILIAS DE OCAMPO, DE MARIA SANTIAGO DE VILLARREAL. - La Raz\u00f3n de Xico - Presencia Informativa en el estado<\/title>\n<meta name=\"robots\" content=\"index, follow, max-snippet:-1, max-image-preview:large, max-video-preview:-1\" \/>\n<link rel=\"canonical\" href=\"https:\/\/www.larazondexico.com.mx\/?p=2020\" \/>\n<meta property=\"og:locale\" content=\"es_ES\" \/>\n<meta property=\"og:type\" content=\"article\" \/>\n<meta property=\"og:title\" content=\"RECONOCE MARTHA URESTI DE BUDARTH EL TRABAJO EN BIEN DE LAS FAMILIAS DE OCAMPO, DE MARIA SANTIAGO DE VILLARREAL. - La Raz\u00f3n de Xico - Presencia Informativa en el estado\" \/>\n<meta property=\"og:description\" content=\"Ocampo, Tamaulipas.-(Escribe Juan Jos\u00e9 Contreras Gonz\u00e1lez).-Al asistir al concurso estatal de Catrinas denominado \u00abAlmas Tamaulipecas\u00bb, la Presidenta del DIF municipal Martha Uresti de Budarth, reconoci\u00f3 p\u00fablicamente la labor que viene realizando en todo el Estado la Sra. Mar\u00eda Santiago de Villarreal al Frente de la Presidencia del Sistema Para el Desarrollo Integral de la Tamaulipas...\" \/>\n<meta property=\"og:url\" content=\"https:\/\/www.larazondexico.com.mx\/?p=2020\" \/>\n<meta property=\"og:site_name\" content=\"La Raz\u00f3n de Xico - Presencia Informativa en el estado\" \/>\n<meta property=\"article:published_time\" content=\"2025-11-03T17:09:06+00:00\" \/>\n<meta property=\"article:modified_time\" content=\"2025-11-04T17:18:41+00:00\" \/>\n<meta property=\"og:image\" content=\"https:\/\/www.larazondexico.com.mx\/wp-content\/uploads\/2025\/11\/mariana-y-martha.jpg\" \/>\n\t<meta property=\"og:image:width\" content=\"960\" \/>\n\t<meta property=\"og:image:height\" content=\"1280\" \/>\n\t<meta property=\"og:image:type\" content=\"image\/jpeg\" \/>\n<meta name=\"author\" content=\"Juan Jos\u00e9 Contreras Gonz\u00e1lez\" \/>\n<meta name=\"twitter:card\" content=\"summary_large_image\" \/>\n<meta name=\"twitter:label1\" content=\"Escrito por\" \/>\n\t<meta name=\"twitter:data1\" content=\"Juan Jos\u00e9 Contreras Gonz\u00e1lez\" \/>\n\t<meta name=\"twitter:label2\" content=\"Tiempo de lectura\" \/>\n\t<meta name=\"twitter:data2\" content=\"2 minutos\" \/>\n<script type=\"application\/ld+json\" class=\"yoast-schema-graph\">{\"@context\":\"https:\/\/schema.org\",\"@graph\":[{\"@type\":\"WebPage\",\"@id\":\"https:\/\/www.larazondexico.com.mx\/?p=2020\",\"url\":\"https:\/\/www.larazondexico.com.mx\/?p=2020\",\"name\":\"RECONOCE MARTHA URESTI DE BUDARTH EL TRABAJO EN BIEN DE LAS FAMILIAS DE OCAMPO, DE MARIA SANTIAGO DE VILLARREAL. - La Raz\u00f3n de Xico - Presencia Informativa en el estado\",\"isPartOf\":{\"@id\":\"https:\/\/www.larazondexico.com.mx\/#website\"},\"primaryImageOfPage\":{\"@id\":\"https:\/\/www.larazondexico.com.mx\/?p=2020#primaryimage\"},\"image\":{\"@id\":\"https:\/\/www.larazondexico.com.mx\/?p=2020#primaryimage\"},\"thumbnailUrl\":\"https:\/\/www.larazondexico.com.mx\/wp-content\/uploads\/2025\/11\/mariana-y-martha.jpg\",\"datePublished\":\"2025-11-03T17:09:06+00:00\",\"dateModified\":\"2025-11-04T17:18:41+00:00\",\"author\":{\"@id\":\"https:\/\/www.larazondexico.com.mx\/#\/schema\/person\/b10ea8a31f9b2f34c2ec8835ba5d1318\"},\"breadcrumb\":{\"@id\":\"https:\/\/www.larazondexico.com.mx\/?p=2020#breadcrumb\"},\"inLanguage\":\"es\",\"potentialAction\":[{\"@type\":\"ReadAction\",\"target\":[\"https:\/\/www.larazondexico.com.mx\/?p=2020\"]}]},{\"@type\":\"ImageObject\",\"inLanguage\":\"es\",\"@id\":\"https:\/\/www.larazondexico.com.mx\/?p=2020#primaryimage\",\"url\":\"https:\/\/www.larazondexico.com.mx\/wp-content\/uploads\/2025\/11\/mariana-y-martha.jpg\",\"contentUrl\":\"https:\/\/www.larazondexico.com.mx\/wp-content\/uploads\/2025\/11\/mariana-y-martha.jpg\",\"width\":960,\"height\":1280},{\"@type\":\"BreadcrumbList\",\"@id\":\"https:\/\/www.larazondexico.com.mx\/?p=2020#breadcrumb\",\"itemListElement\":[{\"@type\":\"ListItem\",\"position\":1,\"name\":\"Portada\",\"item\":\"https:\/\/www.larazondexico.com.mx\/\"},{\"@type\":\"ListItem\",\"position\":2,\"name\":\"RECONOCE MARTHA URESTI DE BUDARTH EL TRABAJO EN BIEN DE LAS FAMILIAS DE OCAMPO, DE MARIA SANTIAGO DE VILLARREAL.\"}]},{\"@type\":\"WebSite\",\"@id\":\"https:\/\/www.larazondexico.com.mx\/#website\",\"url\":\"https:\/\/www.larazondexico.com.mx\/\",\"name\":\"La Raz\u00f3n de Xico - Presencia Informativa en el estado\",\"description\":\"\",\"potentialAction\":[{\"@type\":\"SearchAction\",\"target\":{\"@type\":\"EntryPoint\",\"urlTemplate\":\"https:\/\/www.larazondexico.com.mx\/?s={search_term_string}\"},\"query-input\":{\"@type\":\"PropertyValueSpecification\",\"valueRequired\":true,\"valueName\":\"search_term_string\"}}],\"inLanguage\":\"es\"},{\"@type\":\"Person\",\"@id\":\"https:\/\/www.larazondexico.com.mx\/#\/schema\/person\/b10ea8a31f9b2f34c2ec8835ba5d1318\",\"name\":\"Juan Jos\u00e9 Contreras Gonz\u00e1lez\",\"image\":{\"@type\":\"ImageObject\",\"inLanguage\":\"es\",\"@id\":\"https:\/\/www.larazondexico.com.mx\/#\/schema\/person\/image\/\",\"url\":\"https:\/\/secure.gravatar.com\/avatar\/2b2a34677c3407f25b56188b4c2ca478?s=96&d=mm&r=g\",\"contentUrl\":\"https:\/\/secure.gravatar.com\/avatar\/2b2a34677c3407f25b56188b4c2ca478?s=96&d=mm&r=g\",\"caption\":\"Juan Jos\u00e9 Contreras Gonz\u00e1lez\"},\"url\":\"https:\/\/www.larazondexico.com.mx\/?author=2\"}]}<\/script>\n<!-- \/ Yoast SEO plugin. -->","yoast_head_json":{"title":"RECONOCE MARTHA URESTI DE BUDARTH EL TRABAJO EN BIEN DE LAS FAMILIAS DE OCAMPO, DE MARIA SANTIAGO DE VILLARREAL. - La Raz\u00f3n de Xico - Presencia Informativa en el estado","robots":{"index":"index","follow":"follow","max-snippet":"max-snippet:-1","max-image-preview":"max-image-preview:large","max-video-preview":"max-video-preview:-1"},"canonical":"https:\/\/www.larazondexico.com.mx\/?p=2020","og_locale":"es_ES","og_type":"article","og_title":"RECONOCE MARTHA URESTI DE BUDARTH EL TRABAJO EN BIEN DE LAS FAMILIAS DE OCAMPO, DE MARIA SANTIAGO DE VILLARREAL. - La Raz\u00f3n de Xico - Presencia Informativa en el estado","og_description":"Ocampo, Tamaulipas.-(Escribe Juan Jos\u00e9 Contreras Gonz\u00e1lez).-Al asistir al concurso estatal de Catrinas denominado \u00abAlmas Tamaulipecas\u00bb, la Presidenta del DIF municipal Martha Uresti de Budarth, reconoci\u00f3 p\u00fablicamente la labor que viene realizando en todo el Estado la Sra. Mar\u00eda Santiago de Villarreal al Frente de la Presidencia del Sistema Para el Desarrollo Integral de la Tamaulipas...","og_url":"https:\/\/www.larazondexico.com.mx\/?p=2020","og_site_name":"La Raz\u00f3n de Xico - Presencia Informativa en el estado","article_published_time":"2025-11-03T17:09:06+00:00","article_modified_time":"2025-11-04T17:18:41+00:00","og_image":[{"width":960,"height":1280,"url":"https:\/\/www.larazondexico.com.mx\/wp-content\/uploads\/2025\/11\/mariana-y-martha.jpg","type":"image\/jpeg"}],"author":"Juan Jos\u00e9 Contreras Gonz\u00e1lez","twitter_card":"summary_large_image","twitter_misc":{"Escrito por":"Juan Jos\u00e9 Contreras Gonz\u00e1lez","Tiempo de lectura":"2 minutos"},"schema":{"@context":"https:\/\/schema.org","@graph":[{"@type":"WebPage","@id":"https:\/\/www.larazondexico.com.mx\/?p=2020","url":"https:\/\/www.larazondexico.com.mx\/?p=2020","name":"RECONOCE MARTHA URESTI DE BUDARTH EL TRABAJO EN BIEN DE LAS FAMILIAS DE OCAMPO, DE MARIA SANTIAGO DE VILLARREAL. - La Raz\u00f3n de Xico - Presencia Informativa en el estado","isPartOf":{"@id":"https:\/\/www.larazondexico.com.mx\/#website"},"primaryImageOfPage":{"@id":"https:\/\/www.larazondexico.com.mx\/?p=2020#primaryimage"},"image":{"@id":"https:\/\/www.larazondexico.com.mx\/?p=2020#primaryimage"},"thumbnailUrl":"https:\/\/www.larazondexico.com.mx\/wp-content\/uploads\/2025\/11\/mariana-y-martha.jpg","datePublished":"2025-11-03T17:09:06+00:00","dateModified":"2025-11-04T17:18:41+00:00","author":{"@id":"https:\/\/www.larazondexico.com.mx\/#\/schema\/person\/b10ea8a31f9b2f34c2ec8835ba5d1318"},"breadcrumb":{"@id":"https:\/\/www.larazondexico.com.mx\/?p=2020#breadcrumb"},"inLanguage":"es","potentialAction":[{"@type":"ReadAction","target":["https:\/\/www.larazondexico.com.mx\/?p=2020"]}]},{"@type":"ImageObject","inLanguage":"es","@id":"https:\/\/www.larazondexico.com.mx\/?p=2020#primaryimage","url":"https:\/\/www.larazondexico.com.mx\/wp-content\/uploads\/2025\/11\/mariana-y-martha.jpg","contentUrl":"https:\/\/www.larazondexico.com.mx\/wp-content\/uploads\/2025\/11\/mariana-y-martha.jpg","width":960,"height":1280},{"@type":"BreadcrumbList","@id":"https:\/\/www.larazondexico.com.mx\/?p=2020#breadcrumb","itemListElement":[{"@type":"ListItem","position":1,"name":"Portada","item":"https:\/\/www.larazondexico.com.mx\/"},{"@type":"ListItem","position":2,"name":"RECONOCE MARTHA URESTI DE BUDARTH EL TRABAJO EN BIEN DE LAS FAMILIAS DE OCAMPO, DE MARIA SANTIAGO DE VILLARREAL."}]},{"@type":"WebSite","@id":"https:\/\/www.larazondexico.com.mx\/#website","url":"https:\/\/www.larazondexico.com.mx\/","name":"La Raz\u00f3n de Xico - Presencia Informativa en el estado","description":"","potentialAction":[{"@type":"SearchAction","target":{"@type":"EntryPoint","urlTemplate":"https:\/\/www.larazondexico.com.mx\/?s={search_term_string}"},"query-input":{"@type":"PropertyValueSpecification","valueRequired":true,"valueName":"search_term_string"}}],"inLanguage":"es"},{"@type":"Person","@id":"https:\/\/www.larazondexico.com.mx\/#\/schema\/person\/b10ea8a31f9b2f34c2ec8835ba5d1318","name":"Juan Jos\u00e9 Contreras Gonz\u00e1lez","image":{"@type":"ImageObject","inLanguage":"es","@id":"https:\/\/www.larazondexico.com.mx\/#\/schema\/person\/image\/","url":"https:\/\/secure.gravatar.com\/avatar\/2b2a34677c3407f25b56188b4c2ca478?s=96&d=mm&r=g","contentUrl":"https:\/\/secure.gravatar.com\/avatar\/2b2a34677c3407f25b56188b4c2ca478?s=96&d=mm&r=g","caption":"Juan Jos\u00e9 Contreras Gonz\u00e1lez"},"url":"https:\/\/www.larazondexico.com.mx\/?author=2"}]}},"_links":{"self":[{"href":"https:\/\/www.larazondexico.com.mx\/index.php?rest_route=\/wp\/v2\/posts\/2020","targetHints":{"allow":["GET"]}}],"collection":[{"href":"https:\/\/www.larazondexico.com.mx\/index.php?rest_route=\/wp\/v2\/posts"}],"about":[{"href":"https:\/\/www.larazondexico.com.mx\/index.php?rest_route=\/wp\/v2\/types\/post"}],"author":[{"embeddable":true,"href":"https:\/\/www.larazondexico.com.mx\/index.php?rest_route=\/wp\/v2\/users\/2"}],"replies":[{"embeddable":true,"href":"https:\/\/www.larazondexico.com.mx\/index.php?rest_route=%2Fwp%2Fv2%2Fcomments&post=2020"}],"version-history":[{"count":1,"href":"https:\/\/www.larazondexico.com.mx\/index.php?rest_route=\/wp\/v2\/posts\/2020\/revisions"}],"predecessor-version":[{"id":2022,"href":"https:\/\/www.larazondexico.com.mx\/index.php?rest_route=\/wp\/v2\/posts\/2020\/revisions\/2022"}],"wp:featuredmedia":[{"embeddable":true,"href":"https:\/\/www.larazondexico.com.mx\/index.php?rest_route=\/wp\/v2\/media\/2021"}],"wp:attachment":[{"href":"https:\/\/www.larazondexico.com.mx\/index.php?rest_route=%2Fwp%2Fv2%2Fmedia&parent=2020"}],"wp:term":[{"taxonomy":"category","embeddable":true,"href":"https:\/\/www.larazondexico.com.mx\/index.php?rest_route=%2Fwp%2Fv2%2Fcategories&post=2020"},{"taxonomy":"post_tag","embeddable":true,"href":"https:\/\/www.larazondexico.com.mx\/index.php?rest_route=%2Fwp%2Fv2%2Ftags&post=2020"}],"curies":[{"name":"wp","href":"https:\/\/api.w.org\/{rel}","templated":true}]}}