{"id":1966,"date":"2025-10-30T10:40:15","date_gmt":"2025-10-30T16:40:15","guid":{"rendered":"https:\/\/www.larazondexico.com.mx\/?p=1966"},"modified":"2025-10-30T10:40:18","modified_gmt":"2025-10-30T16:40:18","slug":"prosigue-melchor-budarth-baez-buscando-el-bienestar-de-su-pueblo-de-ocampo","status":"publish","type":"post","link":"https:\/\/www.larazondexico.com.mx\/?p=1966","title":{"rendered":"PROSIGUE MELCHOR BUDARTH BAEZ, BUSCANDO EL BIENESTAR DE SU PUEBLO DE OCAMPO."},"content":{"rendered":"\n<p>Ocampo, Tamaulipas.-(Escribe Juan Jos\u00e9 Contreras Gonz\u00e1lez).-Quien no descansa de gestionar y andar tocando puertas en el Gobierno de Tamaulipas, es el alcalde transformador del vergel Tamaulipeco el C.P. Melchor Budarth B\u00e1ez, quien recientemente se Reuni\u00f3n con el director general de ITIFE el Ing. Sergio Castillo Sagastegui.<\/p>\n\n\n\n<p>En dicha Reuni\u00f3n celebrada en las instalaciones de ITIFE, el alcalde comparti\u00f3 varios proyectos educativos, y expuso diversos problemas que atraviesan algunos planteles educativos del municipio, coincidiendo ambos funcionarios, en que pronto se realizar\u00eda una visita a este municipio, para conocer primordialmente la realidad de las instituciones educativas, y de esta manera poder ser contempladas en el plan de acci\u00f3n del 2026.<\/p>\n\n\n\n<p>El alcalde Melchor Budarth B\u00e1ez, agradeci\u00f3 las muestras de atenci\u00f3n del funcionario estatal, y reitero su disponibilidad de unir criterios y esfuerzos para seguir transformando a Ocampo, y sus planteles educativos.<\/p>\n\n\n\n<p>  <a href=\"https:\/\/www.facebook.com\/hashtag\/gobiernodeocampo?__eep__=6&amp;__cft__[0]=AZVjegT2aPuqRADQAbvheGVEYTBjcUXXjlgfiP9Un5UcAirbIv9x9I3FGP_FuJF8u_dBo8nj5flJZYElqasB504A1rAkUayeMYeEKIlaKt0gCxqdCXd3l0JOZiLAIQeuFkCxSABOYgnWl6JKUpUKzPWXYqbJQHQYAmtvCKXL6v0rROUA-CtDCCR4ZIT7niciE83XvAEhTfs_-age7PHXGTvo&amp;__tn__=*NK-R\">#GobiernoDeOcampo<\/a> <a href=\"https:\/\/www.facebook.com\/hashtag\/mascercadenuestragente?__eep__=6&amp;__cft__[0]=AZVjegT2aPuqRADQAbvheGVEYTBjcUXXjlgfiP9Un5UcAirbIv9x9I3FGP_FuJF8u_dBo8nj5flJZYElqasB504A1rAkUayeMYeEKIlaKt0gCxqdCXd3l0JOZiLAIQeuFkCxSABOYgnWl6JKUpUKzPWXYqbJQHQYAmtvCKXL6v0rROUA-CtDCCR4ZIT7niciE83XvAEhTfs_-age7PHXGTvo&amp;__tn__=*NK-R\">#MasCercaDeNuestraGente<\/a> <a href=\"https:\/\/www.facebook.com\/hashtag\/educaci%C3%B3nparatodos?__eep__=6&amp;__cft__[0]=AZVjegT2aPuqRADQAbvheGVEYTBjcUXXjlgfiP9Un5UcAirbIv9x9I3FGP_FuJF8u_dBo8nj5flJZYElqasB504A1rAkUayeMYeEKIlaKt0gCxqdCXd3l0JOZiLAIQeuFkCxSABOYgnWl6JKUpUKzPWXYqbJQHQYAmtvCKXL6v0rROUA-CtDCCR4ZIT7niciE83XvAEhTfs_-age7PHXGTvo&amp;__tn__=*NK-R\">#Educaci\u00f3nParaTodos<\/a><br><br><br><br><br><br><\/p>\n\n\n\n<p><\/p>\n","protected":false},"excerpt":{"rendered":"<p>Ocampo, Tamaulipas.-(Escribe Juan Jos\u00e9 Contreras Gonz\u00e1lez).-Quien no descansa de gestionar y andar tocando puertas en el Gobierno de Tamaulipas, es el alcalde transformador del vergel Tamaulipeco el C.P. Melchor Budarth B\u00e1ez, quien recientemente se Reuni\u00f3n con el director general de ITIFE el Ing. Sergio Castillo Sagastegui. En dicha Reuni\u00f3n celebrada en las instalaciones de ITIFE,&#8230;<\/p>\n","protected":false},"author":2,"featured_media":1967,"comment_status":"closed","ping_status":"closed","sticky":false,"template":"","format":"standard","meta":{"footnotes":""},"categories":[12],"tags":[],"class_list":["post-1966","post","type-post","status-publish","format-standard","has-post-thumbnail","hentry","category-ocampo"],"yoast_head":"<!-- This site is optimized with the Yoast SEO plugin v25.6 - https:\/\/yoast.com\/wordpress\/plugins\/seo\/ -->\n<title>PROSIGUE MELCHOR BUDARTH BAEZ, BUSCANDO EL BIENESTAR DE SU PUEBLO DE OCAMPO. - La Raz\u00f3n de Xico - Presencia Informativa en el estado<\/title>\n<meta name=\"robots\" content=\"index, follow, max-snippet:-1, max-image-preview:large, max-video-preview:-1\" \/>\n<link rel=\"canonical\" href=\"https:\/\/www.larazondexico.com.mx\/?p=1966\" \/>\n<meta property=\"og:locale\" content=\"es_ES\" \/>\n<meta property=\"og:type\" content=\"article\" \/>\n<meta property=\"og:title\" content=\"PROSIGUE MELCHOR BUDARTH BAEZ, BUSCANDO EL BIENESTAR DE SU PUEBLO DE OCAMPO. - La Raz\u00f3n de Xico - Presencia Informativa en el estado\" \/>\n<meta property=\"og:description\" content=\"Ocampo, Tamaulipas.-(Escribe Juan Jos\u00e9 Contreras Gonz\u00e1lez).-Quien no descansa de gestionar y andar tocando puertas en el Gobierno de Tamaulipas, es el alcalde transformador del vergel Tamaulipeco el C.P. Melchor Budarth B\u00e1ez, quien recientemente se Reuni\u00f3n con el director general de ITIFE el Ing. Sergio Castillo Sagastegui. En dicha Reuni\u00f3n celebrada en las instalaciones de ITIFE,...\" \/>\n<meta property=\"og:url\" content=\"https:\/\/www.larazondexico.com.mx\/?p=1966\" \/>\n<meta property=\"og:site_name\" content=\"La Raz\u00f3n de Xico - Presencia Informativa en el estado\" \/>\n<meta property=\"article:published_time\" content=\"2025-10-30T16:40:15+00:00\" \/>\n<meta property=\"article:modified_time\" content=\"2025-10-30T16:40:18+00:00\" \/>\n<meta property=\"og:image\" content=\"https:\/\/www.larazondexico.com.mx\/wp-content\/uploads\/2025\/10\/ocampo-2.jpg\" \/>\n\t<meta property=\"og:image:width\" content=\"960\" \/>\n\t<meta property=\"og:image:height\" content=\"1280\" \/>\n\t<meta property=\"og:image:type\" content=\"image\/jpeg\" \/>\n<meta name=\"author\" content=\"Juan Jos\u00e9 Contreras Gonz\u00e1lez\" \/>\n<meta name=\"twitter:card\" content=\"summary_large_image\" \/>\n<meta name=\"twitter:label1\" content=\"Escrito por\" \/>\n\t<meta name=\"twitter:data1\" content=\"Juan Jos\u00e9 Contreras Gonz\u00e1lez\" \/>\n\t<meta name=\"twitter:label2\" content=\"Tiempo de lectura\" \/>\n\t<meta name=\"twitter:data2\" content=\"1 minuto\" \/>\n<script type=\"application\/ld+json\" class=\"yoast-schema-graph\">{\"@context\":\"https:\/\/schema.org\",\"@graph\":[{\"@type\":\"WebPage\",\"@id\":\"https:\/\/www.larazondexico.com.mx\/?p=1966\",\"url\":\"https:\/\/www.larazondexico.com.mx\/?p=1966\",\"name\":\"PROSIGUE MELCHOR BUDARTH BAEZ, BUSCANDO EL BIENESTAR DE SU PUEBLO DE OCAMPO. - La Raz\u00f3n de Xico - Presencia Informativa en el estado\",\"isPartOf\":{\"@id\":\"https:\/\/www.larazondexico.com.mx\/#website\"},\"primaryImageOfPage\":{\"@id\":\"https:\/\/www.larazondexico.com.mx\/?p=1966#primaryimage\"},\"image\":{\"@id\":\"https:\/\/www.larazondexico.com.mx\/?p=1966#primaryimage\"},\"thumbnailUrl\":\"https:\/\/www.larazondexico.com.mx\/wp-content\/uploads\/2025\/10\/ocampo-2.jpg\",\"datePublished\":\"2025-10-30T16:40:15+00:00\",\"dateModified\":\"2025-10-30T16:40:18+00:00\",\"author\":{\"@id\":\"https:\/\/www.larazondexico.com.mx\/#\/schema\/person\/b10ea8a31f9b2f34c2ec8835ba5d1318\"},\"breadcrumb\":{\"@id\":\"https:\/\/www.larazondexico.com.mx\/?p=1966#breadcrumb\"},\"inLanguage\":\"es\",\"potentialAction\":[{\"@type\":\"ReadAction\",\"target\":[\"https:\/\/www.larazondexico.com.mx\/?p=1966\"]}]},{\"@type\":\"ImageObject\",\"inLanguage\":\"es\",\"@id\":\"https:\/\/www.larazondexico.com.mx\/?p=1966#primaryimage\",\"url\":\"https:\/\/www.larazondexico.com.mx\/wp-content\/uploads\/2025\/10\/ocampo-2.jpg\",\"contentUrl\":\"https:\/\/www.larazondexico.com.mx\/wp-content\/uploads\/2025\/10\/ocampo-2.jpg\",\"width\":960,\"height\":1280},{\"@type\":\"BreadcrumbList\",\"@id\":\"https:\/\/www.larazondexico.com.mx\/?p=1966#breadcrumb\",\"itemListElement\":[{\"@type\":\"ListItem\",\"position\":1,\"name\":\"Portada\",\"item\":\"https:\/\/www.larazondexico.com.mx\/\"},{\"@type\":\"ListItem\",\"position\":2,\"name\":\"PROSIGUE MELCHOR BUDARTH BAEZ, BUSCANDO EL BIENESTAR DE SU PUEBLO DE OCAMPO.\"}]},{\"@type\":\"WebSite\",\"@id\":\"https:\/\/www.larazondexico.com.mx\/#website\",\"url\":\"https:\/\/www.larazondexico.com.mx\/\",\"name\":\"La Raz\u00f3n de Xico - Presencia Informativa en el estado\",\"description\":\"\",\"potentialAction\":[{\"@type\":\"SearchAction\",\"target\":{\"@type\":\"EntryPoint\",\"urlTemplate\":\"https:\/\/www.larazondexico.com.mx\/?s={search_term_string}\"},\"query-input\":{\"@type\":\"PropertyValueSpecification\",\"valueRequired\":true,\"valueName\":\"search_term_string\"}}],\"inLanguage\":\"es\"},{\"@type\":\"Person\",\"@id\":\"https:\/\/www.larazondexico.com.mx\/#\/schema\/person\/b10ea8a31f9b2f34c2ec8835ba5d1318\",\"name\":\"Juan Jos\u00e9 Contreras Gonz\u00e1lez\",\"image\":{\"@type\":\"ImageObject\",\"inLanguage\":\"es\",\"@id\":\"https:\/\/www.larazondexico.com.mx\/#\/schema\/person\/image\/\",\"url\":\"https:\/\/secure.gravatar.com\/avatar\/2b2a34677c3407f25b56188b4c2ca478?s=96&d=mm&r=g\",\"contentUrl\":\"https:\/\/secure.gravatar.com\/avatar\/2b2a34677c3407f25b56188b4c2ca478?s=96&d=mm&r=g\",\"caption\":\"Juan Jos\u00e9 Contreras Gonz\u00e1lez\"},\"url\":\"https:\/\/www.larazondexico.com.mx\/?author=2\"}]}<\/script>\n<!-- \/ Yoast SEO plugin. -->","yoast_head_json":{"title":"PROSIGUE MELCHOR BUDARTH BAEZ, BUSCANDO EL BIENESTAR DE SU PUEBLO DE OCAMPO. - La Raz\u00f3n de Xico - Presencia Informativa en el estado","robots":{"index":"index","follow":"follow","max-snippet":"max-snippet:-1","max-image-preview":"max-image-preview:large","max-video-preview":"max-video-preview:-1"},"canonical":"https:\/\/www.larazondexico.com.mx\/?p=1966","og_locale":"es_ES","og_type":"article","og_title":"PROSIGUE MELCHOR BUDARTH BAEZ, BUSCANDO EL BIENESTAR DE SU PUEBLO DE OCAMPO. - La Raz\u00f3n de Xico - Presencia Informativa en el estado","og_description":"Ocampo, Tamaulipas.-(Escribe Juan Jos\u00e9 Contreras Gonz\u00e1lez).-Quien no descansa de gestionar y andar tocando puertas en el Gobierno de Tamaulipas, es el alcalde transformador del vergel Tamaulipeco el C.P. Melchor Budarth B\u00e1ez, quien recientemente se Reuni\u00f3n con el director general de ITIFE el Ing. Sergio Castillo Sagastegui. En dicha Reuni\u00f3n celebrada en las instalaciones de ITIFE,...","og_url":"https:\/\/www.larazondexico.com.mx\/?p=1966","og_site_name":"La Raz\u00f3n de Xico - Presencia Informativa en el estado","article_published_time":"2025-10-30T16:40:15+00:00","article_modified_time":"2025-10-30T16:40:18+00:00","og_image":[{"width":960,"height":1280,"url":"https:\/\/www.larazondexico.com.mx\/wp-content\/uploads\/2025\/10\/ocampo-2.jpg","type":"image\/jpeg"}],"author":"Juan Jos\u00e9 Contreras Gonz\u00e1lez","twitter_card":"summary_large_image","twitter_misc":{"Escrito por":"Juan Jos\u00e9 Contreras Gonz\u00e1lez","Tiempo de lectura":"1 minuto"},"schema":{"@context":"https:\/\/schema.org","@graph":[{"@type":"WebPage","@id":"https:\/\/www.larazondexico.com.mx\/?p=1966","url":"https:\/\/www.larazondexico.com.mx\/?p=1966","name":"PROSIGUE MELCHOR BUDARTH BAEZ, BUSCANDO EL BIENESTAR DE SU PUEBLO DE OCAMPO. - La Raz\u00f3n de Xico - Presencia Informativa en el estado","isPartOf":{"@id":"https:\/\/www.larazondexico.com.mx\/#website"},"primaryImageOfPage":{"@id":"https:\/\/www.larazondexico.com.mx\/?p=1966#primaryimage"},"image":{"@id":"https:\/\/www.larazondexico.com.mx\/?p=1966#primaryimage"},"thumbnailUrl":"https:\/\/www.larazondexico.com.mx\/wp-content\/uploads\/2025\/10\/ocampo-2.jpg","datePublished":"2025-10-30T16:40:15+00:00","dateModified":"2025-10-30T16:40:18+00:00","author":{"@id":"https:\/\/www.larazondexico.com.mx\/#\/schema\/person\/b10ea8a31f9b2f34c2ec8835ba5d1318"},"breadcrumb":{"@id":"https:\/\/www.larazondexico.com.mx\/?p=1966#breadcrumb"},"inLanguage":"es","potentialAction":[{"@type":"ReadAction","target":["https:\/\/www.larazondexico.com.mx\/?p=1966"]}]},{"@type":"ImageObject","inLanguage":"es","@id":"https:\/\/www.larazondexico.com.mx\/?p=1966#primaryimage","url":"https:\/\/www.larazondexico.com.mx\/wp-content\/uploads\/2025\/10\/ocampo-2.jpg","contentUrl":"https:\/\/www.larazondexico.com.mx\/wp-content\/uploads\/2025\/10\/ocampo-2.jpg","width":960,"height":1280},{"@type":"BreadcrumbList","@id":"https:\/\/www.larazondexico.com.mx\/?p=1966#breadcrumb","itemListElement":[{"@type":"ListItem","position":1,"name":"Portada","item":"https:\/\/www.larazondexico.com.mx\/"},{"@type":"ListItem","position":2,"name":"PROSIGUE MELCHOR BUDARTH BAEZ, BUSCANDO EL BIENESTAR DE SU PUEBLO DE OCAMPO."}]},{"@type":"WebSite","@id":"https:\/\/www.larazondexico.com.mx\/#website","url":"https:\/\/www.larazondexico.com.mx\/","name":"La Raz\u00f3n de Xico - Presencia Informativa en el estado","description":"","potentialAction":[{"@type":"SearchAction","target":{"@type":"EntryPoint","urlTemplate":"https:\/\/www.larazondexico.com.mx\/?s={search_term_string}"},"query-input":{"@type":"PropertyValueSpecification","valueRequired":true,"valueName":"search_term_string"}}],"inLanguage":"es"},{"@type":"Person","@id":"https:\/\/www.larazondexico.com.mx\/#\/schema\/person\/b10ea8a31f9b2f34c2ec8835ba5d1318","name":"Juan Jos\u00e9 Contreras Gonz\u00e1lez","image":{"@type":"ImageObject","inLanguage":"es","@id":"https:\/\/www.larazondexico.com.mx\/#\/schema\/person\/image\/","url":"https:\/\/secure.gravatar.com\/avatar\/2b2a34677c3407f25b56188b4c2ca478?s=96&d=mm&r=g","contentUrl":"https:\/\/secure.gravatar.com\/avatar\/2b2a34677c3407f25b56188b4c2ca478?s=96&d=mm&r=g","caption":"Juan Jos\u00e9 Contreras Gonz\u00e1lez"},"url":"https:\/\/www.larazondexico.com.mx\/?author=2"}]}},"_links":{"self":[{"href":"https:\/\/www.larazondexico.com.mx\/index.php?rest_route=\/wp\/v2\/posts\/1966","targetHints":{"allow":["GET"]}}],"collection":[{"href":"https:\/\/www.larazondexico.com.mx\/index.php?rest_route=\/wp\/v2\/posts"}],"about":[{"href":"https:\/\/www.larazondexico.com.mx\/index.php?rest_route=\/wp\/v2\/types\/post"}],"author":[{"embeddable":true,"href":"https:\/\/www.larazondexico.com.mx\/index.php?rest_route=\/wp\/v2\/users\/2"}],"replies":[{"embeddable":true,"href":"https:\/\/www.larazondexico.com.mx\/index.php?rest_route=%2Fwp%2Fv2%2Fcomments&post=1966"}],"version-history":[{"count":1,"href":"https:\/\/www.larazondexico.com.mx\/index.php?rest_route=\/wp\/v2\/posts\/1966\/revisions"}],"predecessor-version":[{"id":1968,"href":"https:\/\/www.larazondexico.com.mx\/index.php?rest_route=\/wp\/v2\/posts\/1966\/revisions\/1968"}],"wp:featuredmedia":[{"embeddable":true,"href":"https:\/\/www.larazondexico.com.mx\/index.php?rest_route=\/wp\/v2\/media\/1967"}],"wp:attachment":[{"href":"https:\/\/www.larazondexico.com.mx\/index.php?rest_route=%2Fwp%2Fv2%2Fmedia&parent=1966"}],"wp:term":[{"taxonomy":"category","embeddable":true,"href":"https:\/\/www.larazondexico.com.mx\/index.php?rest_route=%2Fwp%2Fv2%2Fcategories&post=1966"},{"taxonomy":"post_tag","embeddable":true,"href":"https:\/\/www.larazondexico.com.mx\/index.php?rest_route=%2Fwp%2Fv2%2Ftags&post=1966"}],"curies":[{"name":"wp","href":"https:\/\/api.w.org\/{rel}","templated":true}]}}