{"id":1950,"date":"2025-10-27T10:23:08","date_gmt":"2025-10-27T16:23:08","guid":{"rendered":"https:\/\/www.larazondexico.com.mx\/?p=1950"},"modified":"2025-10-27T10:23:12","modified_gmt":"2025-10-27T16:23:12","slug":"gran-evento-familiar-en-xicotencatl","status":"publish","type":"post","link":"https:\/\/www.larazondexico.com.mx\/?p=1950","title":{"rendered":"Gran evento familiar en Xicot\u00e9ncatl"},"content":{"rendered":"\n<p>Cd. Xicot\u00e9ncatl, Tamaulipas.-(Escribe Juan Jos\u00e9 Contreras Gonz\u00e1lez).-Con gran \u00e9xito se desarrollo la primer noche de Lucha Libre en este municipio, con el excelente respaldo de la alcaldesa Mariela L\u00f3pez Sosa, y en donde centenares de familias que se reunieron para disfrutar de este evento deportivo.<\/p>\n\n\n\n<p>La Plaza Principal de Xicot\u00e9ncatl se llen\u00f3 de ambiente durante la tarde-noche de lucha libre, donde familias disfrutaron de grandes combates protagonizados por Parkita, New Star Luna, Cristian Wolf, Princesa Maya, entre otros. <\/p>\n\n\n\n<p>Mariela L\u00f3pez Sosa, presidenta municipal, destac\u00f3 la importancia de promover la convivencia familiar y el sano entretenimiento, en el marco del Mes del C\u00e1ncer de Mama, refrendando desde luego todo su apoyo para todas aquellas personas que padezcan esta enfermedad, cuenten con el respaldo de esta administraci\u00f3n publica y del Sistema Para el Desarrollo Integral de la Familia en esta ciudad, que preside la Lic. Marla Garc\u00eda L\u00f3pez, respectivamente.<\/p>\n\n\n\n<p><\/p>\n\n\n\n<h1 class=\"wp-block-heading\">Xicot\u00e9ncatl #UnGobiernoQueNosUne<\/h1>\n","protected":false},"excerpt":{"rendered":"<p>Cd. Xicot\u00e9ncatl, Tamaulipas.-(Escribe Juan Jos\u00e9 Contreras Gonz\u00e1lez).-Con gran \u00e9xito se desarrollo la primer noche de Lucha Libre en este municipio, con el excelente respaldo de la alcaldesa Mariela L\u00f3pez Sosa, y en donde centenares de familias que se reunieron para disfrutar de este evento deportivo. La Plaza Principal de Xicot\u00e9ncatl se llen\u00f3 de ambiente durante&#8230;<\/p>\n","protected":false},"author":2,"featured_media":1952,"comment_status":"closed","ping_status":"closed","sticky":false,"template":"","format":"standard","meta":{"footnotes":""},"categories":[6],"tags":[],"class_list":["post-1950","post","type-post","status-publish","format-standard","has-post-thumbnail","hentry","category-xico"],"yoast_head":"<!-- This site is optimized with the Yoast SEO plugin v25.6 - https:\/\/yoast.com\/wordpress\/plugins\/seo\/ -->\n<title>Gran evento familiar en Xicot\u00e9ncatl - La Raz\u00f3n de Xico - Presencia Informativa en el estado<\/title>\n<meta name=\"robots\" content=\"index, follow, max-snippet:-1, max-image-preview:large, max-video-preview:-1\" \/>\n<link rel=\"canonical\" href=\"https:\/\/www.larazondexico.com.mx\/?p=1950\" \/>\n<meta property=\"og:locale\" content=\"es_ES\" \/>\n<meta property=\"og:type\" content=\"article\" \/>\n<meta property=\"og:title\" content=\"Gran evento familiar en Xicot\u00e9ncatl - La Raz\u00f3n de Xico - Presencia Informativa en el estado\" \/>\n<meta property=\"og:description\" content=\"Cd. Xicot\u00e9ncatl, Tamaulipas.-(Escribe Juan Jos\u00e9 Contreras Gonz\u00e1lez).-Con gran \u00e9xito se desarrollo la primer noche de Lucha Libre en este municipio, con el excelente respaldo de la alcaldesa Mariela L\u00f3pez Sosa, y en donde centenares de familias que se reunieron para disfrutar de este evento deportivo. La Plaza Principal de Xicot\u00e9ncatl se llen\u00f3 de ambiente durante...\" \/>\n<meta property=\"og:url\" content=\"https:\/\/www.larazondexico.com.mx\/?p=1950\" \/>\n<meta property=\"og:site_name\" content=\"La Raz\u00f3n de Xico - Presencia Informativa en el estado\" \/>\n<meta property=\"article:published_time\" content=\"2025-10-27T16:23:08+00:00\" \/>\n<meta property=\"article:modified_time\" content=\"2025-10-27T16:23:12+00:00\" \/>\n<meta property=\"og:image\" content=\"https:\/\/www.larazondexico.com.mx\/wp-content\/uploads\/2025\/10\/lucha-libre.jpg\" \/>\n\t<meta property=\"og:image:width\" content=\"1280\" \/>\n\t<meta property=\"og:image:height\" content=\"853\" \/>\n\t<meta property=\"og:image:type\" content=\"image\/jpeg\" \/>\n<meta name=\"author\" content=\"Juan Jos\u00e9 Contreras Gonz\u00e1lez\" \/>\n<meta name=\"twitter:card\" content=\"summary_large_image\" \/>\n<meta name=\"twitter:label1\" content=\"Escrito por\" \/>\n\t<meta name=\"twitter:data1\" content=\"Juan Jos\u00e9 Contreras Gonz\u00e1lez\" \/>\n\t<meta name=\"twitter:label2\" content=\"Tiempo de lectura\" \/>\n\t<meta name=\"twitter:data2\" content=\"1 minuto\" \/>\n<script type=\"application\/ld+json\" class=\"yoast-schema-graph\">{\"@context\":\"https:\/\/schema.org\",\"@graph\":[{\"@type\":\"WebPage\",\"@id\":\"https:\/\/www.larazondexico.com.mx\/?p=1950\",\"url\":\"https:\/\/www.larazondexico.com.mx\/?p=1950\",\"name\":\"Gran evento familiar en Xicot\u00e9ncatl - La Raz\u00f3n de Xico - Presencia Informativa en el estado\",\"isPartOf\":{\"@id\":\"https:\/\/www.larazondexico.com.mx\/#website\"},\"primaryImageOfPage\":{\"@id\":\"https:\/\/www.larazondexico.com.mx\/?p=1950#primaryimage\"},\"image\":{\"@id\":\"https:\/\/www.larazondexico.com.mx\/?p=1950#primaryimage\"},\"thumbnailUrl\":\"https:\/\/www.larazondexico.com.mx\/wp-content\/uploads\/2025\/10\/lucha-libre.jpg\",\"datePublished\":\"2025-10-27T16:23:08+00:00\",\"dateModified\":\"2025-10-27T16:23:12+00:00\",\"author\":{\"@id\":\"https:\/\/www.larazondexico.com.mx\/#\/schema\/person\/b10ea8a31f9b2f34c2ec8835ba5d1318\"},\"breadcrumb\":{\"@id\":\"https:\/\/www.larazondexico.com.mx\/?p=1950#breadcrumb\"},\"inLanguage\":\"es\",\"potentialAction\":[{\"@type\":\"ReadAction\",\"target\":[\"https:\/\/www.larazondexico.com.mx\/?p=1950\"]}]},{\"@type\":\"ImageObject\",\"inLanguage\":\"es\",\"@id\":\"https:\/\/www.larazondexico.com.mx\/?p=1950#primaryimage\",\"url\":\"https:\/\/www.larazondexico.com.mx\/wp-content\/uploads\/2025\/10\/lucha-libre.jpg\",\"contentUrl\":\"https:\/\/www.larazondexico.com.mx\/wp-content\/uploads\/2025\/10\/lucha-libre.jpg\",\"width\":1280,\"height\":853},{\"@type\":\"BreadcrumbList\",\"@id\":\"https:\/\/www.larazondexico.com.mx\/?p=1950#breadcrumb\",\"itemListElement\":[{\"@type\":\"ListItem\",\"position\":1,\"name\":\"Portada\",\"item\":\"https:\/\/www.larazondexico.com.mx\/\"},{\"@type\":\"ListItem\",\"position\":2,\"name\":\"Gran evento familiar en Xicot\u00e9ncatl\"}]},{\"@type\":\"WebSite\",\"@id\":\"https:\/\/www.larazondexico.com.mx\/#website\",\"url\":\"https:\/\/www.larazondexico.com.mx\/\",\"name\":\"La Raz\u00f3n de Xico - Presencia Informativa en el estado\",\"description\":\"\",\"potentialAction\":[{\"@type\":\"SearchAction\",\"target\":{\"@type\":\"EntryPoint\",\"urlTemplate\":\"https:\/\/www.larazondexico.com.mx\/?s={search_term_string}\"},\"query-input\":{\"@type\":\"PropertyValueSpecification\",\"valueRequired\":true,\"valueName\":\"search_term_string\"}}],\"inLanguage\":\"es\"},{\"@type\":\"Person\",\"@id\":\"https:\/\/www.larazondexico.com.mx\/#\/schema\/person\/b10ea8a31f9b2f34c2ec8835ba5d1318\",\"name\":\"Juan Jos\u00e9 Contreras Gonz\u00e1lez\",\"image\":{\"@type\":\"ImageObject\",\"inLanguage\":\"es\",\"@id\":\"https:\/\/www.larazondexico.com.mx\/#\/schema\/person\/image\/\",\"url\":\"https:\/\/secure.gravatar.com\/avatar\/2b2a34677c3407f25b56188b4c2ca478?s=96&d=mm&r=g\",\"contentUrl\":\"https:\/\/secure.gravatar.com\/avatar\/2b2a34677c3407f25b56188b4c2ca478?s=96&d=mm&r=g\",\"caption\":\"Juan Jos\u00e9 Contreras Gonz\u00e1lez\"},\"url\":\"https:\/\/www.larazondexico.com.mx\/?author=2\"}]}<\/script>\n<!-- \/ Yoast SEO plugin. -->","yoast_head_json":{"title":"Gran evento familiar en Xicot\u00e9ncatl - La Raz\u00f3n de Xico - Presencia Informativa en el estado","robots":{"index":"index","follow":"follow","max-snippet":"max-snippet:-1","max-image-preview":"max-image-preview:large","max-video-preview":"max-video-preview:-1"},"canonical":"https:\/\/www.larazondexico.com.mx\/?p=1950","og_locale":"es_ES","og_type":"article","og_title":"Gran evento familiar en Xicot\u00e9ncatl - La Raz\u00f3n de Xico - Presencia Informativa en el estado","og_description":"Cd. Xicot\u00e9ncatl, Tamaulipas.-(Escribe Juan Jos\u00e9 Contreras Gonz\u00e1lez).-Con gran \u00e9xito se desarrollo la primer noche de Lucha Libre en este municipio, con el excelente respaldo de la alcaldesa Mariela L\u00f3pez Sosa, y en donde centenares de familias que se reunieron para disfrutar de este evento deportivo. La Plaza Principal de Xicot\u00e9ncatl se llen\u00f3 de ambiente durante...","og_url":"https:\/\/www.larazondexico.com.mx\/?p=1950","og_site_name":"La Raz\u00f3n de Xico - Presencia Informativa en el estado","article_published_time":"2025-10-27T16:23:08+00:00","article_modified_time":"2025-10-27T16:23:12+00:00","og_image":[{"width":1280,"height":853,"url":"https:\/\/www.larazondexico.com.mx\/wp-content\/uploads\/2025\/10\/lucha-libre.jpg","type":"image\/jpeg"}],"author":"Juan Jos\u00e9 Contreras Gonz\u00e1lez","twitter_card":"summary_large_image","twitter_misc":{"Escrito por":"Juan Jos\u00e9 Contreras Gonz\u00e1lez","Tiempo de lectura":"1 minuto"},"schema":{"@context":"https:\/\/schema.org","@graph":[{"@type":"WebPage","@id":"https:\/\/www.larazondexico.com.mx\/?p=1950","url":"https:\/\/www.larazondexico.com.mx\/?p=1950","name":"Gran evento familiar en Xicot\u00e9ncatl - La Raz\u00f3n de Xico - Presencia Informativa en el estado","isPartOf":{"@id":"https:\/\/www.larazondexico.com.mx\/#website"},"primaryImageOfPage":{"@id":"https:\/\/www.larazondexico.com.mx\/?p=1950#primaryimage"},"image":{"@id":"https:\/\/www.larazondexico.com.mx\/?p=1950#primaryimage"},"thumbnailUrl":"https:\/\/www.larazondexico.com.mx\/wp-content\/uploads\/2025\/10\/lucha-libre.jpg","datePublished":"2025-10-27T16:23:08+00:00","dateModified":"2025-10-27T16:23:12+00:00","author":{"@id":"https:\/\/www.larazondexico.com.mx\/#\/schema\/person\/b10ea8a31f9b2f34c2ec8835ba5d1318"},"breadcrumb":{"@id":"https:\/\/www.larazondexico.com.mx\/?p=1950#breadcrumb"},"inLanguage":"es","potentialAction":[{"@type":"ReadAction","target":["https:\/\/www.larazondexico.com.mx\/?p=1950"]}]},{"@type":"ImageObject","inLanguage":"es","@id":"https:\/\/www.larazondexico.com.mx\/?p=1950#primaryimage","url":"https:\/\/www.larazondexico.com.mx\/wp-content\/uploads\/2025\/10\/lucha-libre.jpg","contentUrl":"https:\/\/www.larazondexico.com.mx\/wp-content\/uploads\/2025\/10\/lucha-libre.jpg","width":1280,"height":853},{"@type":"BreadcrumbList","@id":"https:\/\/www.larazondexico.com.mx\/?p=1950#breadcrumb","itemListElement":[{"@type":"ListItem","position":1,"name":"Portada","item":"https:\/\/www.larazondexico.com.mx\/"},{"@type":"ListItem","position":2,"name":"Gran evento familiar en Xicot\u00e9ncatl"}]},{"@type":"WebSite","@id":"https:\/\/www.larazondexico.com.mx\/#website","url":"https:\/\/www.larazondexico.com.mx\/","name":"La Raz\u00f3n de Xico - Presencia Informativa en el estado","description":"","potentialAction":[{"@type":"SearchAction","target":{"@type":"EntryPoint","urlTemplate":"https:\/\/www.larazondexico.com.mx\/?s={search_term_string}"},"query-input":{"@type":"PropertyValueSpecification","valueRequired":true,"valueName":"search_term_string"}}],"inLanguage":"es"},{"@type":"Person","@id":"https:\/\/www.larazondexico.com.mx\/#\/schema\/person\/b10ea8a31f9b2f34c2ec8835ba5d1318","name":"Juan Jos\u00e9 Contreras Gonz\u00e1lez","image":{"@type":"ImageObject","inLanguage":"es","@id":"https:\/\/www.larazondexico.com.mx\/#\/schema\/person\/image\/","url":"https:\/\/secure.gravatar.com\/avatar\/2b2a34677c3407f25b56188b4c2ca478?s=96&d=mm&r=g","contentUrl":"https:\/\/secure.gravatar.com\/avatar\/2b2a34677c3407f25b56188b4c2ca478?s=96&d=mm&r=g","caption":"Juan Jos\u00e9 Contreras Gonz\u00e1lez"},"url":"https:\/\/www.larazondexico.com.mx\/?author=2"}]}},"_links":{"self":[{"href":"https:\/\/www.larazondexico.com.mx\/index.php?rest_route=\/wp\/v2\/posts\/1950","targetHints":{"allow":["GET"]}}],"collection":[{"href":"https:\/\/www.larazondexico.com.mx\/index.php?rest_route=\/wp\/v2\/posts"}],"about":[{"href":"https:\/\/www.larazondexico.com.mx\/index.php?rest_route=\/wp\/v2\/types\/post"}],"author":[{"embeddable":true,"href":"https:\/\/www.larazondexico.com.mx\/index.php?rest_route=\/wp\/v2\/users\/2"}],"replies":[{"embeddable":true,"href":"https:\/\/www.larazondexico.com.mx\/index.php?rest_route=%2Fwp%2Fv2%2Fcomments&post=1950"}],"version-history":[{"count":1,"href":"https:\/\/www.larazondexico.com.mx\/index.php?rest_route=\/wp\/v2\/posts\/1950\/revisions"}],"predecessor-version":[{"id":1953,"href":"https:\/\/www.larazondexico.com.mx\/index.php?rest_route=\/wp\/v2\/posts\/1950\/revisions\/1953"}],"wp:featuredmedia":[{"embeddable":true,"href":"https:\/\/www.larazondexico.com.mx\/index.php?rest_route=\/wp\/v2\/media\/1952"}],"wp:attachment":[{"href":"https:\/\/www.larazondexico.com.mx\/index.php?rest_route=%2Fwp%2Fv2%2Fmedia&parent=1950"}],"wp:term":[{"taxonomy":"category","embeddable":true,"href":"https:\/\/www.larazondexico.com.mx\/index.php?rest_route=%2Fwp%2Fv2%2Fcategories&post=1950"},{"taxonomy":"post_tag","embeddable":true,"href":"https:\/\/www.larazondexico.com.mx\/index.php?rest_route=%2Fwp%2Fv2%2Ftags&post=1950"}],"curies":[{"name":"wp","href":"https:\/\/api.w.org\/{rel}","templated":true}]}}