{"id":1879,"date":"2025-10-16T11:32:38","date_gmt":"2025-10-16T17:32:38","guid":{"rendered":"https:\/\/www.larazondexico.com.mx\/?p=1879"},"modified":"2025-10-16T11:32:41","modified_gmt":"2025-10-16T17:32:41","slug":"encabeza-martha-uresti-de-budarth-desfile-celebrando-el-dia-de-la-alimentacion","status":"publish","type":"post","link":"https:\/\/www.larazondexico.com.mx\/?p=1879","title":{"rendered":"ENCABEZA MARTHA URESTI DE BUDARTH DESFILE CELEBRANDO EL DIA DE LA ALIMENTACION."},"content":{"rendered":"\n<p>Ocampo, Tamaulipas.-(Escribe Juan Jos\u00e9 Contreras Gonz\u00e1lez).-La presidenta del Sistema Para el Desarrollo Integral de la Familia, en este municipio., C.P, Martha Uresti de Budarth encabezo el desfile conmemorativo al d\u00eda internacional de la Alimentaci\u00f3n, participando las instituciones educativas de este municipio.<\/p>\n\n\n\n<p>Acompa\u00f1ada de su equipo de trabajo del DIF Municipal, as\u00ed como de Padres de familias, maestros y alumnos de los diversos centros educativos de este municipio, recorri\u00f3 las principales calles, y promovi\u00f3 acciones que van en mejora de la alimentaci\u00f3n de los futuros profesionistas de Ocampo, Tamaulipas.<\/p>\n\n\n\n<p>Al dirigir un mensaje a los presentes, Martha Uresti de Budarth, hizo \u00e9nfasis en que todos debemos de involucrarnos en lograr una buena alimentaci\u00f3n para nuestros hijos, porque ellos son el futuro del ma\u00f1ana, y deben de llevar bien una alimentaci\u00f3n acorde que les permita contar con una salud.<\/p>\n\n\n\n<p>Posteriormente la presidenta del DIF municipal, convivio con los asistentes a este trascendental acto conmemorativo al d\u00eda Internacional de la Alimentaci\u00f3n.<\/p>\n","protected":false},"excerpt":{"rendered":"<p>Ocampo, Tamaulipas.-(Escribe Juan Jos\u00e9 Contreras Gonz\u00e1lez).-La presidenta del Sistema Para el Desarrollo Integral de la Familia, en este municipio., C.P, Martha Uresti de Budarth encabezo el desfile conmemorativo al d\u00eda internacional de la Alimentaci\u00f3n, participando las instituciones educativas de este municipio. Acompa\u00f1ada de su equipo de trabajo del DIF Municipal, as\u00ed como de Padres de&#8230;<\/p>\n","protected":false},"author":2,"featured_media":1880,"comment_status":"closed","ping_status":"closed","sticky":false,"template":"","format":"standard","meta":{"footnotes":""},"categories":[12],"tags":[],"class_list":["post-1879","post","type-post","status-publish","format-standard","has-post-thumbnail","hentry","category-ocampo"],"yoast_head":"<!-- This site is optimized with the Yoast SEO plugin v25.6 - https:\/\/yoast.com\/wordpress\/plugins\/seo\/ -->\n<title>ENCABEZA MARTHA URESTI DE BUDARTH DESFILE CELEBRANDO EL DIA DE LA ALIMENTACION. - La Raz\u00f3n de Xico - Presencia Informativa en el estado<\/title>\n<meta name=\"robots\" content=\"index, follow, max-snippet:-1, max-image-preview:large, max-video-preview:-1\" \/>\n<link rel=\"canonical\" href=\"https:\/\/www.larazondexico.com.mx\/?p=1879\" \/>\n<meta property=\"og:locale\" content=\"es_ES\" \/>\n<meta property=\"og:type\" content=\"article\" \/>\n<meta property=\"og:title\" content=\"ENCABEZA MARTHA URESTI DE BUDARTH DESFILE CELEBRANDO EL DIA DE LA ALIMENTACION. - La Raz\u00f3n de Xico - Presencia Informativa en el estado\" \/>\n<meta property=\"og:description\" content=\"Ocampo, Tamaulipas.-(Escribe Juan Jos\u00e9 Contreras Gonz\u00e1lez).-La presidenta del Sistema Para el Desarrollo Integral de la Familia, en este municipio., C.P, Martha Uresti de Budarth encabezo el desfile conmemorativo al d\u00eda internacional de la Alimentaci\u00f3n, participando las instituciones educativas de este municipio. Acompa\u00f1ada de su equipo de trabajo del DIF Municipal, as\u00ed como de Padres de...\" \/>\n<meta property=\"og:url\" content=\"https:\/\/www.larazondexico.com.mx\/?p=1879\" \/>\n<meta property=\"og:site_name\" content=\"La Raz\u00f3n de Xico - Presencia Informativa en el estado\" \/>\n<meta property=\"article:published_time\" content=\"2025-10-16T17:32:38+00:00\" \/>\n<meta property=\"article:modified_time\" content=\"2025-10-16T17:32:41+00:00\" \/>\n<meta property=\"og:image\" content=\"https:\/\/www.larazondexico.com.mx\/wp-content\/uploads\/2025\/10\/cocampo.jpg\" \/>\n\t<meta property=\"og:image:width\" content=\"720\" \/>\n\t<meta property=\"og:image:height\" content=\"540\" \/>\n\t<meta property=\"og:image:type\" content=\"image\/jpeg\" \/>\n<meta name=\"author\" content=\"Juan Jos\u00e9 Contreras Gonz\u00e1lez\" \/>\n<meta name=\"twitter:card\" content=\"summary_large_image\" \/>\n<meta name=\"twitter:label1\" content=\"Escrito por\" \/>\n\t<meta name=\"twitter:data1\" content=\"Juan Jos\u00e9 Contreras Gonz\u00e1lez\" \/>\n\t<meta name=\"twitter:label2\" content=\"Tiempo de lectura\" \/>\n\t<meta name=\"twitter:data2\" content=\"1 minuto\" \/>\n<script type=\"application\/ld+json\" class=\"yoast-schema-graph\">{\"@context\":\"https:\/\/schema.org\",\"@graph\":[{\"@type\":\"WebPage\",\"@id\":\"https:\/\/www.larazondexico.com.mx\/?p=1879\",\"url\":\"https:\/\/www.larazondexico.com.mx\/?p=1879\",\"name\":\"ENCABEZA MARTHA URESTI DE BUDARTH DESFILE CELEBRANDO EL DIA DE LA ALIMENTACION. - La Raz\u00f3n de Xico - Presencia Informativa en el estado\",\"isPartOf\":{\"@id\":\"https:\/\/www.larazondexico.com.mx\/#website\"},\"primaryImageOfPage\":{\"@id\":\"https:\/\/www.larazondexico.com.mx\/?p=1879#primaryimage\"},\"image\":{\"@id\":\"https:\/\/www.larazondexico.com.mx\/?p=1879#primaryimage\"},\"thumbnailUrl\":\"https:\/\/www.larazondexico.com.mx\/wp-content\/uploads\/2025\/10\/cocampo.jpg\",\"datePublished\":\"2025-10-16T17:32:38+00:00\",\"dateModified\":\"2025-10-16T17:32:41+00:00\",\"author\":{\"@id\":\"https:\/\/www.larazondexico.com.mx\/#\/schema\/person\/b10ea8a31f9b2f34c2ec8835ba5d1318\"},\"breadcrumb\":{\"@id\":\"https:\/\/www.larazondexico.com.mx\/?p=1879#breadcrumb\"},\"inLanguage\":\"es\",\"potentialAction\":[{\"@type\":\"ReadAction\",\"target\":[\"https:\/\/www.larazondexico.com.mx\/?p=1879\"]}]},{\"@type\":\"ImageObject\",\"inLanguage\":\"es\",\"@id\":\"https:\/\/www.larazondexico.com.mx\/?p=1879#primaryimage\",\"url\":\"https:\/\/www.larazondexico.com.mx\/wp-content\/uploads\/2025\/10\/cocampo.jpg\",\"contentUrl\":\"https:\/\/www.larazondexico.com.mx\/wp-content\/uploads\/2025\/10\/cocampo.jpg\",\"width\":720,\"height\":540},{\"@type\":\"BreadcrumbList\",\"@id\":\"https:\/\/www.larazondexico.com.mx\/?p=1879#breadcrumb\",\"itemListElement\":[{\"@type\":\"ListItem\",\"position\":1,\"name\":\"Portada\",\"item\":\"https:\/\/www.larazondexico.com.mx\/\"},{\"@type\":\"ListItem\",\"position\":2,\"name\":\"ENCABEZA MARTHA URESTI DE BUDARTH DESFILE CELEBRANDO EL DIA DE LA ALIMENTACION.\"}]},{\"@type\":\"WebSite\",\"@id\":\"https:\/\/www.larazondexico.com.mx\/#website\",\"url\":\"https:\/\/www.larazondexico.com.mx\/\",\"name\":\"La Raz\u00f3n de Xico - Presencia Informativa en el estado\",\"description\":\"\",\"potentialAction\":[{\"@type\":\"SearchAction\",\"target\":{\"@type\":\"EntryPoint\",\"urlTemplate\":\"https:\/\/www.larazondexico.com.mx\/?s={search_term_string}\"},\"query-input\":{\"@type\":\"PropertyValueSpecification\",\"valueRequired\":true,\"valueName\":\"search_term_string\"}}],\"inLanguage\":\"es\"},{\"@type\":\"Person\",\"@id\":\"https:\/\/www.larazondexico.com.mx\/#\/schema\/person\/b10ea8a31f9b2f34c2ec8835ba5d1318\",\"name\":\"Juan Jos\u00e9 Contreras Gonz\u00e1lez\",\"image\":{\"@type\":\"ImageObject\",\"inLanguage\":\"es\",\"@id\":\"https:\/\/www.larazondexico.com.mx\/#\/schema\/person\/image\/\",\"url\":\"https:\/\/secure.gravatar.com\/avatar\/2b2a34677c3407f25b56188b4c2ca478?s=96&d=mm&r=g\",\"contentUrl\":\"https:\/\/secure.gravatar.com\/avatar\/2b2a34677c3407f25b56188b4c2ca478?s=96&d=mm&r=g\",\"caption\":\"Juan Jos\u00e9 Contreras Gonz\u00e1lez\"},\"url\":\"https:\/\/www.larazondexico.com.mx\/?author=2\"}]}<\/script>\n<!-- \/ Yoast SEO plugin. -->","yoast_head_json":{"title":"ENCABEZA MARTHA URESTI DE BUDARTH DESFILE CELEBRANDO EL DIA DE LA ALIMENTACION. - La Raz\u00f3n de Xico - Presencia Informativa en el estado","robots":{"index":"index","follow":"follow","max-snippet":"max-snippet:-1","max-image-preview":"max-image-preview:large","max-video-preview":"max-video-preview:-1"},"canonical":"https:\/\/www.larazondexico.com.mx\/?p=1879","og_locale":"es_ES","og_type":"article","og_title":"ENCABEZA MARTHA URESTI DE BUDARTH DESFILE CELEBRANDO EL DIA DE LA ALIMENTACION. - La Raz\u00f3n de Xico - Presencia Informativa en el estado","og_description":"Ocampo, Tamaulipas.-(Escribe Juan Jos\u00e9 Contreras Gonz\u00e1lez).-La presidenta del Sistema Para el Desarrollo Integral de la Familia, en este municipio., C.P, Martha Uresti de Budarth encabezo el desfile conmemorativo al d\u00eda internacional de la Alimentaci\u00f3n, participando las instituciones educativas de este municipio. Acompa\u00f1ada de su equipo de trabajo del DIF Municipal, as\u00ed como de Padres de...","og_url":"https:\/\/www.larazondexico.com.mx\/?p=1879","og_site_name":"La Raz\u00f3n de Xico - Presencia Informativa en el estado","article_published_time":"2025-10-16T17:32:38+00:00","article_modified_time":"2025-10-16T17:32:41+00:00","og_image":[{"width":720,"height":540,"url":"https:\/\/www.larazondexico.com.mx\/wp-content\/uploads\/2025\/10\/cocampo.jpg","type":"image\/jpeg"}],"author":"Juan Jos\u00e9 Contreras Gonz\u00e1lez","twitter_card":"summary_large_image","twitter_misc":{"Escrito por":"Juan Jos\u00e9 Contreras Gonz\u00e1lez","Tiempo de lectura":"1 minuto"},"schema":{"@context":"https:\/\/schema.org","@graph":[{"@type":"WebPage","@id":"https:\/\/www.larazondexico.com.mx\/?p=1879","url":"https:\/\/www.larazondexico.com.mx\/?p=1879","name":"ENCABEZA MARTHA URESTI DE BUDARTH DESFILE CELEBRANDO EL DIA DE LA ALIMENTACION. - La Raz\u00f3n de Xico - Presencia Informativa en el estado","isPartOf":{"@id":"https:\/\/www.larazondexico.com.mx\/#website"},"primaryImageOfPage":{"@id":"https:\/\/www.larazondexico.com.mx\/?p=1879#primaryimage"},"image":{"@id":"https:\/\/www.larazondexico.com.mx\/?p=1879#primaryimage"},"thumbnailUrl":"https:\/\/www.larazondexico.com.mx\/wp-content\/uploads\/2025\/10\/cocampo.jpg","datePublished":"2025-10-16T17:32:38+00:00","dateModified":"2025-10-16T17:32:41+00:00","author":{"@id":"https:\/\/www.larazondexico.com.mx\/#\/schema\/person\/b10ea8a31f9b2f34c2ec8835ba5d1318"},"breadcrumb":{"@id":"https:\/\/www.larazondexico.com.mx\/?p=1879#breadcrumb"},"inLanguage":"es","potentialAction":[{"@type":"ReadAction","target":["https:\/\/www.larazondexico.com.mx\/?p=1879"]}]},{"@type":"ImageObject","inLanguage":"es","@id":"https:\/\/www.larazondexico.com.mx\/?p=1879#primaryimage","url":"https:\/\/www.larazondexico.com.mx\/wp-content\/uploads\/2025\/10\/cocampo.jpg","contentUrl":"https:\/\/www.larazondexico.com.mx\/wp-content\/uploads\/2025\/10\/cocampo.jpg","width":720,"height":540},{"@type":"BreadcrumbList","@id":"https:\/\/www.larazondexico.com.mx\/?p=1879#breadcrumb","itemListElement":[{"@type":"ListItem","position":1,"name":"Portada","item":"https:\/\/www.larazondexico.com.mx\/"},{"@type":"ListItem","position":2,"name":"ENCABEZA MARTHA URESTI DE BUDARTH DESFILE CELEBRANDO EL DIA DE LA ALIMENTACION."}]},{"@type":"WebSite","@id":"https:\/\/www.larazondexico.com.mx\/#website","url":"https:\/\/www.larazondexico.com.mx\/","name":"La Raz\u00f3n de Xico - Presencia Informativa en el estado","description":"","potentialAction":[{"@type":"SearchAction","target":{"@type":"EntryPoint","urlTemplate":"https:\/\/www.larazondexico.com.mx\/?s={search_term_string}"},"query-input":{"@type":"PropertyValueSpecification","valueRequired":true,"valueName":"search_term_string"}}],"inLanguage":"es"},{"@type":"Person","@id":"https:\/\/www.larazondexico.com.mx\/#\/schema\/person\/b10ea8a31f9b2f34c2ec8835ba5d1318","name":"Juan Jos\u00e9 Contreras Gonz\u00e1lez","image":{"@type":"ImageObject","inLanguage":"es","@id":"https:\/\/www.larazondexico.com.mx\/#\/schema\/person\/image\/","url":"https:\/\/secure.gravatar.com\/avatar\/2b2a34677c3407f25b56188b4c2ca478?s=96&d=mm&r=g","contentUrl":"https:\/\/secure.gravatar.com\/avatar\/2b2a34677c3407f25b56188b4c2ca478?s=96&d=mm&r=g","caption":"Juan Jos\u00e9 Contreras Gonz\u00e1lez"},"url":"https:\/\/www.larazondexico.com.mx\/?author=2"}]}},"_links":{"self":[{"href":"https:\/\/www.larazondexico.com.mx\/index.php?rest_route=\/wp\/v2\/posts\/1879","targetHints":{"allow":["GET"]}}],"collection":[{"href":"https:\/\/www.larazondexico.com.mx\/index.php?rest_route=\/wp\/v2\/posts"}],"about":[{"href":"https:\/\/www.larazondexico.com.mx\/index.php?rest_route=\/wp\/v2\/types\/post"}],"author":[{"embeddable":true,"href":"https:\/\/www.larazondexico.com.mx\/index.php?rest_route=\/wp\/v2\/users\/2"}],"replies":[{"embeddable":true,"href":"https:\/\/www.larazondexico.com.mx\/index.php?rest_route=%2Fwp%2Fv2%2Fcomments&post=1879"}],"version-history":[{"count":1,"href":"https:\/\/www.larazondexico.com.mx\/index.php?rest_route=\/wp\/v2\/posts\/1879\/revisions"}],"predecessor-version":[{"id":1881,"href":"https:\/\/www.larazondexico.com.mx\/index.php?rest_route=\/wp\/v2\/posts\/1879\/revisions\/1881"}],"wp:featuredmedia":[{"embeddable":true,"href":"https:\/\/www.larazondexico.com.mx\/index.php?rest_route=\/wp\/v2\/media\/1880"}],"wp:attachment":[{"href":"https:\/\/www.larazondexico.com.mx\/index.php?rest_route=%2Fwp%2Fv2%2Fmedia&parent=1879"}],"wp:term":[{"taxonomy":"category","embeddable":true,"href":"https:\/\/www.larazondexico.com.mx\/index.php?rest_route=%2Fwp%2Fv2%2Fcategories&post=1879"},{"taxonomy":"post_tag","embeddable":true,"href":"https:\/\/www.larazondexico.com.mx\/index.php?rest_route=%2Fwp%2Fv2%2Ftags&post=1879"}],"curies":[{"name":"wp","href":"https:\/\/api.w.org\/{rel}","templated":true}]}}