{"id":1845,"date":"2025-10-09T09:37:50","date_gmt":"2025-10-09T15:37:50","guid":{"rendered":"https:\/\/www.larazondexico.com.mx\/?p=1845"},"modified":"2025-10-09T09:37:53","modified_gmt":"2025-10-09T15:37:53","slug":"sigue-el-exito-del-festival-internacional-de-la-costa-del-seno-mexicano-en-ocampo","status":"publish","type":"post","link":"https:\/\/www.larazondexico.com.mx\/?p=1845","title":{"rendered":"SIGUE EL EXITO DEL FESTIVAL INTERNACIONAL DE LA COSTA DEL SENO MEXICANO, EN OCAMPO."},"content":{"rendered":"\n<p>Ocampo, Tamaulipas.-(Escribe Juan Jos\u00e9 Contreras Gonz\u00e1lez).- Con atinada aceptaci\u00f3n se viene desarrollando el Festival Internacional en la Costa del Seno Mexicano, con grandes y positivos resultados, gracias a la magnifica coordinaci\u00f3n del Gobierno del Estado de Tamaulipas, y el Gobierno Municipal que encabeza Melchor Budarth B\u00e1ez.<\/p>\n\n\n\n<p>En esta ocasi\u00f3n correspondi\u00f3 a los habitantes del Poblado Adolfo L\u00f3pez Mateos, recibir a los integrantes del colectivo El Trueque, quienes llenaron de color, risas y talento a esta parte del municipio, dentro de los actos programados de este Festival Internacional del Seno Mexicano que a\u00f1o con a\u00f1o se realiza en Tamaulipas.<\/p>\n\n\n\n<p>El Gobierno Municipal de Ocampo, destaca su participaci\u00f3n y coordinaci\u00f3n a fin de que los habitantes de este municipio, gocen y disfruten de este hermoso festival, que a\u00f1o con a\u00f1o viene a ser el principal centro de distracci\u00f3n de los habitantes de este municipio,<\/p>\n\n\n\n<p>\u00a1Ocampo es cultura! <a href=\"https:\/\/www.facebook.com\/hashtag\/gobiernodeocampo?__cft__[0]=AZU-SE44vrGVQrzlx02cO55L_ow_veBBXbzQsnZKv2QMPh9dwfLG-Vat_NOK1rlYa_jc9uV9WgyAhoCyrSj--1NQ3Oltr-9qlhb7zZKU63uLMTzEDf90cFpBZ0QJIwHhAg2gZmq1eTI42No05u50p0XLVuBws2yLNe4hW44zIXGjE3ocLtKLv4E5QsYPfZrL4eY&amp;__tn__=*NK-R\">#GobiernoDeOcampo<\/a><\/p>\n","protected":false},"excerpt":{"rendered":"<p>Ocampo, Tamaulipas.-(Escribe Juan Jos\u00e9 Contreras Gonz\u00e1lez).- Con atinada aceptaci\u00f3n se viene desarrollando el Festival Internacional en la Costa del Seno Mexicano, con grandes y positivos resultados, gracias a la magnifica coordinaci\u00f3n del Gobierno del Estado de Tamaulipas, y el Gobierno Municipal que encabeza Melchor Budarth B\u00e1ez. En esta ocasi\u00f3n correspondi\u00f3 a los habitantes del Poblado&#8230;<\/p>\n","protected":false},"author":2,"featured_media":1847,"comment_status":"closed","ping_status":"closed","sticky":false,"template":"","format":"standard","meta":{"footnotes":""},"categories":[12],"tags":[],"class_list":["post-1845","post","type-post","status-publish","format-standard","has-post-thumbnail","hentry","category-ocampo"],"yoast_head":"<!-- This site is optimized with the Yoast SEO plugin v25.6 - https:\/\/yoast.com\/wordpress\/plugins\/seo\/ -->\n<title>SIGUE EL EXITO DEL FESTIVAL INTERNACIONAL DE LA COSTA DEL SENO MEXICANO, EN OCAMPO. - La Raz\u00f3n de Xico - Presencia Informativa en el estado<\/title>\n<meta name=\"robots\" content=\"index, follow, max-snippet:-1, max-image-preview:large, max-video-preview:-1\" \/>\n<link rel=\"canonical\" href=\"https:\/\/www.larazondexico.com.mx\/?p=1845\" \/>\n<meta property=\"og:locale\" content=\"es_ES\" \/>\n<meta property=\"og:type\" content=\"article\" \/>\n<meta property=\"og:title\" content=\"SIGUE EL EXITO DEL FESTIVAL INTERNACIONAL DE LA COSTA DEL SENO MEXICANO, EN OCAMPO. - La Raz\u00f3n de Xico - Presencia Informativa en el estado\" \/>\n<meta property=\"og:description\" content=\"Ocampo, Tamaulipas.-(Escribe Juan Jos\u00e9 Contreras Gonz\u00e1lez).- Con atinada aceptaci\u00f3n se viene desarrollando el Festival Internacional en la Costa del Seno Mexicano, con grandes y positivos resultados, gracias a la magnifica coordinaci\u00f3n del Gobierno del Estado de Tamaulipas, y el Gobierno Municipal que encabeza Melchor Budarth B\u00e1ez. En esta ocasi\u00f3n correspondi\u00f3 a los habitantes del Poblado...\" \/>\n<meta property=\"og:url\" content=\"https:\/\/www.larazondexico.com.mx\/?p=1845\" \/>\n<meta property=\"og:site_name\" content=\"La Raz\u00f3n de Xico - Presencia Informativa en el estado\" \/>\n<meta property=\"article:published_time\" content=\"2025-10-09T15:37:50+00:00\" \/>\n<meta property=\"article:modified_time\" content=\"2025-10-09T15:37:53+00:00\" \/>\n<meta property=\"og:image\" content=\"https:\/\/www.larazondexico.com.mx\/wp-content\/uploads\/2025\/10\/oca.jpg\" \/>\n\t<meta property=\"og:image:width\" content=\"1440\" \/>\n\t<meta property=\"og:image:height\" content=\"810\" \/>\n\t<meta property=\"og:image:type\" content=\"image\/jpeg\" \/>\n<meta name=\"author\" content=\"Juan Jos\u00e9 Contreras Gonz\u00e1lez\" \/>\n<meta name=\"twitter:card\" content=\"summary_large_image\" \/>\n<meta name=\"twitter:label1\" content=\"Escrito por\" \/>\n\t<meta name=\"twitter:data1\" content=\"Juan Jos\u00e9 Contreras Gonz\u00e1lez\" \/>\n\t<meta name=\"twitter:label2\" content=\"Tiempo de lectura\" \/>\n\t<meta name=\"twitter:data2\" content=\"1 minuto\" \/>\n<script type=\"application\/ld+json\" class=\"yoast-schema-graph\">{\"@context\":\"https:\/\/schema.org\",\"@graph\":[{\"@type\":\"WebPage\",\"@id\":\"https:\/\/www.larazondexico.com.mx\/?p=1845\",\"url\":\"https:\/\/www.larazondexico.com.mx\/?p=1845\",\"name\":\"SIGUE EL EXITO DEL FESTIVAL INTERNACIONAL DE LA COSTA DEL SENO MEXICANO, EN OCAMPO. - La Raz\u00f3n de Xico - Presencia Informativa en el estado\",\"isPartOf\":{\"@id\":\"https:\/\/www.larazondexico.com.mx\/#website\"},\"primaryImageOfPage\":{\"@id\":\"https:\/\/www.larazondexico.com.mx\/?p=1845#primaryimage\"},\"image\":{\"@id\":\"https:\/\/www.larazondexico.com.mx\/?p=1845#primaryimage\"},\"thumbnailUrl\":\"https:\/\/www.larazondexico.com.mx\/wp-content\/uploads\/2025\/10\/oca.jpg\",\"datePublished\":\"2025-10-09T15:37:50+00:00\",\"dateModified\":\"2025-10-09T15:37:53+00:00\",\"author\":{\"@id\":\"https:\/\/www.larazondexico.com.mx\/#\/schema\/person\/b10ea8a31f9b2f34c2ec8835ba5d1318\"},\"breadcrumb\":{\"@id\":\"https:\/\/www.larazondexico.com.mx\/?p=1845#breadcrumb\"},\"inLanguage\":\"es\",\"potentialAction\":[{\"@type\":\"ReadAction\",\"target\":[\"https:\/\/www.larazondexico.com.mx\/?p=1845\"]}]},{\"@type\":\"ImageObject\",\"inLanguage\":\"es\",\"@id\":\"https:\/\/www.larazondexico.com.mx\/?p=1845#primaryimage\",\"url\":\"https:\/\/www.larazondexico.com.mx\/wp-content\/uploads\/2025\/10\/oca.jpg\",\"contentUrl\":\"https:\/\/www.larazondexico.com.mx\/wp-content\/uploads\/2025\/10\/oca.jpg\",\"width\":1440,\"height\":810},{\"@type\":\"BreadcrumbList\",\"@id\":\"https:\/\/www.larazondexico.com.mx\/?p=1845#breadcrumb\",\"itemListElement\":[{\"@type\":\"ListItem\",\"position\":1,\"name\":\"Portada\",\"item\":\"https:\/\/www.larazondexico.com.mx\/\"},{\"@type\":\"ListItem\",\"position\":2,\"name\":\"SIGUE EL EXITO DEL FESTIVAL INTERNACIONAL DE LA COSTA DEL SENO MEXICANO, EN OCAMPO.\"}]},{\"@type\":\"WebSite\",\"@id\":\"https:\/\/www.larazondexico.com.mx\/#website\",\"url\":\"https:\/\/www.larazondexico.com.mx\/\",\"name\":\"La Raz\u00f3n de Xico - Presencia Informativa en el estado\",\"description\":\"\",\"potentialAction\":[{\"@type\":\"SearchAction\",\"target\":{\"@type\":\"EntryPoint\",\"urlTemplate\":\"https:\/\/www.larazondexico.com.mx\/?s={search_term_string}\"},\"query-input\":{\"@type\":\"PropertyValueSpecification\",\"valueRequired\":true,\"valueName\":\"search_term_string\"}}],\"inLanguage\":\"es\"},{\"@type\":\"Person\",\"@id\":\"https:\/\/www.larazondexico.com.mx\/#\/schema\/person\/b10ea8a31f9b2f34c2ec8835ba5d1318\",\"name\":\"Juan Jos\u00e9 Contreras Gonz\u00e1lez\",\"image\":{\"@type\":\"ImageObject\",\"inLanguage\":\"es\",\"@id\":\"https:\/\/www.larazondexico.com.mx\/#\/schema\/person\/image\/\",\"url\":\"https:\/\/secure.gravatar.com\/avatar\/2b2a34677c3407f25b56188b4c2ca478?s=96&d=mm&r=g\",\"contentUrl\":\"https:\/\/secure.gravatar.com\/avatar\/2b2a34677c3407f25b56188b4c2ca478?s=96&d=mm&r=g\",\"caption\":\"Juan Jos\u00e9 Contreras Gonz\u00e1lez\"},\"url\":\"https:\/\/www.larazondexico.com.mx\/?author=2\"}]}<\/script>\n<!-- \/ Yoast SEO plugin. -->","yoast_head_json":{"title":"SIGUE EL EXITO DEL FESTIVAL INTERNACIONAL DE LA COSTA DEL SENO MEXICANO, EN OCAMPO. - La Raz\u00f3n de Xico - Presencia Informativa en el estado","robots":{"index":"index","follow":"follow","max-snippet":"max-snippet:-1","max-image-preview":"max-image-preview:large","max-video-preview":"max-video-preview:-1"},"canonical":"https:\/\/www.larazondexico.com.mx\/?p=1845","og_locale":"es_ES","og_type":"article","og_title":"SIGUE EL EXITO DEL FESTIVAL INTERNACIONAL DE LA COSTA DEL SENO MEXICANO, EN OCAMPO. - La Raz\u00f3n de Xico - Presencia Informativa en el estado","og_description":"Ocampo, Tamaulipas.-(Escribe Juan Jos\u00e9 Contreras Gonz\u00e1lez).- Con atinada aceptaci\u00f3n se viene desarrollando el Festival Internacional en la Costa del Seno Mexicano, con grandes y positivos resultados, gracias a la magnifica coordinaci\u00f3n del Gobierno del Estado de Tamaulipas, y el Gobierno Municipal que encabeza Melchor Budarth B\u00e1ez. En esta ocasi\u00f3n correspondi\u00f3 a los habitantes del Poblado...","og_url":"https:\/\/www.larazondexico.com.mx\/?p=1845","og_site_name":"La Raz\u00f3n de Xico - Presencia Informativa en el estado","article_published_time":"2025-10-09T15:37:50+00:00","article_modified_time":"2025-10-09T15:37:53+00:00","og_image":[{"width":1440,"height":810,"url":"https:\/\/www.larazondexico.com.mx\/wp-content\/uploads\/2025\/10\/oca.jpg","type":"image\/jpeg"}],"author":"Juan Jos\u00e9 Contreras Gonz\u00e1lez","twitter_card":"summary_large_image","twitter_misc":{"Escrito por":"Juan Jos\u00e9 Contreras Gonz\u00e1lez","Tiempo de lectura":"1 minuto"},"schema":{"@context":"https:\/\/schema.org","@graph":[{"@type":"WebPage","@id":"https:\/\/www.larazondexico.com.mx\/?p=1845","url":"https:\/\/www.larazondexico.com.mx\/?p=1845","name":"SIGUE EL EXITO DEL FESTIVAL INTERNACIONAL DE LA COSTA DEL SENO MEXICANO, EN OCAMPO. - La Raz\u00f3n de Xico - Presencia Informativa en el estado","isPartOf":{"@id":"https:\/\/www.larazondexico.com.mx\/#website"},"primaryImageOfPage":{"@id":"https:\/\/www.larazondexico.com.mx\/?p=1845#primaryimage"},"image":{"@id":"https:\/\/www.larazondexico.com.mx\/?p=1845#primaryimage"},"thumbnailUrl":"https:\/\/www.larazondexico.com.mx\/wp-content\/uploads\/2025\/10\/oca.jpg","datePublished":"2025-10-09T15:37:50+00:00","dateModified":"2025-10-09T15:37:53+00:00","author":{"@id":"https:\/\/www.larazondexico.com.mx\/#\/schema\/person\/b10ea8a31f9b2f34c2ec8835ba5d1318"},"breadcrumb":{"@id":"https:\/\/www.larazondexico.com.mx\/?p=1845#breadcrumb"},"inLanguage":"es","potentialAction":[{"@type":"ReadAction","target":["https:\/\/www.larazondexico.com.mx\/?p=1845"]}]},{"@type":"ImageObject","inLanguage":"es","@id":"https:\/\/www.larazondexico.com.mx\/?p=1845#primaryimage","url":"https:\/\/www.larazondexico.com.mx\/wp-content\/uploads\/2025\/10\/oca.jpg","contentUrl":"https:\/\/www.larazondexico.com.mx\/wp-content\/uploads\/2025\/10\/oca.jpg","width":1440,"height":810},{"@type":"BreadcrumbList","@id":"https:\/\/www.larazondexico.com.mx\/?p=1845#breadcrumb","itemListElement":[{"@type":"ListItem","position":1,"name":"Portada","item":"https:\/\/www.larazondexico.com.mx\/"},{"@type":"ListItem","position":2,"name":"SIGUE EL EXITO DEL FESTIVAL INTERNACIONAL DE LA COSTA DEL SENO MEXICANO, EN OCAMPO."}]},{"@type":"WebSite","@id":"https:\/\/www.larazondexico.com.mx\/#website","url":"https:\/\/www.larazondexico.com.mx\/","name":"La Raz\u00f3n de Xico - Presencia Informativa en el estado","description":"","potentialAction":[{"@type":"SearchAction","target":{"@type":"EntryPoint","urlTemplate":"https:\/\/www.larazondexico.com.mx\/?s={search_term_string}"},"query-input":{"@type":"PropertyValueSpecification","valueRequired":true,"valueName":"search_term_string"}}],"inLanguage":"es"},{"@type":"Person","@id":"https:\/\/www.larazondexico.com.mx\/#\/schema\/person\/b10ea8a31f9b2f34c2ec8835ba5d1318","name":"Juan Jos\u00e9 Contreras Gonz\u00e1lez","image":{"@type":"ImageObject","inLanguage":"es","@id":"https:\/\/www.larazondexico.com.mx\/#\/schema\/person\/image\/","url":"https:\/\/secure.gravatar.com\/avatar\/2b2a34677c3407f25b56188b4c2ca478?s=96&d=mm&r=g","contentUrl":"https:\/\/secure.gravatar.com\/avatar\/2b2a34677c3407f25b56188b4c2ca478?s=96&d=mm&r=g","caption":"Juan Jos\u00e9 Contreras Gonz\u00e1lez"},"url":"https:\/\/www.larazondexico.com.mx\/?author=2"}]}},"_links":{"self":[{"href":"https:\/\/www.larazondexico.com.mx\/index.php?rest_route=\/wp\/v2\/posts\/1845","targetHints":{"allow":["GET"]}}],"collection":[{"href":"https:\/\/www.larazondexico.com.mx\/index.php?rest_route=\/wp\/v2\/posts"}],"about":[{"href":"https:\/\/www.larazondexico.com.mx\/index.php?rest_route=\/wp\/v2\/types\/post"}],"author":[{"embeddable":true,"href":"https:\/\/www.larazondexico.com.mx\/index.php?rest_route=\/wp\/v2\/users\/2"}],"replies":[{"embeddable":true,"href":"https:\/\/www.larazondexico.com.mx\/index.php?rest_route=%2Fwp%2Fv2%2Fcomments&post=1845"}],"version-history":[{"count":1,"href":"https:\/\/www.larazondexico.com.mx\/index.php?rest_route=\/wp\/v2\/posts\/1845\/revisions"}],"predecessor-version":[{"id":1848,"href":"https:\/\/www.larazondexico.com.mx\/index.php?rest_route=\/wp\/v2\/posts\/1845\/revisions\/1848"}],"wp:featuredmedia":[{"embeddable":true,"href":"https:\/\/www.larazondexico.com.mx\/index.php?rest_route=\/wp\/v2\/media\/1847"}],"wp:attachment":[{"href":"https:\/\/www.larazondexico.com.mx\/index.php?rest_route=%2Fwp%2Fv2%2Fmedia&parent=1845"}],"wp:term":[{"taxonomy":"category","embeddable":true,"href":"https:\/\/www.larazondexico.com.mx\/index.php?rest_route=%2Fwp%2Fv2%2Fcategories&post=1845"},{"taxonomy":"post_tag","embeddable":true,"href":"https:\/\/www.larazondexico.com.mx\/index.php?rest_route=%2Fwp%2Fv2%2Ftags&post=1845"}],"curies":[{"name":"wp","href":"https:\/\/api.w.org\/{rel}","templated":true}]}}