{"id":1798,"date":"2025-10-04T12:25:22","date_gmt":"2025-10-04T18:25:22","guid":{"rendered":"https:\/\/www.larazondexico.com.mx\/?p=1798"},"modified":"2025-10-04T12:32:26","modified_gmt":"2025-10-04T18:32:26","slug":"sigue-dif-ocampo-trabajando-para-erradicar-la-violencia-en-mujeres-y-ninas","status":"publish","type":"post","link":"https:\/\/www.larazondexico.com.mx\/?p=1798","title":{"rendered":"SIGUE DIF OCAMPO, TRABAJANDO PARA ERRADICAR LA VIOLENCIA EN MUJERES Y NI\u00d1AS."},"content":{"rendered":"\n<p>OCAMPO, TAMAULIPAS.-(Escribe Juan Jose Contreras Gonzalez).-Con el fin de erradicar actos de violencia en contra de las ni\u00f1as, ni\u00f1os y mujeres de este municipio, la Presidenta del DIF Municipal Martha Uresti de Budarth sigue adelante con acciones que van en beneficio de una reflexi\u00f3n entre los seres humanos, a fin de que eviten realizar estas acciones respectivamente.<\/p>\n\n\n\n<p>El Sistema DIF Ocampo, es un organismo municipal que  est\u00e1 comprometido a brindar apoyo y acompa\u00f1amiento a quienes lo necesitan, a fin de que los causantes de generar este tipo de violencia sea castigados confirme a la ley, para ello se cuenta con un equipo de psic\u00f3logas y trabajadoras sociales, quienes est\u00e1n dando atenci\u00f3n a las personas que acuden a dichas oficinas a solicitar ayuda..<\/p>\n\n\n\n<p>La Presidenta del DIF Ocampo, C.P. Martha de Budarth mencion\u00f3 que las mujeres no est\u00e1n sola, \u00abSi necesitas ayuda o apoyo, el DIF Ocampo est\u00e1 aqu\u00ed para escucharte y acompa\u00f1arte, juntos podemos construir un futuro m\u00e1s seguro y justo para todas.<\/p>\n\n\n\n<p><a href=\"https:\/\/www.facebook.com\/groups\/1653590078231976\/user\/100004240777590\/?__cft__[0]=AZWMHjIfdl2-Iqx4XSZXW6wOvGcIo-AULi0d2EPV7HI2XIbcMku-tFDSCLEX__R4c0mO1wP0N5x_cj-TBQSurXOikzvExqIr-lArfSYdOtdC-q4tKVN3b3jndcQOiXU8-eeeOY0XWfZZaUAC0Vu0K0UFijFu-Rzss0GQNAJstwcDW-X2a8gcdRiAngNO2mrRsERXJy4RdUzMxiojYR8bg6A0t2nBSMyKiPC7kFpMw2dYopFkaM06Yqy1uQZUIti1UpfbDrn0TF1r7mb3nFX7hUg3&amp;__tn__=-]K-y-R\">Martha Uresti De Budarth<\/a><\/p>\n\n\n\n<p><a href=\"https:\/\/www.facebook.com\/hashtag\/ocampotamaulipas?__cft__[0]=AZWMHjIfdl2-Iqx4XSZXW6wOvGcIo-AULi0d2EPV7HI2XIbcMku-tFDSCLEX__R4c0mO1wP0N5x_cj-TBQSurXOikzvExqIr-lArfSYdOtdC-q4tKVN3b3jndcQOiXU8-eeeOY0XWfZZaUAC0Vu0K0UFijFu-Rzss0GQNAJstwcDW-X2a8gcdRiAngNO2mrRsERXJy4RdUzMxiojYR8bg6A0t2nBSMyKiPC7kFpMw2dYopFkaM06Yqy1uQZUIti1UpfbDrn0TF1r7mb3nFX7hUg3&amp;__tn__=*NK-y-R\">#OcampoTamaulipas<\/a><\/p>\n","protected":false},"excerpt":{"rendered":"<p>OCAMPO, TAMAULIPAS.-(Escribe Juan Jose Contreras Gonzalez).-Con el fin de erradicar actos de violencia en contra de las ni\u00f1as, ni\u00f1os y mujeres de este municipio, la Presidenta del DIF Municipal Martha Uresti de Budarth sigue adelante con acciones que van en beneficio de una reflexi\u00f3n entre los seres humanos, a fin de que eviten realizar estas&#8230;<\/p>\n","protected":false},"author":2,"featured_media":1799,"comment_status":"closed","ping_status":"closed","sticky":false,"template":"","format":"standard","meta":{"footnotes":""},"categories":[12],"tags":[],"class_list":["post-1798","post","type-post","status-publish","format-standard","has-post-thumbnail","hentry","category-ocampo"],"yoast_head":"<!-- This site is optimized with the Yoast SEO plugin v25.6 - https:\/\/yoast.com\/wordpress\/plugins\/seo\/ -->\n<title>SIGUE DIF OCAMPO, TRABAJANDO PARA ERRADICAR LA VIOLENCIA EN MUJERES Y NI\u00d1AS. - La Raz\u00f3n de Xico - Presencia Informativa en el estado<\/title>\n<meta name=\"robots\" content=\"index, follow, max-snippet:-1, max-image-preview:large, max-video-preview:-1\" \/>\n<link rel=\"canonical\" href=\"https:\/\/www.larazondexico.com.mx\/?p=1798\" \/>\n<meta property=\"og:locale\" content=\"es_ES\" \/>\n<meta property=\"og:type\" content=\"article\" \/>\n<meta property=\"og:title\" content=\"SIGUE DIF OCAMPO, TRABAJANDO PARA ERRADICAR LA VIOLENCIA EN MUJERES Y NI\u00d1AS. - La Raz\u00f3n de Xico - Presencia Informativa en el estado\" \/>\n<meta property=\"og:description\" content=\"OCAMPO, TAMAULIPAS.-(Escribe Juan Jose Contreras Gonzalez).-Con el fin de erradicar actos de violencia en contra de las ni\u00f1as, ni\u00f1os y mujeres de este municipio, la Presidenta del DIF Municipal Martha Uresti de Budarth sigue adelante con acciones que van en beneficio de una reflexi\u00f3n entre los seres humanos, a fin de que eviten realizar estas...\" \/>\n<meta property=\"og:url\" content=\"https:\/\/www.larazondexico.com.mx\/?p=1798\" \/>\n<meta property=\"og:site_name\" content=\"La Raz\u00f3n de Xico - Presencia Informativa en el estado\" \/>\n<meta property=\"article:published_time\" content=\"2025-10-04T18:25:22+00:00\" \/>\n<meta property=\"article:modified_time\" content=\"2025-10-04T18:32:26+00:00\" \/>\n<meta property=\"og:image\" content=\"https:\/\/www.larazondexico.com.mx\/wp-content\/uploads\/2025\/10\/VIOLENCIA.jpg\" \/>\n\t<meta property=\"og:image:width\" content=\"1080\" \/>\n\t<meta property=\"og:image:height\" content=\"781\" \/>\n\t<meta property=\"og:image:type\" content=\"image\/jpeg\" \/>\n<meta name=\"author\" content=\"Juan Jos\u00e9 Contreras Gonz\u00e1lez\" \/>\n<meta name=\"twitter:card\" content=\"summary_large_image\" \/>\n<meta name=\"twitter:label1\" content=\"Escrito por\" \/>\n\t<meta name=\"twitter:data1\" content=\"Juan Jos\u00e9 Contreras Gonz\u00e1lez\" \/>\n\t<meta name=\"twitter:label2\" content=\"Tiempo de lectura\" \/>\n\t<meta name=\"twitter:data2\" content=\"1 minuto\" \/>\n<script type=\"application\/ld+json\" class=\"yoast-schema-graph\">{\"@context\":\"https:\/\/schema.org\",\"@graph\":[{\"@type\":\"WebPage\",\"@id\":\"https:\/\/www.larazondexico.com.mx\/?p=1798\",\"url\":\"https:\/\/www.larazondexico.com.mx\/?p=1798\",\"name\":\"SIGUE DIF OCAMPO, TRABAJANDO PARA ERRADICAR LA VIOLENCIA EN MUJERES Y NI\u00d1AS. - La Raz\u00f3n de Xico - Presencia Informativa en el estado\",\"isPartOf\":{\"@id\":\"https:\/\/www.larazondexico.com.mx\/#website\"},\"primaryImageOfPage\":{\"@id\":\"https:\/\/www.larazondexico.com.mx\/?p=1798#primaryimage\"},\"image\":{\"@id\":\"https:\/\/www.larazondexico.com.mx\/?p=1798#primaryimage\"},\"thumbnailUrl\":\"https:\/\/www.larazondexico.com.mx\/wp-content\/uploads\/2025\/10\/VIOLENCIA.jpg\",\"datePublished\":\"2025-10-04T18:25:22+00:00\",\"dateModified\":\"2025-10-04T18:32:26+00:00\",\"author\":{\"@id\":\"https:\/\/www.larazondexico.com.mx\/#\/schema\/person\/b10ea8a31f9b2f34c2ec8835ba5d1318\"},\"breadcrumb\":{\"@id\":\"https:\/\/www.larazondexico.com.mx\/?p=1798#breadcrumb\"},\"inLanguage\":\"es\",\"potentialAction\":[{\"@type\":\"ReadAction\",\"target\":[\"https:\/\/www.larazondexico.com.mx\/?p=1798\"]}]},{\"@type\":\"ImageObject\",\"inLanguage\":\"es\",\"@id\":\"https:\/\/www.larazondexico.com.mx\/?p=1798#primaryimage\",\"url\":\"https:\/\/www.larazondexico.com.mx\/wp-content\/uploads\/2025\/10\/VIOLENCIA.jpg\",\"contentUrl\":\"https:\/\/www.larazondexico.com.mx\/wp-content\/uploads\/2025\/10\/VIOLENCIA.jpg\",\"width\":1080,\"height\":781},{\"@type\":\"BreadcrumbList\",\"@id\":\"https:\/\/www.larazondexico.com.mx\/?p=1798#breadcrumb\",\"itemListElement\":[{\"@type\":\"ListItem\",\"position\":1,\"name\":\"Portada\",\"item\":\"https:\/\/www.larazondexico.com.mx\/\"},{\"@type\":\"ListItem\",\"position\":2,\"name\":\"SIGUE DIF OCAMPO, TRABAJANDO PARA ERRADICAR LA VIOLENCIA EN MUJERES Y NI\u00d1AS.\"}]},{\"@type\":\"WebSite\",\"@id\":\"https:\/\/www.larazondexico.com.mx\/#website\",\"url\":\"https:\/\/www.larazondexico.com.mx\/\",\"name\":\"La Raz\u00f3n de Xico - Presencia Informativa en el estado\",\"description\":\"\",\"potentialAction\":[{\"@type\":\"SearchAction\",\"target\":{\"@type\":\"EntryPoint\",\"urlTemplate\":\"https:\/\/www.larazondexico.com.mx\/?s={search_term_string}\"},\"query-input\":{\"@type\":\"PropertyValueSpecification\",\"valueRequired\":true,\"valueName\":\"search_term_string\"}}],\"inLanguage\":\"es\"},{\"@type\":\"Person\",\"@id\":\"https:\/\/www.larazondexico.com.mx\/#\/schema\/person\/b10ea8a31f9b2f34c2ec8835ba5d1318\",\"name\":\"Juan Jos\u00e9 Contreras Gonz\u00e1lez\",\"image\":{\"@type\":\"ImageObject\",\"inLanguage\":\"es\",\"@id\":\"https:\/\/www.larazondexico.com.mx\/#\/schema\/person\/image\/\",\"url\":\"https:\/\/secure.gravatar.com\/avatar\/2b2a34677c3407f25b56188b4c2ca478?s=96&d=mm&r=g\",\"contentUrl\":\"https:\/\/secure.gravatar.com\/avatar\/2b2a34677c3407f25b56188b4c2ca478?s=96&d=mm&r=g\",\"caption\":\"Juan Jos\u00e9 Contreras Gonz\u00e1lez\"},\"url\":\"https:\/\/www.larazondexico.com.mx\/?author=2\"}]}<\/script>\n<!-- \/ Yoast SEO plugin. -->","yoast_head_json":{"title":"SIGUE DIF OCAMPO, TRABAJANDO PARA ERRADICAR LA VIOLENCIA EN MUJERES Y NI\u00d1AS. - La Raz\u00f3n de Xico - Presencia Informativa en el estado","robots":{"index":"index","follow":"follow","max-snippet":"max-snippet:-1","max-image-preview":"max-image-preview:large","max-video-preview":"max-video-preview:-1"},"canonical":"https:\/\/www.larazondexico.com.mx\/?p=1798","og_locale":"es_ES","og_type":"article","og_title":"SIGUE DIF OCAMPO, TRABAJANDO PARA ERRADICAR LA VIOLENCIA EN MUJERES Y NI\u00d1AS. - La Raz\u00f3n de Xico - Presencia Informativa en el estado","og_description":"OCAMPO, TAMAULIPAS.-(Escribe Juan Jose Contreras Gonzalez).-Con el fin de erradicar actos de violencia en contra de las ni\u00f1as, ni\u00f1os y mujeres de este municipio, la Presidenta del DIF Municipal Martha Uresti de Budarth sigue adelante con acciones que van en beneficio de una reflexi\u00f3n entre los seres humanos, a fin de que eviten realizar estas...","og_url":"https:\/\/www.larazondexico.com.mx\/?p=1798","og_site_name":"La Raz\u00f3n de Xico - Presencia Informativa en el estado","article_published_time":"2025-10-04T18:25:22+00:00","article_modified_time":"2025-10-04T18:32:26+00:00","og_image":[{"width":1080,"height":781,"url":"https:\/\/www.larazondexico.com.mx\/wp-content\/uploads\/2025\/10\/VIOLENCIA.jpg","type":"image\/jpeg"}],"author":"Juan Jos\u00e9 Contreras Gonz\u00e1lez","twitter_card":"summary_large_image","twitter_misc":{"Escrito por":"Juan Jos\u00e9 Contreras Gonz\u00e1lez","Tiempo de lectura":"1 minuto"},"schema":{"@context":"https:\/\/schema.org","@graph":[{"@type":"WebPage","@id":"https:\/\/www.larazondexico.com.mx\/?p=1798","url":"https:\/\/www.larazondexico.com.mx\/?p=1798","name":"SIGUE DIF OCAMPO, TRABAJANDO PARA ERRADICAR LA VIOLENCIA EN MUJERES Y NI\u00d1AS. - La Raz\u00f3n de Xico - Presencia Informativa en el estado","isPartOf":{"@id":"https:\/\/www.larazondexico.com.mx\/#website"},"primaryImageOfPage":{"@id":"https:\/\/www.larazondexico.com.mx\/?p=1798#primaryimage"},"image":{"@id":"https:\/\/www.larazondexico.com.mx\/?p=1798#primaryimage"},"thumbnailUrl":"https:\/\/www.larazondexico.com.mx\/wp-content\/uploads\/2025\/10\/VIOLENCIA.jpg","datePublished":"2025-10-04T18:25:22+00:00","dateModified":"2025-10-04T18:32:26+00:00","author":{"@id":"https:\/\/www.larazondexico.com.mx\/#\/schema\/person\/b10ea8a31f9b2f34c2ec8835ba5d1318"},"breadcrumb":{"@id":"https:\/\/www.larazondexico.com.mx\/?p=1798#breadcrumb"},"inLanguage":"es","potentialAction":[{"@type":"ReadAction","target":["https:\/\/www.larazondexico.com.mx\/?p=1798"]}]},{"@type":"ImageObject","inLanguage":"es","@id":"https:\/\/www.larazondexico.com.mx\/?p=1798#primaryimage","url":"https:\/\/www.larazondexico.com.mx\/wp-content\/uploads\/2025\/10\/VIOLENCIA.jpg","contentUrl":"https:\/\/www.larazondexico.com.mx\/wp-content\/uploads\/2025\/10\/VIOLENCIA.jpg","width":1080,"height":781},{"@type":"BreadcrumbList","@id":"https:\/\/www.larazondexico.com.mx\/?p=1798#breadcrumb","itemListElement":[{"@type":"ListItem","position":1,"name":"Portada","item":"https:\/\/www.larazondexico.com.mx\/"},{"@type":"ListItem","position":2,"name":"SIGUE DIF OCAMPO, TRABAJANDO PARA ERRADICAR LA VIOLENCIA EN MUJERES Y NI\u00d1AS."}]},{"@type":"WebSite","@id":"https:\/\/www.larazondexico.com.mx\/#website","url":"https:\/\/www.larazondexico.com.mx\/","name":"La Raz\u00f3n de Xico - Presencia Informativa en el estado","description":"","potentialAction":[{"@type":"SearchAction","target":{"@type":"EntryPoint","urlTemplate":"https:\/\/www.larazondexico.com.mx\/?s={search_term_string}"},"query-input":{"@type":"PropertyValueSpecification","valueRequired":true,"valueName":"search_term_string"}}],"inLanguage":"es"},{"@type":"Person","@id":"https:\/\/www.larazondexico.com.mx\/#\/schema\/person\/b10ea8a31f9b2f34c2ec8835ba5d1318","name":"Juan Jos\u00e9 Contreras Gonz\u00e1lez","image":{"@type":"ImageObject","inLanguage":"es","@id":"https:\/\/www.larazondexico.com.mx\/#\/schema\/person\/image\/","url":"https:\/\/secure.gravatar.com\/avatar\/2b2a34677c3407f25b56188b4c2ca478?s=96&d=mm&r=g","contentUrl":"https:\/\/secure.gravatar.com\/avatar\/2b2a34677c3407f25b56188b4c2ca478?s=96&d=mm&r=g","caption":"Juan Jos\u00e9 Contreras Gonz\u00e1lez"},"url":"https:\/\/www.larazondexico.com.mx\/?author=2"}]}},"_links":{"self":[{"href":"https:\/\/www.larazondexico.com.mx\/index.php?rest_route=\/wp\/v2\/posts\/1798","targetHints":{"allow":["GET"]}}],"collection":[{"href":"https:\/\/www.larazondexico.com.mx\/index.php?rest_route=\/wp\/v2\/posts"}],"about":[{"href":"https:\/\/www.larazondexico.com.mx\/index.php?rest_route=\/wp\/v2\/types\/post"}],"author":[{"embeddable":true,"href":"https:\/\/www.larazondexico.com.mx\/index.php?rest_route=\/wp\/v2\/users\/2"}],"replies":[{"embeddable":true,"href":"https:\/\/www.larazondexico.com.mx\/index.php?rest_route=%2Fwp%2Fv2%2Fcomments&post=1798"}],"version-history":[{"count":2,"href":"https:\/\/www.larazondexico.com.mx\/index.php?rest_route=\/wp\/v2\/posts\/1798\/revisions"}],"predecessor-version":[{"id":1802,"href":"https:\/\/www.larazondexico.com.mx\/index.php?rest_route=\/wp\/v2\/posts\/1798\/revisions\/1802"}],"wp:featuredmedia":[{"embeddable":true,"href":"https:\/\/www.larazondexico.com.mx\/index.php?rest_route=\/wp\/v2\/media\/1799"}],"wp:attachment":[{"href":"https:\/\/www.larazondexico.com.mx\/index.php?rest_route=%2Fwp%2Fv2%2Fmedia&parent=1798"}],"wp:term":[{"taxonomy":"category","embeddable":true,"href":"https:\/\/www.larazondexico.com.mx\/index.php?rest_route=%2Fwp%2Fv2%2Fcategories&post=1798"},{"taxonomy":"post_tag","embeddable":true,"href":"https:\/\/www.larazondexico.com.mx\/index.php?rest_route=%2Fwp%2Fv2%2Ftags&post=1798"}],"curies":[{"name":"wp","href":"https:\/\/api.w.org\/{rel}","templated":true}]}}