{"id":1784,"date":"2025-10-03T11:15:37","date_gmt":"2025-10-03T17:15:37","guid":{"rendered":"https:\/\/www.larazondexico.com.mx\/?p=1784"},"modified":"2025-10-03T11:15:40","modified_gmt":"2025-10-03T17:15:40","slug":"inicia-dif-ocampo-campana-de-aparatos-funcionales-y-auditivos","status":"publish","type":"post","link":"https:\/\/www.larazondexico.com.mx\/?p=1784","title":{"rendered":"INICIA DIF OCAMPO, CAMPA\u00d1A DE APARATOS FUNCIONALES Y AUDITIVOS."},"content":{"rendered":"\n<p>Ocampo, Tamaulipas.-(Escribe Juan Jose Contreras Gonzalez).-Con el prop\u00f3sito de beneficiar a las familias de escasos recursos econ\u00f3micos de este municipio, la C.P. Martha Uresti de Budarth, Presidenta del Sistema para el Desarrollo Integral de la Familia en este municipio, puso en marcha la campa\u00f1a de aparatos funcionales y auditivos.<\/p>\n\n\n\n<p>Dicha campa\u00f1a viene siendo en coordinaci\u00f3n con el DIF TAMAULIPAS, y va enfocada en beneficiar a todo aquel ser humano, que tenga necesidad de estos aparatos funcionales o requieran de alg\u00fan auditivo, para su sobrevivencia.<\/p>\n\n\n\n<p>Dicha campa\u00f1a se realizara durante el periodo de 29 de septiembre al 10 de Octubre, del presente a\u00f1o, y se est\u00e1n recibiendo documentos en las oficinas del DIF Ocampo, en donde personal altamente capacitado habr\u00e1 de asesorar a todo aquel que requiera este beneficio.<\/p>\n\n\n\n<p><\/p>\n","protected":false},"excerpt":{"rendered":"<p>Ocampo, Tamaulipas.-(Escribe Juan Jose Contreras Gonzalez).-Con el prop\u00f3sito de beneficiar a las familias de escasos recursos econ\u00f3micos de este municipio, la C.P. Martha Uresti de Budarth, Presidenta del Sistema para el Desarrollo Integral de la Familia en este municipio, puso en marcha la campa\u00f1a de aparatos funcionales y auditivos. Dicha campa\u00f1a viene siendo en coordinaci\u00f3n&#8230;<\/p>\n","protected":false},"author":2,"featured_media":1785,"comment_status":"closed","ping_status":"closed","sticky":false,"template":"","format":"standard","meta":{"footnotes":""},"categories":[12],"tags":[],"class_list":["post-1784","post","type-post","status-publish","format-standard","has-post-thumbnail","hentry","category-ocampo"],"yoast_head":"<!-- This site is optimized with the Yoast SEO plugin v25.6 - https:\/\/yoast.com\/wordpress\/plugins\/seo\/ -->\n<title>INICIA DIF OCAMPO, CAMPA\u00d1A DE APARATOS FUNCIONALES Y AUDITIVOS. - La Raz\u00f3n de Xico - Presencia Informativa en el estado<\/title>\n<meta name=\"robots\" content=\"index, follow, max-snippet:-1, max-image-preview:large, max-video-preview:-1\" \/>\n<link rel=\"canonical\" href=\"https:\/\/www.larazondexico.com.mx\/?p=1784\" \/>\n<meta property=\"og:locale\" content=\"es_ES\" \/>\n<meta property=\"og:type\" content=\"article\" \/>\n<meta property=\"og:title\" content=\"INICIA DIF OCAMPO, CAMPA\u00d1A DE APARATOS FUNCIONALES Y AUDITIVOS. - La Raz\u00f3n de Xico - Presencia Informativa en el estado\" \/>\n<meta property=\"og:description\" content=\"Ocampo, Tamaulipas.-(Escribe Juan Jose Contreras Gonzalez).-Con el prop\u00f3sito de beneficiar a las familias de escasos recursos econ\u00f3micos de este municipio, la C.P. Martha Uresti de Budarth, Presidenta del Sistema para el Desarrollo Integral de la Familia en este municipio, puso en marcha la campa\u00f1a de aparatos funcionales y auditivos. Dicha campa\u00f1a viene siendo en coordinaci\u00f3n...\" \/>\n<meta property=\"og:url\" content=\"https:\/\/www.larazondexico.com.mx\/?p=1784\" \/>\n<meta property=\"og:site_name\" content=\"La Raz\u00f3n de Xico - Presencia Informativa en el estado\" \/>\n<meta property=\"article:published_time\" content=\"2025-10-03T17:15:37+00:00\" \/>\n<meta property=\"article:modified_time\" content=\"2025-10-03T17:15:40+00:00\" \/>\n<meta property=\"og:image\" content=\"https:\/\/www.larazondexico.com.mx\/wp-content\/uploads\/2025\/10\/martha-uresti.jpg\" \/>\n\t<meta property=\"og:image:width\" content=\"673\" \/>\n\t<meta property=\"og:image:height\" content=\"719\" \/>\n\t<meta property=\"og:image:type\" content=\"image\/jpeg\" \/>\n<meta name=\"author\" content=\"Juan Jos\u00e9 Contreras Gonz\u00e1lez\" \/>\n<meta name=\"twitter:card\" content=\"summary_large_image\" \/>\n<meta name=\"twitter:label1\" content=\"Escrito por\" \/>\n\t<meta name=\"twitter:data1\" content=\"Juan Jos\u00e9 Contreras Gonz\u00e1lez\" \/>\n\t<meta name=\"twitter:label2\" content=\"Tiempo de lectura\" \/>\n\t<meta name=\"twitter:data2\" content=\"1 minuto\" \/>\n<script type=\"application\/ld+json\" class=\"yoast-schema-graph\">{\"@context\":\"https:\/\/schema.org\",\"@graph\":[{\"@type\":\"WebPage\",\"@id\":\"https:\/\/www.larazondexico.com.mx\/?p=1784\",\"url\":\"https:\/\/www.larazondexico.com.mx\/?p=1784\",\"name\":\"INICIA DIF OCAMPO, CAMPA\u00d1A DE APARATOS FUNCIONALES Y AUDITIVOS. - La Raz\u00f3n de Xico - Presencia Informativa en el estado\",\"isPartOf\":{\"@id\":\"https:\/\/www.larazondexico.com.mx\/#website\"},\"primaryImageOfPage\":{\"@id\":\"https:\/\/www.larazondexico.com.mx\/?p=1784#primaryimage\"},\"image\":{\"@id\":\"https:\/\/www.larazondexico.com.mx\/?p=1784#primaryimage\"},\"thumbnailUrl\":\"https:\/\/www.larazondexico.com.mx\/wp-content\/uploads\/2025\/10\/martha-uresti.jpg\",\"datePublished\":\"2025-10-03T17:15:37+00:00\",\"dateModified\":\"2025-10-03T17:15:40+00:00\",\"author\":{\"@id\":\"https:\/\/www.larazondexico.com.mx\/#\/schema\/person\/b10ea8a31f9b2f34c2ec8835ba5d1318\"},\"breadcrumb\":{\"@id\":\"https:\/\/www.larazondexico.com.mx\/?p=1784#breadcrumb\"},\"inLanguage\":\"es\",\"potentialAction\":[{\"@type\":\"ReadAction\",\"target\":[\"https:\/\/www.larazondexico.com.mx\/?p=1784\"]}]},{\"@type\":\"ImageObject\",\"inLanguage\":\"es\",\"@id\":\"https:\/\/www.larazondexico.com.mx\/?p=1784#primaryimage\",\"url\":\"https:\/\/www.larazondexico.com.mx\/wp-content\/uploads\/2025\/10\/martha-uresti.jpg\",\"contentUrl\":\"https:\/\/www.larazondexico.com.mx\/wp-content\/uploads\/2025\/10\/martha-uresti.jpg\",\"width\":673,\"height\":719},{\"@type\":\"BreadcrumbList\",\"@id\":\"https:\/\/www.larazondexico.com.mx\/?p=1784#breadcrumb\",\"itemListElement\":[{\"@type\":\"ListItem\",\"position\":1,\"name\":\"Portada\",\"item\":\"https:\/\/www.larazondexico.com.mx\/\"},{\"@type\":\"ListItem\",\"position\":2,\"name\":\"INICIA DIF OCAMPO, CAMPA\u00d1A DE APARATOS FUNCIONALES Y AUDITIVOS.\"}]},{\"@type\":\"WebSite\",\"@id\":\"https:\/\/www.larazondexico.com.mx\/#website\",\"url\":\"https:\/\/www.larazondexico.com.mx\/\",\"name\":\"La Raz\u00f3n de Xico - Presencia Informativa en el estado\",\"description\":\"\",\"potentialAction\":[{\"@type\":\"SearchAction\",\"target\":{\"@type\":\"EntryPoint\",\"urlTemplate\":\"https:\/\/www.larazondexico.com.mx\/?s={search_term_string}\"},\"query-input\":{\"@type\":\"PropertyValueSpecification\",\"valueRequired\":true,\"valueName\":\"search_term_string\"}}],\"inLanguage\":\"es\"},{\"@type\":\"Person\",\"@id\":\"https:\/\/www.larazondexico.com.mx\/#\/schema\/person\/b10ea8a31f9b2f34c2ec8835ba5d1318\",\"name\":\"Juan Jos\u00e9 Contreras Gonz\u00e1lez\",\"image\":{\"@type\":\"ImageObject\",\"inLanguage\":\"es\",\"@id\":\"https:\/\/www.larazondexico.com.mx\/#\/schema\/person\/image\/\",\"url\":\"https:\/\/secure.gravatar.com\/avatar\/2b2a34677c3407f25b56188b4c2ca478?s=96&d=mm&r=g\",\"contentUrl\":\"https:\/\/secure.gravatar.com\/avatar\/2b2a34677c3407f25b56188b4c2ca478?s=96&d=mm&r=g\",\"caption\":\"Juan Jos\u00e9 Contreras Gonz\u00e1lez\"},\"url\":\"https:\/\/www.larazondexico.com.mx\/?author=2\"}]}<\/script>\n<!-- \/ Yoast SEO plugin. -->","yoast_head_json":{"title":"INICIA DIF OCAMPO, CAMPA\u00d1A DE APARATOS FUNCIONALES Y AUDITIVOS. - La Raz\u00f3n de Xico - Presencia Informativa en el estado","robots":{"index":"index","follow":"follow","max-snippet":"max-snippet:-1","max-image-preview":"max-image-preview:large","max-video-preview":"max-video-preview:-1"},"canonical":"https:\/\/www.larazondexico.com.mx\/?p=1784","og_locale":"es_ES","og_type":"article","og_title":"INICIA DIF OCAMPO, CAMPA\u00d1A DE APARATOS FUNCIONALES Y AUDITIVOS. - La Raz\u00f3n de Xico - Presencia Informativa en el estado","og_description":"Ocampo, Tamaulipas.-(Escribe Juan Jose Contreras Gonzalez).-Con el prop\u00f3sito de beneficiar a las familias de escasos recursos econ\u00f3micos de este municipio, la C.P. Martha Uresti de Budarth, Presidenta del Sistema para el Desarrollo Integral de la Familia en este municipio, puso en marcha la campa\u00f1a de aparatos funcionales y auditivos. Dicha campa\u00f1a viene siendo en coordinaci\u00f3n...","og_url":"https:\/\/www.larazondexico.com.mx\/?p=1784","og_site_name":"La Raz\u00f3n de Xico - Presencia Informativa en el estado","article_published_time":"2025-10-03T17:15:37+00:00","article_modified_time":"2025-10-03T17:15:40+00:00","og_image":[{"width":673,"height":719,"url":"https:\/\/www.larazondexico.com.mx\/wp-content\/uploads\/2025\/10\/martha-uresti.jpg","type":"image\/jpeg"}],"author":"Juan Jos\u00e9 Contreras Gonz\u00e1lez","twitter_card":"summary_large_image","twitter_misc":{"Escrito por":"Juan Jos\u00e9 Contreras Gonz\u00e1lez","Tiempo de lectura":"1 minuto"},"schema":{"@context":"https:\/\/schema.org","@graph":[{"@type":"WebPage","@id":"https:\/\/www.larazondexico.com.mx\/?p=1784","url":"https:\/\/www.larazondexico.com.mx\/?p=1784","name":"INICIA DIF OCAMPO, CAMPA\u00d1A DE APARATOS FUNCIONALES Y AUDITIVOS. - La Raz\u00f3n de Xico - Presencia Informativa en el estado","isPartOf":{"@id":"https:\/\/www.larazondexico.com.mx\/#website"},"primaryImageOfPage":{"@id":"https:\/\/www.larazondexico.com.mx\/?p=1784#primaryimage"},"image":{"@id":"https:\/\/www.larazondexico.com.mx\/?p=1784#primaryimage"},"thumbnailUrl":"https:\/\/www.larazondexico.com.mx\/wp-content\/uploads\/2025\/10\/martha-uresti.jpg","datePublished":"2025-10-03T17:15:37+00:00","dateModified":"2025-10-03T17:15:40+00:00","author":{"@id":"https:\/\/www.larazondexico.com.mx\/#\/schema\/person\/b10ea8a31f9b2f34c2ec8835ba5d1318"},"breadcrumb":{"@id":"https:\/\/www.larazondexico.com.mx\/?p=1784#breadcrumb"},"inLanguage":"es","potentialAction":[{"@type":"ReadAction","target":["https:\/\/www.larazondexico.com.mx\/?p=1784"]}]},{"@type":"ImageObject","inLanguage":"es","@id":"https:\/\/www.larazondexico.com.mx\/?p=1784#primaryimage","url":"https:\/\/www.larazondexico.com.mx\/wp-content\/uploads\/2025\/10\/martha-uresti.jpg","contentUrl":"https:\/\/www.larazondexico.com.mx\/wp-content\/uploads\/2025\/10\/martha-uresti.jpg","width":673,"height":719},{"@type":"BreadcrumbList","@id":"https:\/\/www.larazondexico.com.mx\/?p=1784#breadcrumb","itemListElement":[{"@type":"ListItem","position":1,"name":"Portada","item":"https:\/\/www.larazondexico.com.mx\/"},{"@type":"ListItem","position":2,"name":"INICIA DIF OCAMPO, CAMPA\u00d1A DE APARATOS FUNCIONALES Y AUDITIVOS."}]},{"@type":"WebSite","@id":"https:\/\/www.larazondexico.com.mx\/#website","url":"https:\/\/www.larazondexico.com.mx\/","name":"La Raz\u00f3n de Xico - Presencia Informativa en el estado","description":"","potentialAction":[{"@type":"SearchAction","target":{"@type":"EntryPoint","urlTemplate":"https:\/\/www.larazondexico.com.mx\/?s={search_term_string}"},"query-input":{"@type":"PropertyValueSpecification","valueRequired":true,"valueName":"search_term_string"}}],"inLanguage":"es"},{"@type":"Person","@id":"https:\/\/www.larazondexico.com.mx\/#\/schema\/person\/b10ea8a31f9b2f34c2ec8835ba5d1318","name":"Juan Jos\u00e9 Contreras Gonz\u00e1lez","image":{"@type":"ImageObject","inLanguage":"es","@id":"https:\/\/www.larazondexico.com.mx\/#\/schema\/person\/image\/","url":"https:\/\/secure.gravatar.com\/avatar\/2b2a34677c3407f25b56188b4c2ca478?s=96&d=mm&r=g","contentUrl":"https:\/\/secure.gravatar.com\/avatar\/2b2a34677c3407f25b56188b4c2ca478?s=96&d=mm&r=g","caption":"Juan Jos\u00e9 Contreras Gonz\u00e1lez"},"url":"https:\/\/www.larazondexico.com.mx\/?author=2"}]}},"_links":{"self":[{"href":"https:\/\/www.larazondexico.com.mx\/index.php?rest_route=\/wp\/v2\/posts\/1784","targetHints":{"allow":["GET"]}}],"collection":[{"href":"https:\/\/www.larazondexico.com.mx\/index.php?rest_route=\/wp\/v2\/posts"}],"about":[{"href":"https:\/\/www.larazondexico.com.mx\/index.php?rest_route=\/wp\/v2\/types\/post"}],"author":[{"embeddable":true,"href":"https:\/\/www.larazondexico.com.mx\/index.php?rest_route=\/wp\/v2\/users\/2"}],"replies":[{"embeddable":true,"href":"https:\/\/www.larazondexico.com.mx\/index.php?rest_route=%2Fwp%2Fv2%2Fcomments&post=1784"}],"version-history":[{"count":1,"href":"https:\/\/www.larazondexico.com.mx\/index.php?rest_route=\/wp\/v2\/posts\/1784\/revisions"}],"predecessor-version":[{"id":1786,"href":"https:\/\/www.larazondexico.com.mx\/index.php?rest_route=\/wp\/v2\/posts\/1784\/revisions\/1786"}],"wp:featuredmedia":[{"embeddable":true,"href":"https:\/\/www.larazondexico.com.mx\/index.php?rest_route=\/wp\/v2\/media\/1785"}],"wp:attachment":[{"href":"https:\/\/www.larazondexico.com.mx\/index.php?rest_route=%2Fwp%2Fv2%2Fmedia&parent=1784"}],"wp:term":[{"taxonomy":"category","embeddable":true,"href":"https:\/\/www.larazondexico.com.mx\/index.php?rest_route=%2Fwp%2Fv2%2Fcategories&post=1784"},{"taxonomy":"post_tag","embeddable":true,"href":"https:\/\/www.larazondexico.com.mx\/index.php?rest_route=%2Fwp%2Fv2%2Ftags&post=1784"}],"curies":[{"name":"wp","href":"https:\/\/api.w.org\/{rel}","templated":true}]}}