{"id":1704,"date":"2025-09-26T10:11:04","date_gmt":"2025-09-26T16:11:04","guid":{"rendered":"https:\/\/www.larazondexico.com.mx\/?p=1704"},"modified":"2025-09-26T10:12:30","modified_gmt":"2025-09-26T16:12:30","slug":"ocampo-presente-en-la-jornada-para-la-profesionailizacion-municipal","status":"publish","type":"post","link":"https:\/\/www.larazondexico.com.mx\/?p=1704","title":{"rendered":"OCAMPO, PRESENTE EN LA JORNADA PARA LA PROFESIONALIZACION MUNICIPAL."},"content":{"rendered":"\n<p>Ocampo, Tamaulipas.-(Escribe Juan Jose Contreras Gonz\u00e1lez).-Tras confirmar que en el Gobierno Municipal de Ocampo, las acciones que se vienen realizando, se hacen con estricto apago a derecho y en el manejo de los recursos econ\u00f3micos del Pueblo, se realiza  con absoluta honestidad y responsabilidad el alcalde Melchor Budarth B\u00e1ez, reitero su compromiso que hoy se requiere de acuerdo a lo lineamientos que viene marcando la Jornada de Profesionalizaci\u00f3n Municipal en materia de rendici\u00f3n de cuentas 2025.<\/p>\n\n\n\n<p>Acompa\u00f1ado de su esposa Martha Uresti de Budarth, as\u00ed como de los principales funcionarios de eus administraci\u00f3n publica, el alcalde Melchor Budarth Baez, expreso que \u00abOcampo fortalece la rendici\u00f3n de cuentas con profesionalizaci\u00f3n municipal\u00bb.<\/p>\n\n\n\n<p>Al participar en dicha Jornada, celebrada en Tampico, Tamaulipas, el mun\u00edcipe confirmo todo el inter\u00e9s de realizar  las acciones que se enmarcan en esta Reuni\u00f3n, en donde nos servir\u00e1 para seguir trabajando con honestidad y responsabilidad, en el manejo de las cuentas publicas municipales, porque es un compromiso que contraemos con la ciudadan\u00eda en general..<\/p>\n\n\n\n<p><a href=\"https:\/\/www.facebook.com\/hashtag\/gobiernodeocampo?__cft__[0]=AZU-dOWaQmqP2NLwDC0sR_-ASGsRBqpd70ISdcpJMI-eDy5Cfw0t2DnUFrnrko0_Ns7ZIBSav0MsuEl1NrzyS5TsvjQssLPgxuvQtS8ehf6xJbOe3w7O5C-ONuAqX1zG6xGy4dz5Kf2l3iXPo70rnRffwPBiRf-3nQf0ZCPfUnwLiSqHPNzgq_cPEqJtqEqp2ygOybhLINfrueJQmxnmpaeme1GPu7j-lEzUUwJuzzZxEg&amp;__tn__=*NK-y-R\">#GobiernoDeOcampo<\/a><a href=\"https:\/\/www.facebook.com\/hashtag\/mascercadenuestragente?__cft__[0]=AZU-dOWaQmqP2NLwDC0sR_-ASGsRBqpd70ISdcpJMI-eDy5Cfw0t2DnUFrnrko0_Ns7ZIBSav0MsuEl1NrzyS5TsvjQssLPgxuvQtS8ehf6xJbOe3w7O5C-ONuAqX1zG6xGy4dz5Kf2l3iXPo70rnRffwPBiRf-3nQf0ZCPfUnwLiSqHPNzgq_cPEqJtqEqp2ygOybhLINfrueJQmxnmpaeme1GPu7j-lEzUUwJuzzZxEg&amp;__tn__=*NK-y-R\">#MasCercaDeNuestraGente<\/a><a href=\"https:\/\/www.facebook.com\/hashtag\/transparencia?__cft__[0]=AZU-dOWaQmqP2NLwDC0sR_-ASGsRBqpd70ISdcpJMI-eDy5Cfw0t2DnUFrnrko0_Ns7ZIBSav0MsuEl1NrzyS5TsvjQssLPgxuvQtS8ehf6xJbOe3w7O5C-ONuAqX1zG6xGy4dz5Kf2l3iXPo70rnRffwPBiRf-3nQf0ZCPfUnwLiSqHPNzgq_cPEqJtqEqp2ygOybhLINfrueJQmxnmpaeme1GPu7j-lEzUUwJuzzZxEg&amp;__tn__=*NK-y-R\">#Transparencia<\/a><a href=\"https:\/\/www.facebook.com\/hashtag\/rendici%C3%B3ndecuentas?__cft__[0]=AZU-dOWaQmqP2NLwDC0sR_-ASGsRBqpd70ISdcpJMI-eDy5Cfw0t2DnUFrnrko0_Ns7ZIBSav0MsuEl1NrzyS5TsvjQssLPgxuvQtS8ehf6xJbOe3w7O5C-ONuAqX1zG6xGy4dz5Kf2l3iXPo70rnRffwPBiRf-3nQf0ZCPfUnwLiSqHPNzgq_cPEqJtqEqp2ygOybhLINfrueJQmxnmpaeme1GPu7j-lEzUUwJuzzZxEg&amp;__tn__=*NK-y-R\">#Rendici\u00f3nDeCuentas<\/a><\/p>\n","protected":false},"excerpt":{"rendered":"<p>Ocampo, Tamaulipas.-(Escribe Juan Jose Contreras Gonz\u00e1lez).-Tras confirmar que en el Gobierno Municipal de Ocampo, las acciones que se vienen realizando, se hacen con estricto apago a derecho y en el manejo de los recursos econ\u00f3micos del Pueblo, se realiza con absoluta honestidad y responsabilidad el alcalde Melchor Budarth B\u00e1ez, reitero su compromiso que hoy se&#8230;<\/p>\n","protected":false},"author":2,"featured_media":1705,"comment_status":"closed","ping_status":"closed","sticky":false,"template":"","format":"standard","meta":{"footnotes":""},"categories":[12],"tags":[],"class_list":["post-1704","post","type-post","status-publish","format-standard","has-post-thumbnail","hentry","category-ocampo"],"yoast_head":"<!-- This site is optimized with the Yoast SEO plugin v25.6 - https:\/\/yoast.com\/wordpress\/plugins\/seo\/ -->\n<title>OCAMPO, PRESENTE EN LA JORNADA PARA LA PROFESIONALIZACION MUNICIPAL. - La Raz\u00f3n de Xico - Presencia Informativa en el estado<\/title>\n<meta name=\"robots\" content=\"index, follow, max-snippet:-1, max-image-preview:large, max-video-preview:-1\" \/>\n<link rel=\"canonical\" href=\"https:\/\/www.larazondexico.com.mx\/?p=1704\" \/>\n<meta property=\"og:locale\" content=\"es_ES\" \/>\n<meta property=\"og:type\" content=\"article\" \/>\n<meta property=\"og:title\" content=\"OCAMPO, PRESENTE EN LA JORNADA PARA LA PROFESIONALIZACION MUNICIPAL. - La Raz\u00f3n de Xico - Presencia Informativa en el estado\" \/>\n<meta property=\"og:description\" content=\"Ocampo, Tamaulipas.-(Escribe Juan Jose Contreras Gonz\u00e1lez).-Tras confirmar que en el Gobierno Municipal de Ocampo, las acciones que se vienen realizando, se hacen con estricto apago a derecho y en el manejo de los recursos econ\u00f3micos del Pueblo, se realiza con absoluta honestidad y responsabilidad el alcalde Melchor Budarth B\u00e1ez, reitero su compromiso que hoy se...\" \/>\n<meta property=\"og:url\" content=\"https:\/\/www.larazondexico.com.mx\/?p=1704\" \/>\n<meta property=\"og:site_name\" content=\"La Raz\u00f3n de Xico - Presencia Informativa en el estado\" \/>\n<meta property=\"article:published_time\" content=\"2025-09-26T16:11:04+00:00\" \/>\n<meta property=\"article:modified_time\" content=\"2025-09-26T16:12:30+00:00\" \/>\n<meta property=\"og:image\" content=\"https:\/\/www.larazondexico.com.mx\/wp-content\/uploads\/2025\/09\/ocampo2.jpg\" \/>\n\t<meta property=\"og:image:width\" content=\"1280\" \/>\n\t<meta property=\"og:image:height\" content=\"727\" \/>\n\t<meta property=\"og:image:type\" content=\"image\/jpeg\" \/>\n<meta name=\"author\" content=\"Juan Jos\u00e9 Contreras Gonz\u00e1lez\" \/>\n<meta name=\"twitter:card\" content=\"summary_large_image\" \/>\n<meta name=\"twitter:label1\" content=\"Escrito por\" \/>\n\t<meta name=\"twitter:data1\" content=\"Juan Jos\u00e9 Contreras Gonz\u00e1lez\" \/>\n\t<meta name=\"twitter:label2\" content=\"Tiempo de lectura\" \/>\n\t<meta name=\"twitter:data2\" content=\"1 minuto\" \/>\n<script type=\"application\/ld+json\" class=\"yoast-schema-graph\">{\"@context\":\"https:\/\/schema.org\",\"@graph\":[{\"@type\":\"WebPage\",\"@id\":\"https:\/\/www.larazondexico.com.mx\/?p=1704\",\"url\":\"https:\/\/www.larazondexico.com.mx\/?p=1704\",\"name\":\"OCAMPO, PRESENTE EN LA JORNADA PARA LA PROFESIONALIZACION MUNICIPAL. - La Raz\u00f3n de Xico - Presencia Informativa en el estado\",\"isPartOf\":{\"@id\":\"https:\/\/www.larazondexico.com.mx\/#website\"},\"primaryImageOfPage\":{\"@id\":\"https:\/\/www.larazondexico.com.mx\/?p=1704#primaryimage\"},\"image\":{\"@id\":\"https:\/\/www.larazondexico.com.mx\/?p=1704#primaryimage\"},\"thumbnailUrl\":\"https:\/\/www.larazondexico.com.mx\/wp-content\/uploads\/2025\/09\/ocampo2.jpg\",\"datePublished\":\"2025-09-26T16:11:04+00:00\",\"dateModified\":\"2025-09-26T16:12:30+00:00\",\"author\":{\"@id\":\"https:\/\/www.larazondexico.com.mx\/#\/schema\/person\/b10ea8a31f9b2f34c2ec8835ba5d1318\"},\"breadcrumb\":{\"@id\":\"https:\/\/www.larazondexico.com.mx\/?p=1704#breadcrumb\"},\"inLanguage\":\"es\",\"potentialAction\":[{\"@type\":\"ReadAction\",\"target\":[\"https:\/\/www.larazondexico.com.mx\/?p=1704\"]}]},{\"@type\":\"ImageObject\",\"inLanguage\":\"es\",\"@id\":\"https:\/\/www.larazondexico.com.mx\/?p=1704#primaryimage\",\"url\":\"https:\/\/www.larazondexico.com.mx\/wp-content\/uploads\/2025\/09\/ocampo2.jpg\",\"contentUrl\":\"https:\/\/www.larazondexico.com.mx\/wp-content\/uploads\/2025\/09\/ocampo2.jpg\",\"width\":1280,\"height\":727},{\"@type\":\"BreadcrumbList\",\"@id\":\"https:\/\/www.larazondexico.com.mx\/?p=1704#breadcrumb\",\"itemListElement\":[{\"@type\":\"ListItem\",\"position\":1,\"name\":\"Portada\",\"item\":\"https:\/\/www.larazondexico.com.mx\/\"},{\"@type\":\"ListItem\",\"position\":2,\"name\":\"OCAMPO, PRESENTE EN LA JORNADA PARA LA PROFESIONALIZACION MUNICIPAL.\"}]},{\"@type\":\"WebSite\",\"@id\":\"https:\/\/www.larazondexico.com.mx\/#website\",\"url\":\"https:\/\/www.larazondexico.com.mx\/\",\"name\":\"La Raz\u00f3n de Xico - Presencia Informativa en el estado\",\"description\":\"\",\"potentialAction\":[{\"@type\":\"SearchAction\",\"target\":{\"@type\":\"EntryPoint\",\"urlTemplate\":\"https:\/\/www.larazondexico.com.mx\/?s={search_term_string}\"},\"query-input\":{\"@type\":\"PropertyValueSpecification\",\"valueRequired\":true,\"valueName\":\"search_term_string\"}}],\"inLanguage\":\"es\"},{\"@type\":\"Person\",\"@id\":\"https:\/\/www.larazondexico.com.mx\/#\/schema\/person\/b10ea8a31f9b2f34c2ec8835ba5d1318\",\"name\":\"Juan Jos\u00e9 Contreras Gonz\u00e1lez\",\"image\":{\"@type\":\"ImageObject\",\"inLanguage\":\"es\",\"@id\":\"https:\/\/www.larazondexico.com.mx\/#\/schema\/person\/image\/\",\"url\":\"https:\/\/secure.gravatar.com\/avatar\/2b2a34677c3407f25b56188b4c2ca478?s=96&d=mm&r=g\",\"contentUrl\":\"https:\/\/secure.gravatar.com\/avatar\/2b2a34677c3407f25b56188b4c2ca478?s=96&d=mm&r=g\",\"caption\":\"Juan Jos\u00e9 Contreras Gonz\u00e1lez\"},\"url\":\"https:\/\/www.larazondexico.com.mx\/?author=2\"}]}<\/script>\n<!-- \/ Yoast SEO plugin. -->","yoast_head_json":{"title":"OCAMPO, PRESENTE EN LA JORNADA PARA LA PROFESIONALIZACION MUNICIPAL. - La Raz\u00f3n de Xico - Presencia Informativa en el estado","robots":{"index":"index","follow":"follow","max-snippet":"max-snippet:-1","max-image-preview":"max-image-preview:large","max-video-preview":"max-video-preview:-1"},"canonical":"https:\/\/www.larazondexico.com.mx\/?p=1704","og_locale":"es_ES","og_type":"article","og_title":"OCAMPO, PRESENTE EN LA JORNADA PARA LA PROFESIONALIZACION MUNICIPAL. - La Raz\u00f3n de Xico - Presencia Informativa en el estado","og_description":"Ocampo, Tamaulipas.-(Escribe Juan Jose Contreras Gonz\u00e1lez).-Tras confirmar que en el Gobierno Municipal de Ocampo, las acciones que se vienen realizando, se hacen con estricto apago a derecho y en el manejo de los recursos econ\u00f3micos del Pueblo, se realiza con absoluta honestidad y responsabilidad el alcalde Melchor Budarth B\u00e1ez, reitero su compromiso que hoy se...","og_url":"https:\/\/www.larazondexico.com.mx\/?p=1704","og_site_name":"La Raz\u00f3n de Xico - Presencia Informativa en el estado","article_published_time":"2025-09-26T16:11:04+00:00","article_modified_time":"2025-09-26T16:12:30+00:00","og_image":[{"width":1280,"height":727,"url":"https:\/\/www.larazondexico.com.mx\/wp-content\/uploads\/2025\/09\/ocampo2.jpg","type":"image\/jpeg"}],"author":"Juan Jos\u00e9 Contreras Gonz\u00e1lez","twitter_card":"summary_large_image","twitter_misc":{"Escrito por":"Juan Jos\u00e9 Contreras Gonz\u00e1lez","Tiempo de lectura":"1 minuto"},"schema":{"@context":"https:\/\/schema.org","@graph":[{"@type":"WebPage","@id":"https:\/\/www.larazondexico.com.mx\/?p=1704","url":"https:\/\/www.larazondexico.com.mx\/?p=1704","name":"OCAMPO, PRESENTE EN LA JORNADA PARA LA PROFESIONALIZACION MUNICIPAL. - La Raz\u00f3n de Xico - Presencia Informativa en el estado","isPartOf":{"@id":"https:\/\/www.larazondexico.com.mx\/#website"},"primaryImageOfPage":{"@id":"https:\/\/www.larazondexico.com.mx\/?p=1704#primaryimage"},"image":{"@id":"https:\/\/www.larazondexico.com.mx\/?p=1704#primaryimage"},"thumbnailUrl":"https:\/\/www.larazondexico.com.mx\/wp-content\/uploads\/2025\/09\/ocampo2.jpg","datePublished":"2025-09-26T16:11:04+00:00","dateModified":"2025-09-26T16:12:30+00:00","author":{"@id":"https:\/\/www.larazondexico.com.mx\/#\/schema\/person\/b10ea8a31f9b2f34c2ec8835ba5d1318"},"breadcrumb":{"@id":"https:\/\/www.larazondexico.com.mx\/?p=1704#breadcrumb"},"inLanguage":"es","potentialAction":[{"@type":"ReadAction","target":["https:\/\/www.larazondexico.com.mx\/?p=1704"]}]},{"@type":"ImageObject","inLanguage":"es","@id":"https:\/\/www.larazondexico.com.mx\/?p=1704#primaryimage","url":"https:\/\/www.larazondexico.com.mx\/wp-content\/uploads\/2025\/09\/ocampo2.jpg","contentUrl":"https:\/\/www.larazondexico.com.mx\/wp-content\/uploads\/2025\/09\/ocampo2.jpg","width":1280,"height":727},{"@type":"BreadcrumbList","@id":"https:\/\/www.larazondexico.com.mx\/?p=1704#breadcrumb","itemListElement":[{"@type":"ListItem","position":1,"name":"Portada","item":"https:\/\/www.larazondexico.com.mx\/"},{"@type":"ListItem","position":2,"name":"OCAMPO, PRESENTE EN LA JORNADA PARA LA PROFESIONALIZACION MUNICIPAL."}]},{"@type":"WebSite","@id":"https:\/\/www.larazondexico.com.mx\/#website","url":"https:\/\/www.larazondexico.com.mx\/","name":"La Raz\u00f3n de Xico - Presencia Informativa en el estado","description":"","potentialAction":[{"@type":"SearchAction","target":{"@type":"EntryPoint","urlTemplate":"https:\/\/www.larazondexico.com.mx\/?s={search_term_string}"},"query-input":{"@type":"PropertyValueSpecification","valueRequired":true,"valueName":"search_term_string"}}],"inLanguage":"es"},{"@type":"Person","@id":"https:\/\/www.larazondexico.com.mx\/#\/schema\/person\/b10ea8a31f9b2f34c2ec8835ba5d1318","name":"Juan Jos\u00e9 Contreras Gonz\u00e1lez","image":{"@type":"ImageObject","inLanguage":"es","@id":"https:\/\/www.larazondexico.com.mx\/#\/schema\/person\/image\/","url":"https:\/\/secure.gravatar.com\/avatar\/2b2a34677c3407f25b56188b4c2ca478?s=96&d=mm&r=g","contentUrl":"https:\/\/secure.gravatar.com\/avatar\/2b2a34677c3407f25b56188b4c2ca478?s=96&d=mm&r=g","caption":"Juan Jos\u00e9 Contreras Gonz\u00e1lez"},"url":"https:\/\/www.larazondexico.com.mx\/?author=2"}]}},"_links":{"self":[{"href":"https:\/\/www.larazondexico.com.mx\/index.php?rest_route=\/wp\/v2\/posts\/1704","targetHints":{"allow":["GET"]}}],"collection":[{"href":"https:\/\/www.larazondexico.com.mx\/index.php?rest_route=\/wp\/v2\/posts"}],"about":[{"href":"https:\/\/www.larazondexico.com.mx\/index.php?rest_route=\/wp\/v2\/types\/post"}],"author":[{"embeddable":true,"href":"https:\/\/www.larazondexico.com.mx\/index.php?rest_route=\/wp\/v2\/users\/2"}],"replies":[{"embeddable":true,"href":"https:\/\/www.larazondexico.com.mx\/index.php?rest_route=%2Fwp%2Fv2%2Fcomments&post=1704"}],"version-history":[{"count":2,"href":"https:\/\/www.larazondexico.com.mx\/index.php?rest_route=\/wp\/v2\/posts\/1704\/revisions"}],"predecessor-version":[{"id":1707,"href":"https:\/\/www.larazondexico.com.mx\/index.php?rest_route=\/wp\/v2\/posts\/1704\/revisions\/1707"}],"wp:featuredmedia":[{"embeddable":true,"href":"https:\/\/www.larazondexico.com.mx\/index.php?rest_route=\/wp\/v2\/media\/1705"}],"wp:attachment":[{"href":"https:\/\/www.larazondexico.com.mx\/index.php?rest_route=%2Fwp%2Fv2%2Fmedia&parent=1704"}],"wp:term":[{"taxonomy":"category","embeddable":true,"href":"https:\/\/www.larazondexico.com.mx\/index.php?rest_route=%2Fwp%2Fv2%2Fcategories&post=1704"},{"taxonomy":"post_tag","embeddable":true,"href":"https:\/\/www.larazondexico.com.mx\/index.php?rest_route=%2Fwp%2Fv2%2Ftags&post=1704"}],"curies":[{"name":"wp","href":"https:\/\/api.w.org\/{rel}","templated":true}]}}