{"id":1570,"date":"2025-09-05T13:20:01","date_gmt":"2025-09-05T19:20:01","guid":{"rendered":"https:\/\/www.larazondexico.com.mx\/?p=1570"},"modified":"2025-09-12T13:47:14","modified_gmt":"2025-09-12T19:47:14","slug":"con-responsabilidad-y-honestidad-vamos-avanzando-con-hechos-y-resultados-reales-afirma-mariela-lopez-sosa","status":"publish","type":"post","link":"https:\/\/www.larazondexico.com.mx\/?p=1570","title":{"rendered":"CON RESPONSABILIDAD Y HONESTIDAD, VAMOS AVANZANDO CON HECHOS Y RESULTADOS REALES: AFIRMA MARIELA LOPEZ SOSA"},"content":{"rendered":"\n<p>Ej Segunda Unidad de Xicotencatl, Tamaulipas.-En unto de las 13 horas, la alcaldesa Mariela L\u00f3pez Sosa, acudi\u00f3 a su cita con su pueblo y dio a conocer su primer informe de Gobierno Municipal.<\/p>\n\n\n\n<p>Acompa\u00f1ada de su familia, de su cabildo en pleno del Representante del Gobernador del Estado Am\u00e9rico Villarreal Anaya el Lic Felipe Gonzalez Villasana, agradeci\u00f3 las muestras de apoyo de la ciudadan\u00eda en general para lograr avanzar a la transformaci\u00f3n de su pueblo. <\/p>\n\n\n\n<p>Entre vivas y porras Mariela L\u00f3pez Sosa, dio inicio a la transmisi\u00f3n visual de lo contenido en materia de obra p\u00fablica  en el municipio, as\u00ed como de los programas sociales existentes.<\/p>\n\n\n\n<p>Ratifico su compromiso por seguir trabajando por el bienestar Social de las familias, as\u00ed como volvi\u00f3 a ratificar la invitaci\u00f3n al Gobernador del Estado Am\u00e9rico Villarreal Guerra, para que visite al municipio que trabaja todos los d\u00edas mostrando una parte de Tamaulipas, que sigue adelante e impulsa su gobierno.<\/p>\n","protected":false},"excerpt":{"rendered":"<p>Ej Segunda Unidad de Xicotencatl, Tamaulipas.-En unto de las 13 horas, la alcaldesa Mariela L\u00f3pez Sosa, acudi\u00f3 a su cita con su pueblo y dio a conocer su primer informe de Gobierno Municipal. Acompa\u00f1ada de su familia, de su cabildo en pleno del Representante del Gobernador del Estado Am\u00e9rico Villarreal Anaya el Lic Felipe Gonzalez&#8230;<\/p>\n","protected":false},"author":2,"featured_media":1571,"comment_status":"closed","ping_status":"closed","sticky":false,"template":"","format":"standard","meta":{"footnotes":""},"categories":[6],"tags":[],"class_list":["post-1570","post","type-post","status-publish","format-standard","has-post-thumbnail","hentry","category-xico"],"yoast_head":"<!-- This site is optimized with the Yoast SEO plugin v25.6 - https:\/\/yoast.com\/wordpress\/plugins\/seo\/ -->\n<title>CON RESPONSABILIDAD Y HONESTIDAD, VAMOS AVANZANDO CON HECHOS Y RESULTADOS REALES: AFIRMA MARIELA LOPEZ SOSA - La Raz\u00f3n de Xico - Presencia Informativa en el estado<\/title>\n<meta name=\"robots\" content=\"index, follow, max-snippet:-1, max-image-preview:large, max-video-preview:-1\" \/>\n<link rel=\"canonical\" href=\"https:\/\/www.larazondexico.com.mx\/?p=1570\" \/>\n<meta property=\"og:locale\" content=\"es_ES\" \/>\n<meta property=\"og:type\" content=\"article\" \/>\n<meta property=\"og:title\" content=\"CON RESPONSABILIDAD Y HONESTIDAD, VAMOS AVANZANDO CON HECHOS Y RESULTADOS REALES: AFIRMA MARIELA LOPEZ SOSA - La Raz\u00f3n de Xico - Presencia Informativa en el estado\" \/>\n<meta property=\"og:description\" content=\"Ej Segunda Unidad de Xicotencatl, Tamaulipas.-En unto de las 13 horas, la alcaldesa Mariela L\u00f3pez Sosa, acudi\u00f3 a su cita con su pueblo y dio a conocer su primer informe de Gobierno Municipal. Acompa\u00f1ada de su familia, de su cabildo en pleno del Representante del Gobernador del Estado Am\u00e9rico Villarreal Anaya el Lic Felipe Gonzalez...\" \/>\n<meta property=\"og:url\" content=\"https:\/\/www.larazondexico.com.mx\/?p=1570\" \/>\n<meta property=\"og:site_name\" content=\"La Raz\u00f3n de Xico - Presencia Informativa en el estado\" \/>\n<meta property=\"article:published_time\" content=\"2025-09-05T19:20:01+00:00\" \/>\n<meta property=\"article:modified_time\" content=\"2025-09-12T19:47:14+00:00\" \/>\n<meta property=\"og:image\" content=\"https:\/\/www.larazondexico.com.mx\/wp-content\/uploads\/2025\/09\/IMG_20250905_130706-scaled.jpg\" \/>\n\t<meta property=\"og:image:width\" content=\"1152\" \/>\n\t<meta property=\"og:image:height\" content=\"2560\" \/>\n\t<meta property=\"og:image:type\" content=\"image\/jpeg\" \/>\n<meta name=\"author\" content=\"Juan Jos\u00e9 Contreras Gonz\u00e1lez\" \/>\n<meta name=\"twitter:card\" content=\"summary_large_image\" \/>\n<meta name=\"twitter:label1\" content=\"Escrito por\" \/>\n\t<meta name=\"twitter:data1\" content=\"Juan Jos\u00e9 Contreras Gonz\u00e1lez\" \/>\n\t<meta name=\"twitter:label2\" content=\"Tiempo de lectura\" \/>\n\t<meta name=\"twitter:data2\" content=\"1 minuto\" \/>\n<script type=\"application\/ld+json\" class=\"yoast-schema-graph\">{\"@context\":\"https:\/\/schema.org\",\"@graph\":[{\"@type\":\"WebPage\",\"@id\":\"https:\/\/www.larazondexico.com.mx\/?p=1570\",\"url\":\"https:\/\/www.larazondexico.com.mx\/?p=1570\",\"name\":\"CON RESPONSABILIDAD Y HONESTIDAD, VAMOS AVANZANDO CON HECHOS Y RESULTADOS REALES: AFIRMA MARIELA LOPEZ SOSA - La Raz\u00f3n de Xico - Presencia Informativa en el estado\",\"isPartOf\":{\"@id\":\"https:\/\/www.larazondexico.com.mx\/#website\"},\"primaryImageOfPage\":{\"@id\":\"https:\/\/www.larazondexico.com.mx\/?p=1570#primaryimage\"},\"image\":{\"@id\":\"https:\/\/www.larazondexico.com.mx\/?p=1570#primaryimage\"},\"thumbnailUrl\":\"https:\/\/www.larazondexico.com.mx\/wp-content\/uploads\/2025\/09\/IMG_20250905_130706-scaled.jpg\",\"datePublished\":\"2025-09-05T19:20:01+00:00\",\"dateModified\":\"2025-09-12T19:47:14+00:00\",\"author\":{\"@id\":\"https:\/\/www.larazondexico.com.mx\/#\/schema\/person\/b10ea8a31f9b2f34c2ec8835ba5d1318\"},\"breadcrumb\":{\"@id\":\"https:\/\/www.larazondexico.com.mx\/?p=1570#breadcrumb\"},\"inLanguage\":\"es\",\"potentialAction\":[{\"@type\":\"ReadAction\",\"target\":[\"https:\/\/www.larazondexico.com.mx\/?p=1570\"]}]},{\"@type\":\"ImageObject\",\"inLanguage\":\"es\",\"@id\":\"https:\/\/www.larazondexico.com.mx\/?p=1570#primaryimage\",\"url\":\"https:\/\/www.larazondexico.com.mx\/wp-content\/uploads\/2025\/09\/IMG_20250905_130706-scaled.jpg\",\"contentUrl\":\"https:\/\/www.larazondexico.com.mx\/wp-content\/uploads\/2025\/09\/IMG_20250905_130706-scaled.jpg\",\"width\":1152,\"height\":2560},{\"@type\":\"BreadcrumbList\",\"@id\":\"https:\/\/www.larazondexico.com.mx\/?p=1570#breadcrumb\",\"itemListElement\":[{\"@type\":\"ListItem\",\"position\":1,\"name\":\"Portada\",\"item\":\"https:\/\/www.larazondexico.com.mx\/\"},{\"@type\":\"ListItem\",\"position\":2,\"name\":\"CON RESPONSABILIDAD Y HONESTIDAD, VAMOS AVANZANDO CON HECHOS Y RESULTADOS REALES: AFIRMA MARIELA LOPEZ SOSA\"}]},{\"@type\":\"WebSite\",\"@id\":\"https:\/\/www.larazondexico.com.mx\/#website\",\"url\":\"https:\/\/www.larazondexico.com.mx\/\",\"name\":\"La Raz\u00f3n de Xico - Presencia Informativa en el estado\",\"description\":\"\",\"potentialAction\":[{\"@type\":\"SearchAction\",\"target\":{\"@type\":\"EntryPoint\",\"urlTemplate\":\"https:\/\/www.larazondexico.com.mx\/?s={search_term_string}\"},\"query-input\":{\"@type\":\"PropertyValueSpecification\",\"valueRequired\":true,\"valueName\":\"search_term_string\"}}],\"inLanguage\":\"es\"},{\"@type\":\"Person\",\"@id\":\"https:\/\/www.larazondexico.com.mx\/#\/schema\/person\/b10ea8a31f9b2f34c2ec8835ba5d1318\",\"name\":\"Juan Jos\u00e9 Contreras Gonz\u00e1lez\",\"image\":{\"@type\":\"ImageObject\",\"inLanguage\":\"es\",\"@id\":\"https:\/\/www.larazondexico.com.mx\/#\/schema\/person\/image\/\",\"url\":\"https:\/\/secure.gravatar.com\/avatar\/2b2a34677c3407f25b56188b4c2ca478?s=96&d=mm&r=g\",\"contentUrl\":\"https:\/\/secure.gravatar.com\/avatar\/2b2a34677c3407f25b56188b4c2ca478?s=96&d=mm&r=g\",\"caption\":\"Juan Jos\u00e9 Contreras Gonz\u00e1lez\"},\"url\":\"https:\/\/www.larazondexico.com.mx\/?author=2\"}]}<\/script>\n<!-- \/ Yoast SEO plugin. -->","yoast_head_json":{"title":"CON RESPONSABILIDAD Y HONESTIDAD, VAMOS AVANZANDO CON HECHOS Y RESULTADOS REALES: AFIRMA MARIELA LOPEZ SOSA - La Raz\u00f3n de Xico - Presencia Informativa en el estado","robots":{"index":"index","follow":"follow","max-snippet":"max-snippet:-1","max-image-preview":"max-image-preview:large","max-video-preview":"max-video-preview:-1"},"canonical":"https:\/\/www.larazondexico.com.mx\/?p=1570","og_locale":"es_ES","og_type":"article","og_title":"CON RESPONSABILIDAD Y HONESTIDAD, VAMOS AVANZANDO CON HECHOS Y RESULTADOS REALES: AFIRMA MARIELA LOPEZ SOSA - La Raz\u00f3n de Xico - Presencia Informativa en el estado","og_description":"Ej Segunda Unidad de Xicotencatl, Tamaulipas.-En unto de las 13 horas, la alcaldesa Mariela L\u00f3pez Sosa, acudi\u00f3 a su cita con su pueblo y dio a conocer su primer informe de Gobierno Municipal. Acompa\u00f1ada de su familia, de su cabildo en pleno del Representante del Gobernador del Estado Am\u00e9rico Villarreal Anaya el Lic Felipe Gonzalez...","og_url":"https:\/\/www.larazondexico.com.mx\/?p=1570","og_site_name":"La Raz\u00f3n de Xico - Presencia Informativa en el estado","article_published_time":"2025-09-05T19:20:01+00:00","article_modified_time":"2025-09-12T19:47:14+00:00","og_image":[{"width":1152,"height":2560,"url":"https:\/\/www.larazondexico.com.mx\/wp-content\/uploads\/2025\/09\/IMG_20250905_130706-scaled.jpg","type":"image\/jpeg"}],"author":"Juan Jos\u00e9 Contreras Gonz\u00e1lez","twitter_card":"summary_large_image","twitter_misc":{"Escrito por":"Juan Jos\u00e9 Contreras Gonz\u00e1lez","Tiempo de lectura":"1 minuto"},"schema":{"@context":"https:\/\/schema.org","@graph":[{"@type":"WebPage","@id":"https:\/\/www.larazondexico.com.mx\/?p=1570","url":"https:\/\/www.larazondexico.com.mx\/?p=1570","name":"CON RESPONSABILIDAD Y HONESTIDAD, VAMOS AVANZANDO CON HECHOS Y RESULTADOS REALES: AFIRMA MARIELA LOPEZ SOSA - La Raz\u00f3n de Xico - Presencia Informativa en el estado","isPartOf":{"@id":"https:\/\/www.larazondexico.com.mx\/#website"},"primaryImageOfPage":{"@id":"https:\/\/www.larazondexico.com.mx\/?p=1570#primaryimage"},"image":{"@id":"https:\/\/www.larazondexico.com.mx\/?p=1570#primaryimage"},"thumbnailUrl":"https:\/\/www.larazondexico.com.mx\/wp-content\/uploads\/2025\/09\/IMG_20250905_130706-scaled.jpg","datePublished":"2025-09-05T19:20:01+00:00","dateModified":"2025-09-12T19:47:14+00:00","author":{"@id":"https:\/\/www.larazondexico.com.mx\/#\/schema\/person\/b10ea8a31f9b2f34c2ec8835ba5d1318"},"breadcrumb":{"@id":"https:\/\/www.larazondexico.com.mx\/?p=1570#breadcrumb"},"inLanguage":"es","potentialAction":[{"@type":"ReadAction","target":["https:\/\/www.larazondexico.com.mx\/?p=1570"]}]},{"@type":"ImageObject","inLanguage":"es","@id":"https:\/\/www.larazondexico.com.mx\/?p=1570#primaryimage","url":"https:\/\/www.larazondexico.com.mx\/wp-content\/uploads\/2025\/09\/IMG_20250905_130706-scaled.jpg","contentUrl":"https:\/\/www.larazondexico.com.mx\/wp-content\/uploads\/2025\/09\/IMG_20250905_130706-scaled.jpg","width":1152,"height":2560},{"@type":"BreadcrumbList","@id":"https:\/\/www.larazondexico.com.mx\/?p=1570#breadcrumb","itemListElement":[{"@type":"ListItem","position":1,"name":"Portada","item":"https:\/\/www.larazondexico.com.mx\/"},{"@type":"ListItem","position":2,"name":"CON RESPONSABILIDAD Y HONESTIDAD, VAMOS AVANZANDO CON HECHOS Y RESULTADOS REALES: AFIRMA MARIELA LOPEZ SOSA"}]},{"@type":"WebSite","@id":"https:\/\/www.larazondexico.com.mx\/#website","url":"https:\/\/www.larazondexico.com.mx\/","name":"La Raz\u00f3n de Xico - Presencia Informativa en el estado","description":"","potentialAction":[{"@type":"SearchAction","target":{"@type":"EntryPoint","urlTemplate":"https:\/\/www.larazondexico.com.mx\/?s={search_term_string}"},"query-input":{"@type":"PropertyValueSpecification","valueRequired":true,"valueName":"search_term_string"}}],"inLanguage":"es"},{"@type":"Person","@id":"https:\/\/www.larazondexico.com.mx\/#\/schema\/person\/b10ea8a31f9b2f34c2ec8835ba5d1318","name":"Juan Jos\u00e9 Contreras Gonz\u00e1lez","image":{"@type":"ImageObject","inLanguage":"es","@id":"https:\/\/www.larazondexico.com.mx\/#\/schema\/person\/image\/","url":"https:\/\/secure.gravatar.com\/avatar\/2b2a34677c3407f25b56188b4c2ca478?s=96&d=mm&r=g","contentUrl":"https:\/\/secure.gravatar.com\/avatar\/2b2a34677c3407f25b56188b4c2ca478?s=96&d=mm&r=g","caption":"Juan Jos\u00e9 Contreras Gonz\u00e1lez"},"url":"https:\/\/www.larazondexico.com.mx\/?author=2"}]}},"_links":{"self":[{"href":"https:\/\/www.larazondexico.com.mx\/index.php?rest_route=\/wp\/v2\/posts\/1570","targetHints":{"allow":["GET"]}}],"collection":[{"href":"https:\/\/www.larazondexico.com.mx\/index.php?rest_route=\/wp\/v2\/posts"}],"about":[{"href":"https:\/\/www.larazondexico.com.mx\/index.php?rest_route=\/wp\/v2\/types\/post"}],"author":[{"embeddable":true,"href":"https:\/\/www.larazondexico.com.mx\/index.php?rest_route=\/wp\/v2\/users\/2"}],"replies":[{"embeddable":true,"href":"https:\/\/www.larazondexico.com.mx\/index.php?rest_route=%2Fwp%2Fv2%2Fcomments&post=1570"}],"version-history":[{"count":1,"href":"https:\/\/www.larazondexico.com.mx\/index.php?rest_route=\/wp\/v2\/posts\/1570\/revisions"}],"predecessor-version":[{"id":1572,"href":"https:\/\/www.larazondexico.com.mx\/index.php?rest_route=\/wp\/v2\/posts\/1570\/revisions\/1572"}],"wp:featuredmedia":[{"embeddable":true,"href":"https:\/\/www.larazondexico.com.mx\/index.php?rest_route=\/wp\/v2\/media\/1571"}],"wp:attachment":[{"href":"https:\/\/www.larazondexico.com.mx\/index.php?rest_route=%2Fwp%2Fv2%2Fmedia&parent=1570"}],"wp:term":[{"taxonomy":"category","embeddable":true,"href":"https:\/\/www.larazondexico.com.mx\/index.php?rest_route=%2Fwp%2Fv2%2Fcategories&post=1570"},{"taxonomy":"post_tag","embeddable":true,"href":"https:\/\/www.larazondexico.com.mx\/index.php?rest_route=%2Fwp%2Fv2%2Ftags&post=1570"}],"curies":[{"name":"wp","href":"https:\/\/api.w.org\/{rel}","templated":true}]}}