{"id":1449,"date":"2025-08-28T09:59:38","date_gmt":"2025-08-28T15:59:38","guid":{"rendered":"https:\/\/www.larazondexico.com.mx\/?p=1449"},"modified":"2025-08-28T09:59:40","modified_gmt":"2025-08-28T15:59:40","slug":"da-el-banderazo-de-arranque-de-obra-melchor-budarth-baez-en-ocampo","status":"publish","type":"post","link":"https:\/\/www.larazondexico.com.mx\/?p=1449","title":{"rendered":"DA EL BANDERAZO DE ARRANQUE DE OBRA, MELCHOR BUDARTH BAEZ EN OCAMPO"},"content":{"rendered":"\n<p>Ocampo, Tamaulipas.-(Escribe Juan Jose Contreras Gonzalez).-Al dar el banderazo de arranque de obre de la construcci\u00f3n de la primera cancha de Padel en la Regi\u00f3n, el alcalde Melchor Budarth B\u00e1ez, hizo un llamado a la ciudadan\u00eda en general, a cuidar las distintas obras que se est\u00e1n realizando en este municipio, ya que los \u00fanicos beneficiados a futuro son ellos mismos.<\/p>\n\n\n\n<p>Acompa\u00f1ado de su esposa Martha Uresti de Budarth y su cabildo en pleno, el alcalde hizo menci\u00f3n que este tipo de obras enaltecer el nivel de vida de los habitantes de Ocampo, refiri\u00f3 que en su administraci\u00f3n publica, se vienen realizando obras de inter\u00e9s general, que la misma gente ha solicitado a varias administraciones anteriores y que no se les hab\u00eda dado respuesta hoy se hace un sacrificio mas y se cumple con la promesa de seguir transformando al pueblo de Ocampo.<\/p>\n\n\n\n<p><a><\/a>Ocampo marca la diferencia en la regi\u00f3n con el arranque de obra para la construcci\u00f3n de su primera cancha de p\u00e1del, un proyecto que fortalece la infraestructura deportiva y brinda m\u00e1s espacios de convivencia para las familias ocampenses.<\/p>\n\n\n\n<p>Cabe mencionar que con esta visi\u00f3n y compromiso, el Gobierno Municipal sigue avanzando en el desarrollo de la ciudad, priorizando el bienestar de las familias respectivamente..<\/p>\n\n\n\n<p><a href=\"https:\/\/www.facebook.com\/hashtag\/ocampo?__eep__=6&amp;__cft__[0]=AZWjl1EYRyWFbs1KiWkDuEjZBY8TP6wlyPCSQtv4gi6uqfFYmuhxE89v9pILbi12XRxeRWcUsO0nzsjvRDeIK-_-Mi6xIMBc7XiimJwR3eEIV0SrUawhu3tbL9u6WZqGudkXXZlBxsejkFGmr1ZS48m4o5eA-M46MoW07PxZAnfsQf9nLOHlChzd3kvFDm7KSCr0UWMZ8AF1kiZpKgvFa9zlpM2Jvl1SbFW9NkpeziguUQ&amp;__tn__=*NK-y-R\">#Ocampo<\/a><a href=\"https:\/\/www.facebook.com\/hashtag\/tamaulipas?__eep__=6&amp;__cft__[0]=AZWjl1EYRyWFbs1KiWkDuEjZBY8TP6wlyPCSQtv4gi6uqfFYmuhxE89v9pILbi12XRxeRWcUsO0nzsjvRDeIK-_-Mi6xIMBc7XiimJwR3eEIV0SrUawhu3tbL9u6WZqGudkXXZlBxsejkFGmr1ZS48m4o5eA-M46MoW07PxZAnfsQf9nLOHlChzd3kvFDm7KSCr0UWMZ8AF1kiZpKgvFa9zlpM2Jvl1SbFW9NkpeziguUQ&amp;__tn__=*NK-y-R\">#Tamaulipas<\/a><\/p>\n","protected":false},"excerpt":{"rendered":"<p>Ocampo, Tamaulipas.-(Escribe Juan Jose Contreras Gonzalez).-Al dar el banderazo de arranque de obre de la construcci\u00f3n de la primera cancha de Padel en la Regi\u00f3n, el alcalde Melchor Budarth B\u00e1ez, hizo un llamado a la ciudadan\u00eda en general, a cuidar las distintas obras que se est\u00e1n realizando en este municipio, ya que los \u00fanicos beneficiados&#8230;<\/p>\n","protected":false},"author":2,"featured_media":1450,"comment_status":"closed","ping_status":"closed","sticky":false,"template":"","format":"standard","meta":{"footnotes":""},"categories":[12],"tags":[],"class_list":["post-1449","post","type-post","status-publish","format-standard","has-post-thumbnail","hentry","category-ocampo"],"yoast_head":"<!-- This site is optimized with the Yoast SEO plugin v25.6 - https:\/\/yoast.com\/wordpress\/plugins\/seo\/ -->\n<title>DA EL BANDERAZO DE ARRANQUE DE OBRA, MELCHOR BUDARTH BAEZ EN OCAMPO - La Raz\u00f3n de Xico - Presencia Informativa en el estado<\/title>\n<meta name=\"robots\" content=\"index, follow, max-snippet:-1, max-image-preview:large, max-video-preview:-1\" \/>\n<link rel=\"canonical\" href=\"https:\/\/www.larazondexico.com.mx\/?p=1449\" \/>\n<meta property=\"og:locale\" content=\"es_ES\" \/>\n<meta property=\"og:type\" content=\"article\" \/>\n<meta property=\"og:title\" content=\"DA EL BANDERAZO DE ARRANQUE DE OBRA, MELCHOR BUDARTH BAEZ EN OCAMPO - La Raz\u00f3n de Xico - Presencia Informativa en el estado\" \/>\n<meta property=\"og:description\" content=\"Ocampo, Tamaulipas.-(Escribe Juan Jose Contreras Gonzalez).-Al dar el banderazo de arranque de obre de la construcci\u00f3n de la primera cancha de Padel en la Regi\u00f3n, el alcalde Melchor Budarth B\u00e1ez, hizo un llamado a la ciudadan\u00eda en general, a cuidar las distintas obras que se est\u00e1n realizando en este municipio, ya que los \u00fanicos beneficiados...\" \/>\n<meta property=\"og:url\" content=\"https:\/\/www.larazondexico.com.mx\/?p=1449\" \/>\n<meta property=\"og:site_name\" content=\"La Raz\u00f3n de Xico - Presencia Informativa en el estado\" \/>\n<meta property=\"article:published_time\" content=\"2025-08-28T15:59:38+00:00\" \/>\n<meta property=\"article:modified_time\" content=\"2025-08-28T15:59:40+00:00\" \/>\n<meta property=\"og:image\" content=\"https:\/\/www.larazondexico.com.mx\/wp-content\/uploads\/2025\/08\/ocampo-2.jpg\" \/>\n\t<meta property=\"og:image:width\" content=\"1280\" \/>\n\t<meta property=\"og:image:height\" content=\"852\" \/>\n\t<meta property=\"og:image:type\" content=\"image\/jpeg\" \/>\n<meta name=\"author\" content=\"Juan Jos\u00e9 Contreras Gonz\u00e1lez\" \/>\n<meta name=\"twitter:card\" content=\"summary_large_image\" \/>\n<meta name=\"twitter:label1\" content=\"Escrito por\" \/>\n\t<meta name=\"twitter:data1\" content=\"Juan Jos\u00e9 Contreras Gonz\u00e1lez\" \/>\n\t<meta name=\"twitter:label2\" content=\"Tiempo de lectura\" \/>\n\t<meta name=\"twitter:data2\" content=\"2 minutos\" \/>\n<script type=\"application\/ld+json\" class=\"yoast-schema-graph\">{\"@context\":\"https:\/\/schema.org\",\"@graph\":[{\"@type\":\"WebPage\",\"@id\":\"https:\/\/www.larazondexico.com.mx\/?p=1449\",\"url\":\"https:\/\/www.larazondexico.com.mx\/?p=1449\",\"name\":\"DA EL BANDERAZO DE ARRANQUE DE OBRA, MELCHOR BUDARTH BAEZ EN OCAMPO - La Raz\u00f3n de Xico - Presencia Informativa en el estado\",\"isPartOf\":{\"@id\":\"https:\/\/www.larazondexico.com.mx\/#website\"},\"primaryImageOfPage\":{\"@id\":\"https:\/\/www.larazondexico.com.mx\/?p=1449#primaryimage\"},\"image\":{\"@id\":\"https:\/\/www.larazondexico.com.mx\/?p=1449#primaryimage\"},\"thumbnailUrl\":\"https:\/\/www.larazondexico.com.mx\/wp-content\/uploads\/2025\/08\/ocampo-2.jpg\",\"datePublished\":\"2025-08-28T15:59:38+00:00\",\"dateModified\":\"2025-08-28T15:59:40+00:00\",\"author\":{\"@id\":\"https:\/\/www.larazondexico.com.mx\/#\/schema\/person\/b10ea8a31f9b2f34c2ec8835ba5d1318\"},\"breadcrumb\":{\"@id\":\"https:\/\/www.larazondexico.com.mx\/?p=1449#breadcrumb\"},\"inLanguage\":\"es\",\"potentialAction\":[{\"@type\":\"ReadAction\",\"target\":[\"https:\/\/www.larazondexico.com.mx\/?p=1449\"]}]},{\"@type\":\"ImageObject\",\"inLanguage\":\"es\",\"@id\":\"https:\/\/www.larazondexico.com.mx\/?p=1449#primaryimage\",\"url\":\"https:\/\/www.larazondexico.com.mx\/wp-content\/uploads\/2025\/08\/ocampo-2.jpg\",\"contentUrl\":\"https:\/\/www.larazondexico.com.mx\/wp-content\/uploads\/2025\/08\/ocampo-2.jpg\",\"width\":1280,\"height\":852},{\"@type\":\"BreadcrumbList\",\"@id\":\"https:\/\/www.larazondexico.com.mx\/?p=1449#breadcrumb\",\"itemListElement\":[{\"@type\":\"ListItem\",\"position\":1,\"name\":\"Portada\",\"item\":\"https:\/\/www.larazondexico.com.mx\/\"},{\"@type\":\"ListItem\",\"position\":2,\"name\":\"DA EL BANDERAZO DE ARRANQUE DE OBRA, MELCHOR BUDARTH BAEZ EN OCAMPO\"}]},{\"@type\":\"WebSite\",\"@id\":\"https:\/\/www.larazondexico.com.mx\/#website\",\"url\":\"https:\/\/www.larazondexico.com.mx\/\",\"name\":\"La Raz\u00f3n de Xico - Presencia Informativa en el estado\",\"description\":\"\",\"potentialAction\":[{\"@type\":\"SearchAction\",\"target\":{\"@type\":\"EntryPoint\",\"urlTemplate\":\"https:\/\/www.larazondexico.com.mx\/?s={search_term_string}\"},\"query-input\":{\"@type\":\"PropertyValueSpecification\",\"valueRequired\":true,\"valueName\":\"search_term_string\"}}],\"inLanguage\":\"es\"},{\"@type\":\"Person\",\"@id\":\"https:\/\/www.larazondexico.com.mx\/#\/schema\/person\/b10ea8a31f9b2f34c2ec8835ba5d1318\",\"name\":\"Juan Jos\u00e9 Contreras Gonz\u00e1lez\",\"image\":{\"@type\":\"ImageObject\",\"inLanguage\":\"es\",\"@id\":\"https:\/\/www.larazondexico.com.mx\/#\/schema\/person\/image\/\",\"url\":\"https:\/\/secure.gravatar.com\/avatar\/2b2a34677c3407f25b56188b4c2ca478?s=96&d=mm&r=g\",\"contentUrl\":\"https:\/\/secure.gravatar.com\/avatar\/2b2a34677c3407f25b56188b4c2ca478?s=96&d=mm&r=g\",\"caption\":\"Juan Jos\u00e9 Contreras Gonz\u00e1lez\"},\"url\":\"https:\/\/www.larazondexico.com.mx\/?author=2\"}]}<\/script>\n<!-- \/ Yoast SEO plugin. -->","yoast_head_json":{"title":"DA EL BANDERAZO DE ARRANQUE DE OBRA, MELCHOR BUDARTH BAEZ EN OCAMPO - La Raz\u00f3n de Xico - Presencia Informativa en el estado","robots":{"index":"index","follow":"follow","max-snippet":"max-snippet:-1","max-image-preview":"max-image-preview:large","max-video-preview":"max-video-preview:-1"},"canonical":"https:\/\/www.larazondexico.com.mx\/?p=1449","og_locale":"es_ES","og_type":"article","og_title":"DA EL BANDERAZO DE ARRANQUE DE OBRA, MELCHOR BUDARTH BAEZ EN OCAMPO - La Raz\u00f3n de Xico - Presencia Informativa en el estado","og_description":"Ocampo, Tamaulipas.-(Escribe Juan Jose Contreras Gonzalez).-Al dar el banderazo de arranque de obre de la construcci\u00f3n de la primera cancha de Padel en la Regi\u00f3n, el alcalde Melchor Budarth B\u00e1ez, hizo un llamado a la ciudadan\u00eda en general, a cuidar las distintas obras que se est\u00e1n realizando en este municipio, ya que los \u00fanicos beneficiados...","og_url":"https:\/\/www.larazondexico.com.mx\/?p=1449","og_site_name":"La Raz\u00f3n de Xico - Presencia Informativa en el estado","article_published_time":"2025-08-28T15:59:38+00:00","article_modified_time":"2025-08-28T15:59:40+00:00","og_image":[{"width":1280,"height":852,"url":"https:\/\/www.larazondexico.com.mx\/wp-content\/uploads\/2025\/08\/ocampo-2.jpg","type":"image\/jpeg"}],"author":"Juan Jos\u00e9 Contreras Gonz\u00e1lez","twitter_card":"summary_large_image","twitter_misc":{"Escrito por":"Juan Jos\u00e9 Contreras Gonz\u00e1lez","Tiempo de lectura":"2 minutos"},"schema":{"@context":"https:\/\/schema.org","@graph":[{"@type":"WebPage","@id":"https:\/\/www.larazondexico.com.mx\/?p=1449","url":"https:\/\/www.larazondexico.com.mx\/?p=1449","name":"DA EL BANDERAZO DE ARRANQUE DE OBRA, MELCHOR BUDARTH BAEZ EN OCAMPO - La Raz\u00f3n de Xico - Presencia Informativa en el estado","isPartOf":{"@id":"https:\/\/www.larazondexico.com.mx\/#website"},"primaryImageOfPage":{"@id":"https:\/\/www.larazondexico.com.mx\/?p=1449#primaryimage"},"image":{"@id":"https:\/\/www.larazondexico.com.mx\/?p=1449#primaryimage"},"thumbnailUrl":"https:\/\/www.larazondexico.com.mx\/wp-content\/uploads\/2025\/08\/ocampo-2.jpg","datePublished":"2025-08-28T15:59:38+00:00","dateModified":"2025-08-28T15:59:40+00:00","author":{"@id":"https:\/\/www.larazondexico.com.mx\/#\/schema\/person\/b10ea8a31f9b2f34c2ec8835ba5d1318"},"breadcrumb":{"@id":"https:\/\/www.larazondexico.com.mx\/?p=1449#breadcrumb"},"inLanguage":"es","potentialAction":[{"@type":"ReadAction","target":["https:\/\/www.larazondexico.com.mx\/?p=1449"]}]},{"@type":"ImageObject","inLanguage":"es","@id":"https:\/\/www.larazondexico.com.mx\/?p=1449#primaryimage","url":"https:\/\/www.larazondexico.com.mx\/wp-content\/uploads\/2025\/08\/ocampo-2.jpg","contentUrl":"https:\/\/www.larazondexico.com.mx\/wp-content\/uploads\/2025\/08\/ocampo-2.jpg","width":1280,"height":852},{"@type":"BreadcrumbList","@id":"https:\/\/www.larazondexico.com.mx\/?p=1449#breadcrumb","itemListElement":[{"@type":"ListItem","position":1,"name":"Portada","item":"https:\/\/www.larazondexico.com.mx\/"},{"@type":"ListItem","position":2,"name":"DA EL BANDERAZO DE ARRANQUE DE OBRA, MELCHOR BUDARTH BAEZ EN OCAMPO"}]},{"@type":"WebSite","@id":"https:\/\/www.larazondexico.com.mx\/#website","url":"https:\/\/www.larazondexico.com.mx\/","name":"La Raz\u00f3n de Xico - Presencia Informativa en el estado","description":"","potentialAction":[{"@type":"SearchAction","target":{"@type":"EntryPoint","urlTemplate":"https:\/\/www.larazondexico.com.mx\/?s={search_term_string}"},"query-input":{"@type":"PropertyValueSpecification","valueRequired":true,"valueName":"search_term_string"}}],"inLanguage":"es"},{"@type":"Person","@id":"https:\/\/www.larazondexico.com.mx\/#\/schema\/person\/b10ea8a31f9b2f34c2ec8835ba5d1318","name":"Juan Jos\u00e9 Contreras Gonz\u00e1lez","image":{"@type":"ImageObject","inLanguage":"es","@id":"https:\/\/www.larazondexico.com.mx\/#\/schema\/person\/image\/","url":"https:\/\/secure.gravatar.com\/avatar\/2b2a34677c3407f25b56188b4c2ca478?s=96&d=mm&r=g","contentUrl":"https:\/\/secure.gravatar.com\/avatar\/2b2a34677c3407f25b56188b4c2ca478?s=96&d=mm&r=g","caption":"Juan Jos\u00e9 Contreras Gonz\u00e1lez"},"url":"https:\/\/www.larazondexico.com.mx\/?author=2"}]}},"_links":{"self":[{"href":"https:\/\/www.larazondexico.com.mx\/index.php?rest_route=\/wp\/v2\/posts\/1449","targetHints":{"allow":["GET"]}}],"collection":[{"href":"https:\/\/www.larazondexico.com.mx\/index.php?rest_route=\/wp\/v2\/posts"}],"about":[{"href":"https:\/\/www.larazondexico.com.mx\/index.php?rest_route=\/wp\/v2\/types\/post"}],"author":[{"embeddable":true,"href":"https:\/\/www.larazondexico.com.mx\/index.php?rest_route=\/wp\/v2\/users\/2"}],"replies":[{"embeddable":true,"href":"https:\/\/www.larazondexico.com.mx\/index.php?rest_route=%2Fwp%2Fv2%2Fcomments&post=1449"}],"version-history":[{"count":1,"href":"https:\/\/www.larazondexico.com.mx\/index.php?rest_route=\/wp\/v2\/posts\/1449\/revisions"}],"predecessor-version":[{"id":1451,"href":"https:\/\/www.larazondexico.com.mx\/index.php?rest_route=\/wp\/v2\/posts\/1449\/revisions\/1451"}],"wp:featuredmedia":[{"embeddable":true,"href":"https:\/\/www.larazondexico.com.mx\/index.php?rest_route=\/wp\/v2\/media\/1450"}],"wp:attachment":[{"href":"https:\/\/www.larazondexico.com.mx\/index.php?rest_route=%2Fwp%2Fv2%2Fmedia&parent=1449"}],"wp:term":[{"taxonomy":"category","embeddable":true,"href":"https:\/\/www.larazondexico.com.mx\/index.php?rest_route=%2Fwp%2Fv2%2Fcategories&post=1449"},{"taxonomy":"post_tag","embeddable":true,"href":"https:\/\/www.larazondexico.com.mx\/index.php?rest_route=%2Fwp%2Fv2%2Ftags&post=1449"}],"curies":[{"name":"wp","href":"https:\/\/api.w.org\/{rel}","templated":true}]}}