{"id":1415,"date":"2025-08-26T09:22:15","date_gmt":"2025-08-26T15:22:15","guid":{"rendered":"https:\/\/www.larazondexico.com.mx\/?p=1415"},"modified":"2025-08-26T09:22:17","modified_gmt":"2025-08-26T15:22:17","slug":"martha-uresti-de-budarth-coordina-jornada-de-limpieza-en-el-paseo-la-alberca-en-ocampo","status":"publish","type":"post","link":"https:\/\/www.larazondexico.com.mx\/?p=1415","title":{"rendered":"MARTHA URESTI DE BUDARTH COORDINA JORNADA DE LIMPIEZA EN EL PASEO LA ALBERCA EN OCAMPO"},"content":{"rendered":"\n<p>Ocampo, Tamaulipas.-(Escribe Juan Jose Contreras Gonzalez).-Con el fin de c\u00e1mbiale el rostro al paseo tur\u00edstico la Alberca, la Presidenta del Sistema para el Desarrollo Integral de la Familia C.P. Martha Uresti de Budarth, viene coordinando acciones de higiene a dicho lugar.<\/p>\n\n\n\n<p>Lo anterior forma parte de un plan de trabajo que el equipo del DIF, Ocampo, viene realizado en bien de la sociedad en general, recibiendo el respaldo tanto del presidente municipal Melchor Budarth B\u00e1ez como de la actual presidenta del organismo municipal.<\/p>\n\n\n\n<p>Cabe resaltar que esta iniciativa llevaba a cabo, tiene el firme prop\u00f3sito de mantener el espacio limpio y seguro para que las familias, que acuden los fines de semana a disfrutar de sus delicias naturales, lo hagan con la mayor seguridad absoluta.<\/p>\n\n\n\n<p><\/p>\n\n\n\n<p><a href=\"https:\/\/www.facebook.com\/hashtag\/ocampo?__eep__=6&amp;__cft__[0]=AZW6P20vbwRumctxD8uO3_5fIfqEGlo8jlst-qDFeg_sRiwEMq6lkYjjMW6g-i9p1GK2oAWIAhcEcmGxsGPDVDSAHmS1awrZtTIlmo9lv1RFFdy_XYVPqaRqvJksIsoRlow5iFDbYB_Pp95OOa0SJKPQ1q8u5nu1A_ezfrNHSb5Emzv2fEbrikKYJXDJPwQH5ZecynFO82bqqEhsiqYp4QQRu1yytENPNG6ruUK81Jbgvw&amp;__tn__=*NK-y-R\">#Ocampo<\/a><a href=\"https:\/\/www.facebook.com\/hashtag\/tamaulipas?__eep__=6&amp;__cft__[0]=AZW6P20vbwRumctxD8uO3_5fIfqEGlo8jlst-qDFeg_sRiwEMq6lkYjjMW6g-i9p1GK2oAWIAhcEcmGxsGPDVDSAHmS1awrZtTIlmo9lv1RFFdy_XYVPqaRqvJksIsoRlow5iFDbYB_Pp95OOa0SJKPQ1q8u5nu1A_ezfrNHSb5Emzv2fEbrikKYJXDJPwQH5ZecynFO82bqqEhsiqYp4QQRu1yytENPNG6ruUK81Jbgvw&amp;__tn__=*NK-y-R\">#Tamaulipas<\/a><\/p>\n","protected":false},"excerpt":{"rendered":"<p>Ocampo, Tamaulipas.-(Escribe Juan Jose Contreras Gonzalez).-Con el fin de c\u00e1mbiale el rostro al paseo tur\u00edstico la Alberca, la Presidenta del Sistema para el Desarrollo Integral de la Familia C.P. Martha Uresti de Budarth, viene coordinando acciones de higiene a dicho lugar. Lo anterior forma parte de un plan de trabajo que el equipo del DIF,&#8230;<\/p>\n","protected":false},"author":2,"featured_media":1416,"comment_status":"closed","ping_status":"closed","sticky":false,"template":"","format":"standard","meta":{"footnotes":""},"categories":[12],"tags":[],"class_list":["post-1415","post","type-post","status-publish","format-standard","has-post-thumbnail","hentry","category-ocampo"],"yoast_head":"<!-- This site is optimized with the Yoast SEO plugin v25.6 - https:\/\/yoast.com\/wordpress\/plugins\/seo\/ -->\n<title>MARTHA URESTI DE BUDARTH COORDINA JORNADA DE LIMPIEZA EN EL PASEO LA ALBERCA EN OCAMPO - La Raz\u00f3n de Xico - Presencia Informativa en el estado<\/title>\n<meta name=\"robots\" content=\"index, follow, max-snippet:-1, max-image-preview:large, max-video-preview:-1\" \/>\n<link rel=\"canonical\" href=\"https:\/\/www.larazondexico.com.mx\/?p=1415\" \/>\n<meta property=\"og:locale\" content=\"es_ES\" \/>\n<meta property=\"og:type\" content=\"article\" \/>\n<meta property=\"og:title\" content=\"MARTHA URESTI DE BUDARTH COORDINA JORNADA DE LIMPIEZA EN EL PASEO LA ALBERCA EN OCAMPO - La Raz\u00f3n de Xico - Presencia Informativa en el estado\" \/>\n<meta property=\"og:description\" content=\"Ocampo, Tamaulipas.-(Escribe Juan Jose Contreras Gonzalez).-Con el fin de c\u00e1mbiale el rostro al paseo tur\u00edstico la Alberca, la Presidenta del Sistema para el Desarrollo Integral de la Familia C.P. Martha Uresti de Budarth, viene coordinando acciones de higiene a dicho lugar. Lo anterior forma parte de un plan de trabajo que el equipo del DIF,...\" \/>\n<meta property=\"og:url\" content=\"https:\/\/www.larazondexico.com.mx\/?p=1415\" \/>\n<meta property=\"og:site_name\" content=\"La Raz\u00f3n de Xico - Presencia Informativa en el estado\" \/>\n<meta property=\"article:published_time\" content=\"2025-08-26T15:22:15+00:00\" \/>\n<meta property=\"article:modified_time\" content=\"2025-08-26T15:22:17+00:00\" \/>\n<meta property=\"og:image\" content=\"https:\/\/www.larazondexico.com.mx\/wp-content\/uploads\/2025\/08\/LIMPIEZA.jpg\" \/>\n\t<meta property=\"og:image:width\" content=\"1280\" \/>\n\t<meta property=\"og:image:height\" content=\"960\" \/>\n\t<meta property=\"og:image:type\" content=\"image\/jpeg\" \/>\n<meta name=\"author\" content=\"Juan Jos\u00e9 Contreras Gonz\u00e1lez\" \/>\n<meta name=\"twitter:card\" content=\"summary_large_image\" \/>\n<meta name=\"twitter:label1\" content=\"Escrito por\" \/>\n\t<meta name=\"twitter:data1\" content=\"Juan Jos\u00e9 Contreras Gonz\u00e1lez\" \/>\n\t<meta name=\"twitter:label2\" content=\"Tiempo de lectura\" \/>\n\t<meta name=\"twitter:data2\" content=\"1 minuto\" \/>\n<script type=\"application\/ld+json\" class=\"yoast-schema-graph\">{\"@context\":\"https:\/\/schema.org\",\"@graph\":[{\"@type\":\"WebPage\",\"@id\":\"https:\/\/www.larazondexico.com.mx\/?p=1415\",\"url\":\"https:\/\/www.larazondexico.com.mx\/?p=1415\",\"name\":\"MARTHA URESTI DE BUDARTH COORDINA JORNADA DE LIMPIEZA EN EL PASEO LA ALBERCA EN OCAMPO - La Raz\u00f3n de Xico - Presencia Informativa en el estado\",\"isPartOf\":{\"@id\":\"https:\/\/www.larazondexico.com.mx\/#website\"},\"primaryImageOfPage\":{\"@id\":\"https:\/\/www.larazondexico.com.mx\/?p=1415#primaryimage\"},\"image\":{\"@id\":\"https:\/\/www.larazondexico.com.mx\/?p=1415#primaryimage\"},\"thumbnailUrl\":\"https:\/\/www.larazondexico.com.mx\/wp-content\/uploads\/2025\/08\/LIMPIEZA.jpg\",\"datePublished\":\"2025-08-26T15:22:15+00:00\",\"dateModified\":\"2025-08-26T15:22:17+00:00\",\"author\":{\"@id\":\"https:\/\/www.larazondexico.com.mx\/#\/schema\/person\/b10ea8a31f9b2f34c2ec8835ba5d1318\"},\"breadcrumb\":{\"@id\":\"https:\/\/www.larazondexico.com.mx\/?p=1415#breadcrumb\"},\"inLanguage\":\"es\",\"potentialAction\":[{\"@type\":\"ReadAction\",\"target\":[\"https:\/\/www.larazondexico.com.mx\/?p=1415\"]}]},{\"@type\":\"ImageObject\",\"inLanguage\":\"es\",\"@id\":\"https:\/\/www.larazondexico.com.mx\/?p=1415#primaryimage\",\"url\":\"https:\/\/www.larazondexico.com.mx\/wp-content\/uploads\/2025\/08\/LIMPIEZA.jpg\",\"contentUrl\":\"https:\/\/www.larazondexico.com.mx\/wp-content\/uploads\/2025\/08\/LIMPIEZA.jpg\",\"width\":1280,\"height\":960},{\"@type\":\"BreadcrumbList\",\"@id\":\"https:\/\/www.larazondexico.com.mx\/?p=1415#breadcrumb\",\"itemListElement\":[{\"@type\":\"ListItem\",\"position\":1,\"name\":\"Portada\",\"item\":\"https:\/\/www.larazondexico.com.mx\/\"},{\"@type\":\"ListItem\",\"position\":2,\"name\":\"MARTHA URESTI DE BUDARTH COORDINA JORNADA DE LIMPIEZA EN EL PASEO LA ALBERCA EN OCAMPO\"}]},{\"@type\":\"WebSite\",\"@id\":\"https:\/\/www.larazondexico.com.mx\/#website\",\"url\":\"https:\/\/www.larazondexico.com.mx\/\",\"name\":\"La Raz\u00f3n de Xico - Presencia Informativa en el estado\",\"description\":\"\",\"potentialAction\":[{\"@type\":\"SearchAction\",\"target\":{\"@type\":\"EntryPoint\",\"urlTemplate\":\"https:\/\/www.larazondexico.com.mx\/?s={search_term_string}\"},\"query-input\":{\"@type\":\"PropertyValueSpecification\",\"valueRequired\":true,\"valueName\":\"search_term_string\"}}],\"inLanguage\":\"es\"},{\"@type\":\"Person\",\"@id\":\"https:\/\/www.larazondexico.com.mx\/#\/schema\/person\/b10ea8a31f9b2f34c2ec8835ba5d1318\",\"name\":\"Juan Jos\u00e9 Contreras Gonz\u00e1lez\",\"image\":{\"@type\":\"ImageObject\",\"inLanguage\":\"es\",\"@id\":\"https:\/\/www.larazondexico.com.mx\/#\/schema\/person\/image\/\",\"url\":\"https:\/\/secure.gravatar.com\/avatar\/2b2a34677c3407f25b56188b4c2ca478?s=96&d=mm&r=g\",\"contentUrl\":\"https:\/\/secure.gravatar.com\/avatar\/2b2a34677c3407f25b56188b4c2ca478?s=96&d=mm&r=g\",\"caption\":\"Juan Jos\u00e9 Contreras Gonz\u00e1lez\"},\"url\":\"https:\/\/www.larazondexico.com.mx\/?author=2\"}]}<\/script>\n<!-- \/ Yoast SEO plugin. -->","yoast_head_json":{"title":"MARTHA URESTI DE BUDARTH COORDINA JORNADA DE LIMPIEZA EN EL PASEO LA ALBERCA EN OCAMPO - La Raz\u00f3n de Xico - Presencia Informativa en el estado","robots":{"index":"index","follow":"follow","max-snippet":"max-snippet:-1","max-image-preview":"max-image-preview:large","max-video-preview":"max-video-preview:-1"},"canonical":"https:\/\/www.larazondexico.com.mx\/?p=1415","og_locale":"es_ES","og_type":"article","og_title":"MARTHA URESTI DE BUDARTH COORDINA JORNADA DE LIMPIEZA EN EL PASEO LA ALBERCA EN OCAMPO - La Raz\u00f3n de Xico - Presencia Informativa en el estado","og_description":"Ocampo, Tamaulipas.-(Escribe Juan Jose Contreras Gonzalez).-Con el fin de c\u00e1mbiale el rostro al paseo tur\u00edstico la Alberca, la Presidenta del Sistema para el Desarrollo Integral de la Familia C.P. Martha Uresti de Budarth, viene coordinando acciones de higiene a dicho lugar. Lo anterior forma parte de un plan de trabajo que el equipo del DIF,...","og_url":"https:\/\/www.larazondexico.com.mx\/?p=1415","og_site_name":"La Raz\u00f3n de Xico - Presencia Informativa en el estado","article_published_time":"2025-08-26T15:22:15+00:00","article_modified_time":"2025-08-26T15:22:17+00:00","og_image":[{"width":1280,"height":960,"url":"https:\/\/www.larazondexico.com.mx\/wp-content\/uploads\/2025\/08\/LIMPIEZA.jpg","type":"image\/jpeg"}],"author":"Juan Jos\u00e9 Contreras Gonz\u00e1lez","twitter_card":"summary_large_image","twitter_misc":{"Escrito por":"Juan Jos\u00e9 Contreras Gonz\u00e1lez","Tiempo de lectura":"1 minuto"},"schema":{"@context":"https:\/\/schema.org","@graph":[{"@type":"WebPage","@id":"https:\/\/www.larazondexico.com.mx\/?p=1415","url":"https:\/\/www.larazondexico.com.mx\/?p=1415","name":"MARTHA URESTI DE BUDARTH COORDINA JORNADA DE LIMPIEZA EN EL PASEO LA ALBERCA EN OCAMPO - La Raz\u00f3n de Xico - Presencia Informativa en el estado","isPartOf":{"@id":"https:\/\/www.larazondexico.com.mx\/#website"},"primaryImageOfPage":{"@id":"https:\/\/www.larazondexico.com.mx\/?p=1415#primaryimage"},"image":{"@id":"https:\/\/www.larazondexico.com.mx\/?p=1415#primaryimage"},"thumbnailUrl":"https:\/\/www.larazondexico.com.mx\/wp-content\/uploads\/2025\/08\/LIMPIEZA.jpg","datePublished":"2025-08-26T15:22:15+00:00","dateModified":"2025-08-26T15:22:17+00:00","author":{"@id":"https:\/\/www.larazondexico.com.mx\/#\/schema\/person\/b10ea8a31f9b2f34c2ec8835ba5d1318"},"breadcrumb":{"@id":"https:\/\/www.larazondexico.com.mx\/?p=1415#breadcrumb"},"inLanguage":"es","potentialAction":[{"@type":"ReadAction","target":["https:\/\/www.larazondexico.com.mx\/?p=1415"]}]},{"@type":"ImageObject","inLanguage":"es","@id":"https:\/\/www.larazondexico.com.mx\/?p=1415#primaryimage","url":"https:\/\/www.larazondexico.com.mx\/wp-content\/uploads\/2025\/08\/LIMPIEZA.jpg","contentUrl":"https:\/\/www.larazondexico.com.mx\/wp-content\/uploads\/2025\/08\/LIMPIEZA.jpg","width":1280,"height":960},{"@type":"BreadcrumbList","@id":"https:\/\/www.larazondexico.com.mx\/?p=1415#breadcrumb","itemListElement":[{"@type":"ListItem","position":1,"name":"Portada","item":"https:\/\/www.larazondexico.com.mx\/"},{"@type":"ListItem","position":2,"name":"MARTHA URESTI DE BUDARTH COORDINA JORNADA DE LIMPIEZA EN EL PASEO LA ALBERCA EN OCAMPO"}]},{"@type":"WebSite","@id":"https:\/\/www.larazondexico.com.mx\/#website","url":"https:\/\/www.larazondexico.com.mx\/","name":"La Raz\u00f3n de Xico - Presencia Informativa en el estado","description":"","potentialAction":[{"@type":"SearchAction","target":{"@type":"EntryPoint","urlTemplate":"https:\/\/www.larazondexico.com.mx\/?s={search_term_string}"},"query-input":{"@type":"PropertyValueSpecification","valueRequired":true,"valueName":"search_term_string"}}],"inLanguage":"es"},{"@type":"Person","@id":"https:\/\/www.larazondexico.com.mx\/#\/schema\/person\/b10ea8a31f9b2f34c2ec8835ba5d1318","name":"Juan Jos\u00e9 Contreras Gonz\u00e1lez","image":{"@type":"ImageObject","inLanguage":"es","@id":"https:\/\/www.larazondexico.com.mx\/#\/schema\/person\/image\/","url":"https:\/\/secure.gravatar.com\/avatar\/2b2a34677c3407f25b56188b4c2ca478?s=96&d=mm&r=g","contentUrl":"https:\/\/secure.gravatar.com\/avatar\/2b2a34677c3407f25b56188b4c2ca478?s=96&d=mm&r=g","caption":"Juan Jos\u00e9 Contreras Gonz\u00e1lez"},"url":"https:\/\/www.larazondexico.com.mx\/?author=2"}]}},"_links":{"self":[{"href":"https:\/\/www.larazondexico.com.mx\/index.php?rest_route=\/wp\/v2\/posts\/1415","targetHints":{"allow":["GET"]}}],"collection":[{"href":"https:\/\/www.larazondexico.com.mx\/index.php?rest_route=\/wp\/v2\/posts"}],"about":[{"href":"https:\/\/www.larazondexico.com.mx\/index.php?rest_route=\/wp\/v2\/types\/post"}],"author":[{"embeddable":true,"href":"https:\/\/www.larazondexico.com.mx\/index.php?rest_route=\/wp\/v2\/users\/2"}],"replies":[{"embeddable":true,"href":"https:\/\/www.larazondexico.com.mx\/index.php?rest_route=%2Fwp%2Fv2%2Fcomments&post=1415"}],"version-history":[{"count":1,"href":"https:\/\/www.larazondexico.com.mx\/index.php?rest_route=\/wp\/v2\/posts\/1415\/revisions"}],"predecessor-version":[{"id":1417,"href":"https:\/\/www.larazondexico.com.mx\/index.php?rest_route=\/wp\/v2\/posts\/1415\/revisions\/1417"}],"wp:featuredmedia":[{"embeddable":true,"href":"https:\/\/www.larazondexico.com.mx\/index.php?rest_route=\/wp\/v2\/media\/1416"}],"wp:attachment":[{"href":"https:\/\/www.larazondexico.com.mx\/index.php?rest_route=%2Fwp%2Fv2%2Fmedia&parent=1415"}],"wp:term":[{"taxonomy":"category","embeddable":true,"href":"https:\/\/www.larazondexico.com.mx\/index.php?rest_route=%2Fwp%2Fv2%2Fcategories&post=1415"},{"taxonomy":"post_tag","embeddable":true,"href":"https:\/\/www.larazondexico.com.mx\/index.php?rest_route=%2Fwp%2Fv2%2Ftags&post=1415"}],"curies":[{"name":"wp","href":"https:\/\/api.w.org\/{rel}","templated":true}]}}