{"id":1385,"date":"2025-08-25T08:40:25","date_gmt":"2025-08-25T14:40:25","guid":{"rendered":"https:\/\/www.larazondexico.com.mx\/?p=1385"},"modified":"2025-08-25T08:41:39","modified_gmt":"2025-08-25T14:41:39","slug":"arranca-la-construccion-de-cisterna-de-agya-potable-para-el-ejido-el-pensil-en-ocampo","status":"publish","type":"post","link":"https:\/\/www.larazondexico.com.mx\/?p=1385","title":{"rendered":"ARRANCA LA CONSTRUCCION DE CISTERNA DE AGYA POTABLE PARA EL EJIDO EL PENSIL EN OCAMPO"},"content":{"rendered":"\n<p>Ocampo, Tamaulipas.-(Escribe Juan Jose Contreras Gonzalez)..Al Inicia construcci\u00f3n de cisterna de agua potable en Ejido Pensil, Ocampo, el alcalde Melchor Budarth B\u00e1ez, confirmo su inter\u00e9s de buscar el bienestar de las familias de esta comunidad, tal y como se comprometi\u00f3 a hacer realidad el sue\u00f1o de sus habitantes.<\/p>\n\n\n\n<p>Acompa\u00f1ado de su esposa la C.P. Martha Uresti de Budarth, miembros de su cabildo y funcionarios de su administraci\u00f3n publica, el alcalde acudi\u00f3 a esa comunidad para poner en marcha la ansiada obra que consiste en la construcci\u00f3n de cisterna de agua potable respectivamente.<\/p>\n\n\n\n<p>Con dicha obra las familias residentes en esta comunidad rural, se ver\u00e1n beneficiadas, logrando as\u00ed un mejoramiento a su acceso al agua potable reiterando el compromiso permanente de su administraci\u00f3n publica con sus habitantes.<\/p>\n\n\n\n<p>Cabe mencionar que dicho proyecto forma parte de las iniciativas que el Gobierno Municipal de Ocampo, viene realizando para mejorar la calidad de vida los habitantes del ejido el Pensil, siendo esta obra bien solicitada por sus habitantes.<\/p>\n\n\n\n<p>.<\/p>\n\n\n\n<p><a href=\"https:\/\/www.facebook.com\/hashtag\/ocampo?__eep__=6&amp;__cft__[0]=AZVMQ4OhE86SrjPaU3e-8CkJI-E-oKQFaaDqNykHaPGta1op5mKQiVTEADfAgdeGomzGeC9wca1SCrhQ9jnlN_yaa7Ee-3HJbWYRtX4Fyt2gq6d1wXtOCKyOEhwiJnB8ANA8JT-IYCqvUNBXE6c-WC_fpLkgh_RLl6eSzOBzhHUyPl_1GsM_L0-vnbg8dMG5a4z2whrqEpA2MU39Yx6gEW93&amp;__tn__=*NK-R\">#Ocampo<\/a><\/p>\n\n\n\n<p><a href=\"https:\/\/www.facebook.com\/groups\/1653590078231976\/user\/100004240777590\/?__cft__[0]=AZVMQ4OhE86SrjPaU3e-8CkJI-E-oKQFaaDqNykHaPGta1op5mKQiVTEADfAgdeGomzGeC9wca1SCrhQ9jnlN_yaa7Ee-3HJbWYRtX4Fyt2gq6d1wXtOCKyOEhwiJnB8ANA8JT-IYCqvUNBXE6c-WC_fpLkgh_RLl6eSzOBzhHUyPl_1GsM_L0-vnbg8dMG5a4z2whrqEpA2MU39Yx6gEW93&amp;__tn__=-]K-R\">Martha Uresti De Budarth<\/a><\/p>\n\n\n\n<p><a href=\"https:\/\/www.facebook.com\/groups\/1653590078231976\/user\/100064182933838\/?__cft__[0]=AZVMQ4OhE86SrjPaU3e-8CkJI-E-oKQFaaDqNykHaPGta1op5mKQiVTEADfAgdeGomzGeC9wca1SCrhQ9jnlN_yaa7Ee-3HJbWYRtX4Fyt2gq6d1wXtOCKyOEhwiJnB8ANA8JT-IYCqvUNBXE6c-WC_fpLkgh_RLl6eSzOBzhHUyPl_1GsM_L0-vnbg8dMG5a4z2whrqEpA2MU39Yx6gEW93&amp;__tn__=-]K-R\">Melchor Budarth Baez<\/a><\/p>\n\n\n\n<p><\/p>\n\n\n\n<p><\/p>\n","protected":false},"excerpt":{"rendered":"<p>Ocampo, Tamaulipas.-(Escribe Juan Jose Contreras Gonzalez)..Al Inicia construcci\u00f3n de cisterna de agua potable en Ejido Pensil, Ocampo, el alcalde Melchor Budarth B\u00e1ez, confirmo su inter\u00e9s de buscar el bienestar de las familias de esta comunidad, tal y como se comprometi\u00f3 a hacer realidad el sue\u00f1o de sus habitantes. Acompa\u00f1ado de su esposa la C.P. Martha&#8230;<\/p>\n","protected":false},"author":2,"featured_media":1386,"comment_status":"closed","ping_status":"closed","sticky":false,"template":"","format":"standard","meta":{"footnotes":""},"categories":[12],"tags":[],"class_list":["post-1385","post","type-post","status-publish","format-standard","has-post-thumbnail","hentry","category-ocampo"],"yoast_head":"<!-- This site is optimized with the Yoast SEO plugin v25.6 - https:\/\/yoast.com\/wordpress\/plugins\/seo\/ -->\n<title>ARRANCA LA CONSTRUCCION DE CISTERNA DE AGYA POTABLE PARA EL EJIDO EL PENSIL EN OCAMPO - La Raz\u00f3n de Xico - Presencia Informativa en el estado<\/title>\n<meta name=\"robots\" content=\"index, follow, max-snippet:-1, max-image-preview:large, max-video-preview:-1\" \/>\n<link rel=\"canonical\" href=\"https:\/\/www.larazondexico.com.mx\/?p=1385\" \/>\n<meta property=\"og:locale\" content=\"es_ES\" \/>\n<meta property=\"og:type\" content=\"article\" \/>\n<meta property=\"og:title\" content=\"ARRANCA LA CONSTRUCCION DE CISTERNA DE AGYA POTABLE PARA EL EJIDO EL PENSIL EN OCAMPO - La Raz\u00f3n de Xico - Presencia Informativa en el estado\" \/>\n<meta property=\"og:description\" content=\"Ocampo, Tamaulipas.-(Escribe Juan Jose Contreras Gonzalez)..Al Inicia construcci\u00f3n de cisterna de agua potable en Ejido Pensil, Ocampo, el alcalde Melchor Budarth B\u00e1ez, confirmo su inter\u00e9s de buscar el bienestar de las familias de esta comunidad, tal y como se comprometi\u00f3 a hacer realidad el sue\u00f1o de sus habitantes. Acompa\u00f1ado de su esposa la C.P. Martha...\" \/>\n<meta property=\"og:url\" content=\"https:\/\/www.larazondexico.com.mx\/?p=1385\" \/>\n<meta property=\"og:site_name\" content=\"La Raz\u00f3n de Xico - Presencia Informativa en el estado\" \/>\n<meta property=\"article:published_time\" content=\"2025-08-25T14:40:25+00:00\" \/>\n<meta property=\"article:modified_time\" content=\"2025-08-25T14:41:39+00:00\" \/>\n<meta property=\"og:image\" content=\"https:\/\/www.larazondexico.com.mx\/wp-content\/uploads\/2025\/08\/pensil.jpg\" \/>\n\t<meta property=\"og:image:width\" content=\"1600\" \/>\n\t<meta property=\"og:image:height\" content=\"900\" \/>\n\t<meta property=\"og:image:type\" content=\"image\/jpeg\" \/>\n<meta name=\"author\" content=\"Juan Jos\u00e9 Contreras Gonz\u00e1lez\" \/>\n<meta name=\"twitter:card\" content=\"summary_large_image\" \/>\n<meta name=\"twitter:label1\" content=\"Escrito por\" \/>\n\t<meta name=\"twitter:data1\" content=\"Juan Jos\u00e9 Contreras Gonz\u00e1lez\" \/>\n\t<meta name=\"twitter:label2\" content=\"Tiempo de lectura\" \/>\n\t<meta name=\"twitter:data2\" content=\"1 minuto\" \/>\n<script type=\"application\/ld+json\" class=\"yoast-schema-graph\">{\"@context\":\"https:\/\/schema.org\",\"@graph\":[{\"@type\":\"WebPage\",\"@id\":\"https:\/\/www.larazondexico.com.mx\/?p=1385\",\"url\":\"https:\/\/www.larazondexico.com.mx\/?p=1385\",\"name\":\"ARRANCA LA CONSTRUCCION DE CISTERNA DE AGYA POTABLE PARA EL EJIDO EL PENSIL EN OCAMPO - La Raz\u00f3n de Xico - Presencia Informativa en el estado\",\"isPartOf\":{\"@id\":\"https:\/\/www.larazondexico.com.mx\/#website\"},\"primaryImageOfPage\":{\"@id\":\"https:\/\/www.larazondexico.com.mx\/?p=1385#primaryimage\"},\"image\":{\"@id\":\"https:\/\/www.larazondexico.com.mx\/?p=1385#primaryimage\"},\"thumbnailUrl\":\"https:\/\/www.larazondexico.com.mx\/wp-content\/uploads\/2025\/08\/pensil.jpg\",\"datePublished\":\"2025-08-25T14:40:25+00:00\",\"dateModified\":\"2025-08-25T14:41:39+00:00\",\"author\":{\"@id\":\"https:\/\/www.larazondexico.com.mx\/#\/schema\/person\/b10ea8a31f9b2f34c2ec8835ba5d1318\"},\"breadcrumb\":{\"@id\":\"https:\/\/www.larazondexico.com.mx\/?p=1385#breadcrumb\"},\"inLanguage\":\"es\",\"potentialAction\":[{\"@type\":\"ReadAction\",\"target\":[\"https:\/\/www.larazondexico.com.mx\/?p=1385\"]}]},{\"@type\":\"ImageObject\",\"inLanguage\":\"es\",\"@id\":\"https:\/\/www.larazondexico.com.mx\/?p=1385#primaryimage\",\"url\":\"https:\/\/www.larazondexico.com.mx\/wp-content\/uploads\/2025\/08\/pensil.jpg\",\"contentUrl\":\"https:\/\/www.larazondexico.com.mx\/wp-content\/uploads\/2025\/08\/pensil.jpg\",\"width\":1600,\"height\":900},{\"@type\":\"BreadcrumbList\",\"@id\":\"https:\/\/www.larazondexico.com.mx\/?p=1385#breadcrumb\",\"itemListElement\":[{\"@type\":\"ListItem\",\"position\":1,\"name\":\"Portada\",\"item\":\"https:\/\/www.larazondexico.com.mx\/\"},{\"@type\":\"ListItem\",\"position\":2,\"name\":\"ARRANCA LA CONSTRUCCION DE CISTERNA DE AGYA POTABLE PARA EL EJIDO EL PENSIL EN OCAMPO\"}]},{\"@type\":\"WebSite\",\"@id\":\"https:\/\/www.larazondexico.com.mx\/#website\",\"url\":\"https:\/\/www.larazondexico.com.mx\/\",\"name\":\"La Raz\u00f3n de Xico - Presencia Informativa en el estado\",\"description\":\"\",\"potentialAction\":[{\"@type\":\"SearchAction\",\"target\":{\"@type\":\"EntryPoint\",\"urlTemplate\":\"https:\/\/www.larazondexico.com.mx\/?s={search_term_string}\"},\"query-input\":{\"@type\":\"PropertyValueSpecification\",\"valueRequired\":true,\"valueName\":\"search_term_string\"}}],\"inLanguage\":\"es\"},{\"@type\":\"Person\",\"@id\":\"https:\/\/www.larazondexico.com.mx\/#\/schema\/person\/b10ea8a31f9b2f34c2ec8835ba5d1318\",\"name\":\"Juan Jos\u00e9 Contreras Gonz\u00e1lez\",\"image\":{\"@type\":\"ImageObject\",\"inLanguage\":\"es\",\"@id\":\"https:\/\/www.larazondexico.com.mx\/#\/schema\/person\/image\/\",\"url\":\"https:\/\/secure.gravatar.com\/avatar\/2b2a34677c3407f25b56188b4c2ca478?s=96&d=mm&r=g\",\"contentUrl\":\"https:\/\/secure.gravatar.com\/avatar\/2b2a34677c3407f25b56188b4c2ca478?s=96&d=mm&r=g\",\"caption\":\"Juan Jos\u00e9 Contreras Gonz\u00e1lez\"},\"url\":\"https:\/\/www.larazondexico.com.mx\/?author=2\"}]}<\/script>\n<!-- \/ Yoast SEO plugin. -->","yoast_head_json":{"title":"ARRANCA LA CONSTRUCCION DE CISTERNA DE AGYA POTABLE PARA EL EJIDO EL PENSIL EN OCAMPO - La Raz\u00f3n de Xico - Presencia Informativa en el estado","robots":{"index":"index","follow":"follow","max-snippet":"max-snippet:-1","max-image-preview":"max-image-preview:large","max-video-preview":"max-video-preview:-1"},"canonical":"https:\/\/www.larazondexico.com.mx\/?p=1385","og_locale":"es_ES","og_type":"article","og_title":"ARRANCA LA CONSTRUCCION DE CISTERNA DE AGYA POTABLE PARA EL EJIDO EL PENSIL EN OCAMPO - La Raz\u00f3n de Xico - Presencia Informativa en el estado","og_description":"Ocampo, Tamaulipas.-(Escribe Juan Jose Contreras Gonzalez)..Al Inicia construcci\u00f3n de cisterna de agua potable en Ejido Pensil, Ocampo, el alcalde Melchor Budarth B\u00e1ez, confirmo su inter\u00e9s de buscar el bienestar de las familias de esta comunidad, tal y como se comprometi\u00f3 a hacer realidad el sue\u00f1o de sus habitantes. Acompa\u00f1ado de su esposa la C.P. Martha...","og_url":"https:\/\/www.larazondexico.com.mx\/?p=1385","og_site_name":"La Raz\u00f3n de Xico - Presencia Informativa en el estado","article_published_time":"2025-08-25T14:40:25+00:00","article_modified_time":"2025-08-25T14:41:39+00:00","og_image":[{"width":1600,"height":900,"url":"https:\/\/www.larazondexico.com.mx\/wp-content\/uploads\/2025\/08\/pensil.jpg","type":"image\/jpeg"}],"author":"Juan Jos\u00e9 Contreras Gonz\u00e1lez","twitter_card":"summary_large_image","twitter_misc":{"Escrito por":"Juan Jos\u00e9 Contreras Gonz\u00e1lez","Tiempo de lectura":"1 minuto"},"schema":{"@context":"https:\/\/schema.org","@graph":[{"@type":"WebPage","@id":"https:\/\/www.larazondexico.com.mx\/?p=1385","url":"https:\/\/www.larazondexico.com.mx\/?p=1385","name":"ARRANCA LA CONSTRUCCION DE CISTERNA DE AGYA POTABLE PARA EL EJIDO EL PENSIL EN OCAMPO - La Raz\u00f3n de Xico - Presencia Informativa en el estado","isPartOf":{"@id":"https:\/\/www.larazondexico.com.mx\/#website"},"primaryImageOfPage":{"@id":"https:\/\/www.larazondexico.com.mx\/?p=1385#primaryimage"},"image":{"@id":"https:\/\/www.larazondexico.com.mx\/?p=1385#primaryimage"},"thumbnailUrl":"https:\/\/www.larazondexico.com.mx\/wp-content\/uploads\/2025\/08\/pensil.jpg","datePublished":"2025-08-25T14:40:25+00:00","dateModified":"2025-08-25T14:41:39+00:00","author":{"@id":"https:\/\/www.larazondexico.com.mx\/#\/schema\/person\/b10ea8a31f9b2f34c2ec8835ba5d1318"},"breadcrumb":{"@id":"https:\/\/www.larazondexico.com.mx\/?p=1385#breadcrumb"},"inLanguage":"es","potentialAction":[{"@type":"ReadAction","target":["https:\/\/www.larazondexico.com.mx\/?p=1385"]}]},{"@type":"ImageObject","inLanguage":"es","@id":"https:\/\/www.larazondexico.com.mx\/?p=1385#primaryimage","url":"https:\/\/www.larazondexico.com.mx\/wp-content\/uploads\/2025\/08\/pensil.jpg","contentUrl":"https:\/\/www.larazondexico.com.mx\/wp-content\/uploads\/2025\/08\/pensil.jpg","width":1600,"height":900},{"@type":"BreadcrumbList","@id":"https:\/\/www.larazondexico.com.mx\/?p=1385#breadcrumb","itemListElement":[{"@type":"ListItem","position":1,"name":"Portada","item":"https:\/\/www.larazondexico.com.mx\/"},{"@type":"ListItem","position":2,"name":"ARRANCA LA CONSTRUCCION DE CISTERNA DE AGYA POTABLE PARA EL EJIDO EL PENSIL EN OCAMPO"}]},{"@type":"WebSite","@id":"https:\/\/www.larazondexico.com.mx\/#website","url":"https:\/\/www.larazondexico.com.mx\/","name":"La Raz\u00f3n de Xico - Presencia Informativa en el estado","description":"","potentialAction":[{"@type":"SearchAction","target":{"@type":"EntryPoint","urlTemplate":"https:\/\/www.larazondexico.com.mx\/?s={search_term_string}"},"query-input":{"@type":"PropertyValueSpecification","valueRequired":true,"valueName":"search_term_string"}}],"inLanguage":"es"},{"@type":"Person","@id":"https:\/\/www.larazondexico.com.mx\/#\/schema\/person\/b10ea8a31f9b2f34c2ec8835ba5d1318","name":"Juan Jos\u00e9 Contreras Gonz\u00e1lez","image":{"@type":"ImageObject","inLanguage":"es","@id":"https:\/\/www.larazondexico.com.mx\/#\/schema\/person\/image\/","url":"https:\/\/secure.gravatar.com\/avatar\/2b2a34677c3407f25b56188b4c2ca478?s=96&d=mm&r=g","contentUrl":"https:\/\/secure.gravatar.com\/avatar\/2b2a34677c3407f25b56188b4c2ca478?s=96&d=mm&r=g","caption":"Juan Jos\u00e9 Contreras Gonz\u00e1lez"},"url":"https:\/\/www.larazondexico.com.mx\/?author=2"}]}},"_links":{"self":[{"href":"https:\/\/www.larazondexico.com.mx\/index.php?rest_route=\/wp\/v2\/posts\/1385","targetHints":{"allow":["GET"]}}],"collection":[{"href":"https:\/\/www.larazondexico.com.mx\/index.php?rest_route=\/wp\/v2\/posts"}],"about":[{"href":"https:\/\/www.larazondexico.com.mx\/index.php?rest_route=\/wp\/v2\/types\/post"}],"author":[{"embeddable":true,"href":"https:\/\/www.larazondexico.com.mx\/index.php?rest_route=\/wp\/v2\/users\/2"}],"replies":[{"embeddable":true,"href":"https:\/\/www.larazondexico.com.mx\/index.php?rest_route=%2Fwp%2Fv2%2Fcomments&post=1385"}],"version-history":[{"count":2,"href":"https:\/\/www.larazondexico.com.mx\/index.php?rest_route=\/wp\/v2\/posts\/1385\/revisions"}],"predecessor-version":[{"id":1389,"href":"https:\/\/www.larazondexico.com.mx\/index.php?rest_route=\/wp\/v2\/posts\/1385\/revisions\/1389"}],"wp:featuredmedia":[{"embeddable":true,"href":"https:\/\/www.larazondexico.com.mx\/index.php?rest_route=\/wp\/v2\/media\/1386"}],"wp:attachment":[{"href":"https:\/\/www.larazondexico.com.mx\/index.php?rest_route=%2Fwp%2Fv2%2Fmedia&parent=1385"}],"wp:term":[{"taxonomy":"category","embeddable":true,"href":"https:\/\/www.larazondexico.com.mx\/index.php?rest_route=%2Fwp%2Fv2%2Fcategories&post=1385"},{"taxonomy":"post_tag","embeddable":true,"href":"https:\/\/www.larazondexico.com.mx\/index.php?rest_route=%2Fwp%2Fv2%2Ftags&post=1385"}],"curies":[{"name":"wp","href":"https:\/\/api.w.org\/{rel}","templated":true}]}}