{"id":1231,"date":"2025-07-30T17:12:05","date_gmt":"2025-07-30T23:12:05","guid":{"rendered":"https:\/\/www.larazondexico.com.mx\/?p=1231"},"modified":"2025-07-30T17:12:09","modified_gmt":"2025-07-30T23:12:09","slug":"inicia-programa-de-bacheo-en-xicotencatl-tras-lluvias-por-la-tormenta-barry","status":"publish","type":"post","link":"https:\/\/www.larazondexico.com.mx\/?p=1231","title":{"rendered":"Inicia programa de bacheo en Xicotencatl, tras lluvias por la tormenta Barry."},"content":{"rendered":"\n<p>CD. Xicotencatl, Tamaulipas.-La Presidenta municipal Mariela L\u00f3pez Sosa dio el arranque oficial al programa de bacheo en diversos puntos de la cabecera municipal, como parte de las acciones inmediatas tras las afectaciones provocadas por las torrenciales lluvias de la tormenta tropical Barry.<\/p>\n\n\n\n<p>A trav\u00e9s del Departamento de Obras P\u00fablicas, se contempla la rehabilitaci\u00f3n de m\u00e1s de 3 mil metros cuadrados de vialidades, con el objetivo de mejorar la movilidad y brindar mayor seguridad a peatones y conductores.<\/p>\n\n\n\n<p>\u201cUnir esfuerzos es la clave para construir un Xicot\u00e9ncatl mejor\u201d, expres\u00f3 la alcaldesa al refrendar su compromiso con el bienestar de todas y todos los xicotenquenses.<\/p>\n\n\n\n<p>El Gobierno Municipal contin\u00faa trabajando para responder a las necesidades de la ciudadan\u00eda y consolidar un entorno urbano funcional y digno.<\/p>\n\n\n\n<h1 class=\"wp-block-heading\">UnGobiernoQueNosUne<\/h1>\n\n\n\n<p><\/p>\n","protected":false},"excerpt":{"rendered":"<p>CD. Xicotencatl, Tamaulipas.-La Presidenta municipal Mariela L\u00f3pez Sosa dio el arranque oficial al programa de bacheo en diversos puntos de la cabecera municipal, como parte de las acciones inmediatas tras las afectaciones provocadas por las torrenciales lluvias de la tormenta tropical Barry. A trav\u00e9s del Departamento de Obras P\u00fablicas, se contempla la rehabilitaci\u00f3n de m\u00e1s&#8230;<\/p>\n","protected":false},"author":2,"featured_media":1232,"comment_status":"closed","ping_status":"closed","sticky":false,"template":"","format":"standard","meta":{"footnotes":""},"categories":[6],"tags":[],"class_list":["post-1231","post","type-post","status-publish","format-standard","has-post-thumbnail","hentry","category-xico"],"yoast_head":"<!-- This site is optimized with the Yoast SEO plugin v25.6 - https:\/\/yoast.com\/wordpress\/plugins\/seo\/ -->\n<title>Inicia programa de bacheo en Xicotencatl, tras lluvias por la tormenta Barry. - La Raz\u00f3n de Xico - Presencia Informativa en el estado<\/title>\n<meta name=\"robots\" content=\"index, follow, max-snippet:-1, max-image-preview:large, max-video-preview:-1\" \/>\n<link rel=\"canonical\" href=\"https:\/\/www.larazondexico.com.mx\/?p=1231\" \/>\n<meta property=\"og:locale\" content=\"es_ES\" \/>\n<meta property=\"og:type\" content=\"article\" \/>\n<meta property=\"og:title\" content=\"Inicia programa de bacheo en Xicotencatl, tras lluvias por la tormenta Barry. - La Raz\u00f3n de Xico - Presencia Informativa en el estado\" \/>\n<meta property=\"og:description\" content=\"CD. Xicotencatl, Tamaulipas.-La Presidenta municipal Mariela L\u00f3pez Sosa dio el arranque oficial al programa de bacheo en diversos puntos de la cabecera municipal, como parte de las acciones inmediatas tras las afectaciones provocadas por las torrenciales lluvias de la tormenta tropical Barry. A trav\u00e9s del Departamento de Obras P\u00fablicas, se contempla la rehabilitaci\u00f3n de m\u00e1s...\" \/>\n<meta property=\"og:url\" content=\"https:\/\/www.larazondexico.com.mx\/?p=1231\" \/>\n<meta property=\"og:site_name\" content=\"La Raz\u00f3n de Xico - Presencia Informativa en el estado\" \/>\n<meta property=\"article:published_time\" content=\"2025-07-30T23:12:05+00:00\" \/>\n<meta property=\"article:modified_time\" content=\"2025-07-30T23:12:09+00:00\" \/>\n<meta property=\"og:image\" content=\"https:\/\/www.larazondexico.com.mx\/wp-content\/uploads\/2025\/07\/IMG-20250730-WA0014.jpg\" \/>\n\t<meta property=\"og:image:width\" content=\"1280\" \/>\n\t<meta property=\"og:image:height\" content=\"853\" \/>\n\t<meta property=\"og:image:type\" content=\"image\/jpeg\" \/>\n<meta name=\"author\" content=\"Juan Jos\u00e9 Contreras Gonz\u00e1lez\" \/>\n<meta name=\"twitter:card\" content=\"summary_large_image\" \/>\n<meta name=\"twitter:label1\" content=\"Escrito por\" \/>\n\t<meta name=\"twitter:data1\" content=\"Juan Jos\u00e9 Contreras Gonz\u00e1lez\" \/>\n\t<meta name=\"twitter:label2\" content=\"Tiempo de lectura\" \/>\n\t<meta name=\"twitter:data2\" content=\"1 minuto\" \/>\n<script type=\"application\/ld+json\" class=\"yoast-schema-graph\">{\"@context\":\"https:\/\/schema.org\",\"@graph\":[{\"@type\":\"WebPage\",\"@id\":\"https:\/\/www.larazondexico.com.mx\/?p=1231\",\"url\":\"https:\/\/www.larazondexico.com.mx\/?p=1231\",\"name\":\"Inicia programa de bacheo en Xicotencatl, tras lluvias por la tormenta Barry. - La Raz\u00f3n de Xico - Presencia Informativa en el estado\",\"isPartOf\":{\"@id\":\"https:\/\/www.larazondexico.com.mx\/#website\"},\"primaryImageOfPage\":{\"@id\":\"https:\/\/www.larazondexico.com.mx\/?p=1231#primaryimage\"},\"image\":{\"@id\":\"https:\/\/www.larazondexico.com.mx\/?p=1231#primaryimage\"},\"thumbnailUrl\":\"https:\/\/www.larazondexico.com.mx\/wp-content\/uploads\/2025\/07\/IMG-20250730-WA0014.jpg\",\"datePublished\":\"2025-07-30T23:12:05+00:00\",\"dateModified\":\"2025-07-30T23:12:09+00:00\",\"author\":{\"@id\":\"https:\/\/www.larazondexico.com.mx\/#\/schema\/person\/b10ea8a31f9b2f34c2ec8835ba5d1318\"},\"breadcrumb\":{\"@id\":\"https:\/\/www.larazondexico.com.mx\/?p=1231#breadcrumb\"},\"inLanguage\":\"es\",\"potentialAction\":[{\"@type\":\"ReadAction\",\"target\":[\"https:\/\/www.larazondexico.com.mx\/?p=1231\"]}]},{\"@type\":\"ImageObject\",\"inLanguage\":\"es\",\"@id\":\"https:\/\/www.larazondexico.com.mx\/?p=1231#primaryimage\",\"url\":\"https:\/\/www.larazondexico.com.mx\/wp-content\/uploads\/2025\/07\/IMG-20250730-WA0014.jpg\",\"contentUrl\":\"https:\/\/www.larazondexico.com.mx\/wp-content\/uploads\/2025\/07\/IMG-20250730-WA0014.jpg\",\"width\":1280,\"height\":853},{\"@type\":\"BreadcrumbList\",\"@id\":\"https:\/\/www.larazondexico.com.mx\/?p=1231#breadcrumb\",\"itemListElement\":[{\"@type\":\"ListItem\",\"position\":1,\"name\":\"Portada\",\"item\":\"https:\/\/www.larazondexico.com.mx\/\"},{\"@type\":\"ListItem\",\"position\":2,\"name\":\"Inicia programa de bacheo en Xicotencatl, tras lluvias por la tormenta Barry.\"}]},{\"@type\":\"WebSite\",\"@id\":\"https:\/\/www.larazondexico.com.mx\/#website\",\"url\":\"https:\/\/www.larazondexico.com.mx\/\",\"name\":\"La Raz\u00f3n de Xico - Presencia Informativa en el estado\",\"description\":\"\",\"potentialAction\":[{\"@type\":\"SearchAction\",\"target\":{\"@type\":\"EntryPoint\",\"urlTemplate\":\"https:\/\/www.larazondexico.com.mx\/?s={search_term_string}\"},\"query-input\":{\"@type\":\"PropertyValueSpecification\",\"valueRequired\":true,\"valueName\":\"search_term_string\"}}],\"inLanguage\":\"es\"},{\"@type\":\"Person\",\"@id\":\"https:\/\/www.larazondexico.com.mx\/#\/schema\/person\/b10ea8a31f9b2f34c2ec8835ba5d1318\",\"name\":\"Juan Jos\u00e9 Contreras Gonz\u00e1lez\",\"image\":{\"@type\":\"ImageObject\",\"inLanguage\":\"es\",\"@id\":\"https:\/\/www.larazondexico.com.mx\/#\/schema\/person\/image\/\",\"url\":\"https:\/\/secure.gravatar.com\/avatar\/2b2a34677c3407f25b56188b4c2ca478?s=96&d=mm&r=g\",\"contentUrl\":\"https:\/\/secure.gravatar.com\/avatar\/2b2a34677c3407f25b56188b4c2ca478?s=96&d=mm&r=g\",\"caption\":\"Juan Jos\u00e9 Contreras Gonz\u00e1lez\"},\"url\":\"https:\/\/www.larazondexico.com.mx\/?author=2\"}]}<\/script>\n<!-- \/ Yoast SEO plugin. -->","yoast_head_json":{"title":"Inicia programa de bacheo en Xicotencatl, tras lluvias por la tormenta Barry. - La Raz\u00f3n de Xico - Presencia Informativa en el estado","robots":{"index":"index","follow":"follow","max-snippet":"max-snippet:-1","max-image-preview":"max-image-preview:large","max-video-preview":"max-video-preview:-1"},"canonical":"https:\/\/www.larazondexico.com.mx\/?p=1231","og_locale":"es_ES","og_type":"article","og_title":"Inicia programa de bacheo en Xicotencatl, tras lluvias por la tormenta Barry. - La Raz\u00f3n de Xico - Presencia Informativa en el estado","og_description":"CD. Xicotencatl, Tamaulipas.-La Presidenta municipal Mariela L\u00f3pez Sosa dio el arranque oficial al programa de bacheo en diversos puntos de la cabecera municipal, como parte de las acciones inmediatas tras las afectaciones provocadas por las torrenciales lluvias de la tormenta tropical Barry. A trav\u00e9s del Departamento de Obras P\u00fablicas, se contempla la rehabilitaci\u00f3n de m\u00e1s...","og_url":"https:\/\/www.larazondexico.com.mx\/?p=1231","og_site_name":"La Raz\u00f3n de Xico - Presencia Informativa en el estado","article_published_time":"2025-07-30T23:12:05+00:00","article_modified_time":"2025-07-30T23:12:09+00:00","og_image":[{"width":1280,"height":853,"url":"https:\/\/www.larazondexico.com.mx\/wp-content\/uploads\/2025\/07\/IMG-20250730-WA0014.jpg","type":"image\/jpeg"}],"author":"Juan Jos\u00e9 Contreras Gonz\u00e1lez","twitter_card":"summary_large_image","twitter_misc":{"Escrito por":"Juan Jos\u00e9 Contreras Gonz\u00e1lez","Tiempo de lectura":"1 minuto"},"schema":{"@context":"https:\/\/schema.org","@graph":[{"@type":"WebPage","@id":"https:\/\/www.larazondexico.com.mx\/?p=1231","url":"https:\/\/www.larazondexico.com.mx\/?p=1231","name":"Inicia programa de bacheo en Xicotencatl, tras lluvias por la tormenta Barry. - La Raz\u00f3n de Xico - Presencia Informativa en el estado","isPartOf":{"@id":"https:\/\/www.larazondexico.com.mx\/#website"},"primaryImageOfPage":{"@id":"https:\/\/www.larazondexico.com.mx\/?p=1231#primaryimage"},"image":{"@id":"https:\/\/www.larazondexico.com.mx\/?p=1231#primaryimage"},"thumbnailUrl":"https:\/\/www.larazondexico.com.mx\/wp-content\/uploads\/2025\/07\/IMG-20250730-WA0014.jpg","datePublished":"2025-07-30T23:12:05+00:00","dateModified":"2025-07-30T23:12:09+00:00","author":{"@id":"https:\/\/www.larazondexico.com.mx\/#\/schema\/person\/b10ea8a31f9b2f34c2ec8835ba5d1318"},"breadcrumb":{"@id":"https:\/\/www.larazondexico.com.mx\/?p=1231#breadcrumb"},"inLanguage":"es","potentialAction":[{"@type":"ReadAction","target":["https:\/\/www.larazondexico.com.mx\/?p=1231"]}]},{"@type":"ImageObject","inLanguage":"es","@id":"https:\/\/www.larazondexico.com.mx\/?p=1231#primaryimage","url":"https:\/\/www.larazondexico.com.mx\/wp-content\/uploads\/2025\/07\/IMG-20250730-WA0014.jpg","contentUrl":"https:\/\/www.larazondexico.com.mx\/wp-content\/uploads\/2025\/07\/IMG-20250730-WA0014.jpg","width":1280,"height":853},{"@type":"BreadcrumbList","@id":"https:\/\/www.larazondexico.com.mx\/?p=1231#breadcrumb","itemListElement":[{"@type":"ListItem","position":1,"name":"Portada","item":"https:\/\/www.larazondexico.com.mx\/"},{"@type":"ListItem","position":2,"name":"Inicia programa de bacheo en Xicotencatl, tras lluvias por la tormenta Barry."}]},{"@type":"WebSite","@id":"https:\/\/www.larazondexico.com.mx\/#website","url":"https:\/\/www.larazondexico.com.mx\/","name":"La Raz\u00f3n de Xico - Presencia Informativa en el estado","description":"","potentialAction":[{"@type":"SearchAction","target":{"@type":"EntryPoint","urlTemplate":"https:\/\/www.larazondexico.com.mx\/?s={search_term_string}"},"query-input":{"@type":"PropertyValueSpecification","valueRequired":true,"valueName":"search_term_string"}}],"inLanguage":"es"},{"@type":"Person","@id":"https:\/\/www.larazondexico.com.mx\/#\/schema\/person\/b10ea8a31f9b2f34c2ec8835ba5d1318","name":"Juan Jos\u00e9 Contreras Gonz\u00e1lez","image":{"@type":"ImageObject","inLanguage":"es","@id":"https:\/\/www.larazondexico.com.mx\/#\/schema\/person\/image\/","url":"https:\/\/secure.gravatar.com\/avatar\/2b2a34677c3407f25b56188b4c2ca478?s=96&d=mm&r=g","contentUrl":"https:\/\/secure.gravatar.com\/avatar\/2b2a34677c3407f25b56188b4c2ca478?s=96&d=mm&r=g","caption":"Juan Jos\u00e9 Contreras Gonz\u00e1lez"},"url":"https:\/\/www.larazondexico.com.mx\/?author=2"}]}},"_links":{"self":[{"href":"https:\/\/www.larazondexico.com.mx\/index.php?rest_route=\/wp\/v2\/posts\/1231","targetHints":{"allow":["GET"]}}],"collection":[{"href":"https:\/\/www.larazondexico.com.mx\/index.php?rest_route=\/wp\/v2\/posts"}],"about":[{"href":"https:\/\/www.larazondexico.com.mx\/index.php?rest_route=\/wp\/v2\/types\/post"}],"author":[{"embeddable":true,"href":"https:\/\/www.larazondexico.com.mx\/index.php?rest_route=\/wp\/v2\/users\/2"}],"replies":[{"embeddable":true,"href":"https:\/\/www.larazondexico.com.mx\/index.php?rest_route=%2Fwp%2Fv2%2Fcomments&post=1231"}],"version-history":[{"count":1,"href":"https:\/\/www.larazondexico.com.mx\/index.php?rest_route=\/wp\/v2\/posts\/1231\/revisions"}],"predecessor-version":[{"id":1233,"href":"https:\/\/www.larazondexico.com.mx\/index.php?rest_route=\/wp\/v2\/posts\/1231\/revisions\/1233"}],"wp:featuredmedia":[{"embeddable":true,"href":"https:\/\/www.larazondexico.com.mx\/index.php?rest_route=\/wp\/v2\/media\/1232"}],"wp:attachment":[{"href":"https:\/\/www.larazondexico.com.mx\/index.php?rest_route=%2Fwp%2Fv2%2Fmedia&parent=1231"}],"wp:term":[{"taxonomy":"category","embeddable":true,"href":"https:\/\/www.larazondexico.com.mx\/index.php?rest_route=%2Fwp%2Fv2%2Fcategories&post=1231"},{"taxonomy":"post_tag","embeddable":true,"href":"https:\/\/www.larazondexico.com.mx\/index.php?rest_route=%2Fwp%2Fv2%2Ftags&post=1231"}],"curies":[{"name":"wp","href":"https:\/\/api.w.org\/{rel}","templated":true}]}}