{"id":1228,"date":"2025-07-25T19:05:23","date_gmt":"2025-07-26T01:05:23","guid":{"rendered":"https:\/\/www.larazondexico.com.mx\/?p=1228"},"modified":"2025-07-25T19:05:25","modified_gmt":"2025-07-26T01:05:25","slug":"xicotencatl-refuerza-su-compromiso-con-la-seguridad-regional","status":"publish","type":"post","link":"https:\/\/www.larazondexico.com.mx\/?p=1228","title":{"rendered":"Xicotencatl, refuerza su compromiso con la seguridad regional."},"content":{"rendered":"\n<p>Ciudad Mante, Tamaulipas.\u2013 En un esfuerzo conjunto por fortalecer la seguridad en la regi\u00f3n sur del estado, la presidenta municipal de Xicot\u00e9ncatl, Mariela L\u00f3pez Sosa, particip\u00f3 este viernes en la Mesa de Coordinaci\u00f3n para la Construcci\u00f3n de Paz, encabezada por el gobernador de Tamaulipas, Am\u00e9rico Villarreal Anay<\/p>\n\n\n\n<p>Durante la sesi\u00f3n, realizada en Ciudad Mante, autoridades de los tres niveles de gobierno evaluaron los avances en materia de seguridad p\u00fablica y acordaron nuevas estrategias para seguir garantizando la paz y la tranquilidad de las familias tamaulipecas.<\/p>\n\n\n\n<p>Como parte de esta gira de trabajo, la alcaldesa de Xicot\u00e9ncatl acompa\u00f1\u00f3 al mandatario estatal en la entrega de patrullas que ser\u00e1n destinadas a corporaciones de seguridad en la regi\u00f3n, con el objetivo de reforzar la capacidad operativa y el patrullaje preventivo en los municipios del sur.<\/p>\n\n\n\n<p>Mariela L\u00f3pez Sosa reafirm\u00f3 su compromiso de continuar trabajando en coordinaci\u00f3n con el Gobierno del Estado y las instituciones federales para mantener entornos seguros y proteger la seguridad de las familias de Xicot\u00e9ncatl.<\/p>\n","protected":false},"excerpt":{"rendered":"<p>Ciudad Mante, Tamaulipas.\u2013 En un esfuerzo conjunto por fortalecer la seguridad en la regi\u00f3n sur del estado, la presidenta municipal de Xicot\u00e9ncatl, Mariela L\u00f3pez Sosa, particip\u00f3 este viernes en la Mesa de Coordinaci\u00f3n para la Construcci\u00f3n de Paz, encabezada por el gobernador de Tamaulipas, Am\u00e9rico Villarreal Anay Durante la sesi\u00f3n, realizada en Ciudad Mante, autoridades&#8230;<\/p>\n","protected":false},"author":2,"featured_media":1229,"comment_status":"closed","ping_status":"closed","sticky":false,"template":"","format":"standard","meta":{"footnotes":""},"categories":[6],"tags":[],"class_list":["post-1228","post","type-post","status-publish","format-standard","has-post-thumbnail","hentry","category-xico"],"yoast_head":"<!-- This site is optimized with the Yoast SEO plugin v25.6 - https:\/\/yoast.com\/wordpress\/plugins\/seo\/ -->\n<title>Xicotencatl, refuerza su compromiso con la seguridad regional. - La Raz\u00f3n de Xico - Presencia Informativa en el estado<\/title>\n<meta name=\"robots\" content=\"index, follow, max-snippet:-1, max-image-preview:large, max-video-preview:-1\" \/>\n<link rel=\"canonical\" href=\"https:\/\/www.larazondexico.com.mx\/?p=1228\" \/>\n<meta property=\"og:locale\" content=\"es_ES\" \/>\n<meta property=\"og:type\" content=\"article\" \/>\n<meta property=\"og:title\" content=\"Xicotencatl, refuerza su compromiso con la seguridad regional. - La Raz\u00f3n de Xico - Presencia Informativa en el estado\" \/>\n<meta property=\"og:description\" content=\"Ciudad Mante, Tamaulipas.\u2013 En un esfuerzo conjunto por fortalecer la seguridad en la regi\u00f3n sur del estado, la presidenta municipal de Xicot\u00e9ncatl, Mariela L\u00f3pez Sosa, particip\u00f3 este viernes en la Mesa de Coordinaci\u00f3n para la Construcci\u00f3n de Paz, encabezada por el gobernador de Tamaulipas, Am\u00e9rico Villarreal Anay Durante la sesi\u00f3n, realizada en Ciudad Mante, autoridades...\" \/>\n<meta property=\"og:url\" content=\"https:\/\/www.larazondexico.com.mx\/?p=1228\" \/>\n<meta property=\"og:site_name\" content=\"La Raz\u00f3n de Xico - Presencia Informativa en el estado\" \/>\n<meta property=\"article:published_time\" content=\"2025-07-26T01:05:23+00:00\" \/>\n<meta property=\"article:modified_time\" content=\"2025-07-26T01:05:25+00:00\" \/>\n<meta property=\"og:image\" content=\"https:\/\/www.larazondexico.com.mx\/wp-content\/uploads\/2025\/07\/FB_IMG_1753491610831-scaled.jpg\" \/>\n\t<meta property=\"og:image:width\" content=\"2560\" \/>\n\t<meta property=\"og:image:height\" content=\"1183\" \/>\n\t<meta property=\"og:image:type\" content=\"image\/jpeg\" \/>\n<meta name=\"author\" content=\"Juan Jos\u00e9 Contreras Gonz\u00e1lez\" \/>\n<meta name=\"twitter:card\" content=\"summary_large_image\" \/>\n<meta name=\"twitter:label1\" content=\"Escrito por\" \/>\n\t<meta name=\"twitter:data1\" content=\"Juan Jos\u00e9 Contreras Gonz\u00e1lez\" \/>\n\t<meta name=\"twitter:label2\" content=\"Tiempo de lectura\" \/>\n\t<meta name=\"twitter:data2\" content=\"1 minuto\" \/>\n<script type=\"application\/ld+json\" class=\"yoast-schema-graph\">{\"@context\":\"https:\/\/schema.org\",\"@graph\":[{\"@type\":\"WebPage\",\"@id\":\"https:\/\/www.larazondexico.com.mx\/?p=1228\",\"url\":\"https:\/\/www.larazondexico.com.mx\/?p=1228\",\"name\":\"Xicotencatl, refuerza su compromiso con la seguridad regional. - La Raz\u00f3n de Xico - Presencia Informativa en el estado\",\"isPartOf\":{\"@id\":\"https:\/\/www.larazondexico.com.mx\/#website\"},\"primaryImageOfPage\":{\"@id\":\"https:\/\/www.larazondexico.com.mx\/?p=1228#primaryimage\"},\"image\":{\"@id\":\"https:\/\/www.larazondexico.com.mx\/?p=1228#primaryimage\"},\"thumbnailUrl\":\"https:\/\/www.larazondexico.com.mx\/wp-content\/uploads\/2025\/07\/FB_IMG_1753491610831-scaled.jpg\",\"datePublished\":\"2025-07-26T01:05:23+00:00\",\"dateModified\":\"2025-07-26T01:05:25+00:00\",\"author\":{\"@id\":\"https:\/\/www.larazondexico.com.mx\/#\/schema\/person\/b10ea8a31f9b2f34c2ec8835ba5d1318\"},\"breadcrumb\":{\"@id\":\"https:\/\/www.larazondexico.com.mx\/?p=1228#breadcrumb\"},\"inLanguage\":\"es\",\"potentialAction\":[{\"@type\":\"ReadAction\",\"target\":[\"https:\/\/www.larazondexico.com.mx\/?p=1228\"]}]},{\"@type\":\"ImageObject\",\"inLanguage\":\"es\",\"@id\":\"https:\/\/www.larazondexico.com.mx\/?p=1228#primaryimage\",\"url\":\"https:\/\/www.larazondexico.com.mx\/wp-content\/uploads\/2025\/07\/FB_IMG_1753491610831-scaled.jpg\",\"contentUrl\":\"https:\/\/www.larazondexico.com.mx\/wp-content\/uploads\/2025\/07\/FB_IMG_1753491610831-scaled.jpg\",\"width\":2560,\"height\":1183},{\"@type\":\"BreadcrumbList\",\"@id\":\"https:\/\/www.larazondexico.com.mx\/?p=1228#breadcrumb\",\"itemListElement\":[{\"@type\":\"ListItem\",\"position\":1,\"name\":\"Portada\",\"item\":\"https:\/\/www.larazondexico.com.mx\/\"},{\"@type\":\"ListItem\",\"position\":2,\"name\":\"Xicotencatl, refuerza su compromiso con la seguridad regional.\"}]},{\"@type\":\"WebSite\",\"@id\":\"https:\/\/www.larazondexico.com.mx\/#website\",\"url\":\"https:\/\/www.larazondexico.com.mx\/\",\"name\":\"La Raz\u00f3n de Xico - Presencia Informativa en el estado\",\"description\":\"\",\"potentialAction\":[{\"@type\":\"SearchAction\",\"target\":{\"@type\":\"EntryPoint\",\"urlTemplate\":\"https:\/\/www.larazondexico.com.mx\/?s={search_term_string}\"},\"query-input\":{\"@type\":\"PropertyValueSpecification\",\"valueRequired\":true,\"valueName\":\"search_term_string\"}}],\"inLanguage\":\"es\"},{\"@type\":\"Person\",\"@id\":\"https:\/\/www.larazondexico.com.mx\/#\/schema\/person\/b10ea8a31f9b2f34c2ec8835ba5d1318\",\"name\":\"Juan Jos\u00e9 Contreras Gonz\u00e1lez\",\"image\":{\"@type\":\"ImageObject\",\"inLanguage\":\"es\",\"@id\":\"https:\/\/www.larazondexico.com.mx\/#\/schema\/person\/image\/\",\"url\":\"https:\/\/secure.gravatar.com\/avatar\/2b2a34677c3407f25b56188b4c2ca478?s=96&d=mm&r=g\",\"contentUrl\":\"https:\/\/secure.gravatar.com\/avatar\/2b2a34677c3407f25b56188b4c2ca478?s=96&d=mm&r=g\",\"caption\":\"Juan Jos\u00e9 Contreras Gonz\u00e1lez\"},\"url\":\"https:\/\/www.larazondexico.com.mx\/?author=2\"}]}<\/script>\n<!-- \/ Yoast SEO plugin. -->","yoast_head_json":{"title":"Xicotencatl, refuerza su compromiso con la seguridad regional. - La Raz\u00f3n de Xico - Presencia Informativa en el estado","robots":{"index":"index","follow":"follow","max-snippet":"max-snippet:-1","max-image-preview":"max-image-preview:large","max-video-preview":"max-video-preview:-1"},"canonical":"https:\/\/www.larazondexico.com.mx\/?p=1228","og_locale":"es_ES","og_type":"article","og_title":"Xicotencatl, refuerza su compromiso con la seguridad regional. - La Raz\u00f3n de Xico - Presencia Informativa en el estado","og_description":"Ciudad Mante, Tamaulipas.\u2013 En un esfuerzo conjunto por fortalecer la seguridad en la regi\u00f3n sur del estado, la presidenta municipal de Xicot\u00e9ncatl, Mariela L\u00f3pez Sosa, particip\u00f3 este viernes en la Mesa de Coordinaci\u00f3n para la Construcci\u00f3n de Paz, encabezada por el gobernador de Tamaulipas, Am\u00e9rico Villarreal Anay Durante la sesi\u00f3n, realizada en Ciudad Mante, autoridades...","og_url":"https:\/\/www.larazondexico.com.mx\/?p=1228","og_site_name":"La Raz\u00f3n de Xico - Presencia Informativa en el estado","article_published_time":"2025-07-26T01:05:23+00:00","article_modified_time":"2025-07-26T01:05:25+00:00","og_image":[{"width":2560,"height":1183,"url":"https:\/\/www.larazondexico.com.mx\/wp-content\/uploads\/2025\/07\/FB_IMG_1753491610831-scaled.jpg","type":"image\/jpeg"}],"author":"Juan Jos\u00e9 Contreras Gonz\u00e1lez","twitter_card":"summary_large_image","twitter_misc":{"Escrito por":"Juan Jos\u00e9 Contreras Gonz\u00e1lez","Tiempo de lectura":"1 minuto"},"schema":{"@context":"https:\/\/schema.org","@graph":[{"@type":"WebPage","@id":"https:\/\/www.larazondexico.com.mx\/?p=1228","url":"https:\/\/www.larazondexico.com.mx\/?p=1228","name":"Xicotencatl, refuerza su compromiso con la seguridad regional. - La Raz\u00f3n de Xico - Presencia Informativa en el estado","isPartOf":{"@id":"https:\/\/www.larazondexico.com.mx\/#website"},"primaryImageOfPage":{"@id":"https:\/\/www.larazondexico.com.mx\/?p=1228#primaryimage"},"image":{"@id":"https:\/\/www.larazondexico.com.mx\/?p=1228#primaryimage"},"thumbnailUrl":"https:\/\/www.larazondexico.com.mx\/wp-content\/uploads\/2025\/07\/FB_IMG_1753491610831-scaled.jpg","datePublished":"2025-07-26T01:05:23+00:00","dateModified":"2025-07-26T01:05:25+00:00","author":{"@id":"https:\/\/www.larazondexico.com.mx\/#\/schema\/person\/b10ea8a31f9b2f34c2ec8835ba5d1318"},"breadcrumb":{"@id":"https:\/\/www.larazondexico.com.mx\/?p=1228#breadcrumb"},"inLanguage":"es","potentialAction":[{"@type":"ReadAction","target":["https:\/\/www.larazondexico.com.mx\/?p=1228"]}]},{"@type":"ImageObject","inLanguage":"es","@id":"https:\/\/www.larazondexico.com.mx\/?p=1228#primaryimage","url":"https:\/\/www.larazondexico.com.mx\/wp-content\/uploads\/2025\/07\/FB_IMG_1753491610831-scaled.jpg","contentUrl":"https:\/\/www.larazondexico.com.mx\/wp-content\/uploads\/2025\/07\/FB_IMG_1753491610831-scaled.jpg","width":2560,"height":1183},{"@type":"BreadcrumbList","@id":"https:\/\/www.larazondexico.com.mx\/?p=1228#breadcrumb","itemListElement":[{"@type":"ListItem","position":1,"name":"Portada","item":"https:\/\/www.larazondexico.com.mx\/"},{"@type":"ListItem","position":2,"name":"Xicotencatl, refuerza su compromiso con la seguridad regional."}]},{"@type":"WebSite","@id":"https:\/\/www.larazondexico.com.mx\/#website","url":"https:\/\/www.larazondexico.com.mx\/","name":"La Raz\u00f3n de Xico - Presencia Informativa en el estado","description":"","potentialAction":[{"@type":"SearchAction","target":{"@type":"EntryPoint","urlTemplate":"https:\/\/www.larazondexico.com.mx\/?s={search_term_string}"},"query-input":{"@type":"PropertyValueSpecification","valueRequired":true,"valueName":"search_term_string"}}],"inLanguage":"es"},{"@type":"Person","@id":"https:\/\/www.larazondexico.com.mx\/#\/schema\/person\/b10ea8a31f9b2f34c2ec8835ba5d1318","name":"Juan Jos\u00e9 Contreras Gonz\u00e1lez","image":{"@type":"ImageObject","inLanguage":"es","@id":"https:\/\/www.larazondexico.com.mx\/#\/schema\/person\/image\/","url":"https:\/\/secure.gravatar.com\/avatar\/2b2a34677c3407f25b56188b4c2ca478?s=96&d=mm&r=g","contentUrl":"https:\/\/secure.gravatar.com\/avatar\/2b2a34677c3407f25b56188b4c2ca478?s=96&d=mm&r=g","caption":"Juan Jos\u00e9 Contreras Gonz\u00e1lez"},"url":"https:\/\/www.larazondexico.com.mx\/?author=2"}]}},"_links":{"self":[{"href":"https:\/\/www.larazondexico.com.mx\/index.php?rest_route=\/wp\/v2\/posts\/1228","targetHints":{"allow":["GET"]}}],"collection":[{"href":"https:\/\/www.larazondexico.com.mx\/index.php?rest_route=\/wp\/v2\/posts"}],"about":[{"href":"https:\/\/www.larazondexico.com.mx\/index.php?rest_route=\/wp\/v2\/types\/post"}],"author":[{"embeddable":true,"href":"https:\/\/www.larazondexico.com.mx\/index.php?rest_route=\/wp\/v2\/users\/2"}],"replies":[{"embeddable":true,"href":"https:\/\/www.larazondexico.com.mx\/index.php?rest_route=%2Fwp%2Fv2%2Fcomments&post=1228"}],"version-history":[{"count":1,"href":"https:\/\/www.larazondexico.com.mx\/index.php?rest_route=\/wp\/v2\/posts\/1228\/revisions"}],"predecessor-version":[{"id":1230,"href":"https:\/\/www.larazondexico.com.mx\/index.php?rest_route=\/wp\/v2\/posts\/1228\/revisions\/1230"}],"wp:featuredmedia":[{"embeddable":true,"href":"https:\/\/www.larazondexico.com.mx\/index.php?rest_route=\/wp\/v2\/media\/1229"}],"wp:attachment":[{"href":"https:\/\/www.larazondexico.com.mx\/index.php?rest_route=%2Fwp%2Fv2%2Fmedia&parent=1228"}],"wp:term":[{"taxonomy":"category","embeddable":true,"href":"https:\/\/www.larazondexico.com.mx\/index.php?rest_route=%2Fwp%2Fv2%2Fcategories&post=1228"},{"taxonomy":"post_tag","embeddable":true,"href":"https:\/\/www.larazondexico.com.mx\/index.php?rest_route=%2Fwp%2Fv2%2Ftags&post=1228"}],"curies":[{"name":"wp","href":"https:\/\/api.w.org\/{rel}","templated":true}]}}