{"id":1161,"date":"2025-07-02T11:36:58","date_gmt":"2025-07-02T17:36:58","guid":{"rendered":"https:\/\/www.larazondexico.com.mx\/?p=1161"},"modified":"2025-07-02T11:37:01","modified_gmt":"2025-07-02T17:37:01","slug":"agradece-mariela-lopez-sosa-acciones-de-solidaridad-con-danminifcados-de-la-tormenta-barry","status":"publish","type":"post","link":"https:\/\/www.larazondexico.com.mx\/?p=1161","title":{"rendered":"AGRADECE MARIELA LOPEZ SOSA, ACCIONES DE SOLIDARIDAD CON DANMINIFCADOS DE LA TORMENTA BARRY."},"content":{"rendered":"\n<p>Cd. Xicot\u00e9ncatl, Tamaulipas.-(Escribe Juan Jos\u00e9 Contreras Gonz\u00e1lez),.La alcaldesa Mariela L\u00f3pez Sosa,  manifest\u00f3 \u00abQuiero agradecer a todas las personas que han llevado art\u00edculos, comida y v\u00edveres a los albergues que tenemos en Xicot\u00e9ncatl\u00bb<\/p>\n\n\n\n<p>Explico que su .\u00bbSu apoyo ha sido fundamental para poder atender las necesidades b\u00e1sicas de quienes se encuentran en estos espacios\u00bb, de igual manera  hizo hincapi\u00e9 que en estos momentos de contingencia social, todos absolutamente todos han dado su solidaridad en uni\u00f3n con sus autoridades municipales, a fin de enfrentar estos momentos cr\u00edticos que nos presenta la vida, ante los estragos de la tormenta Barry.<\/p>\n\n\n\n<p>Asimismo hizo menci\u00f3n que la presencia de los integrantes de la SEDENA, en esta ciudad, ha marcado desde luego mayor fortaleza para enfrentar en estos momentos los estragos de este fen\u00f3meno natural, que nos ha permitido nuevamente ver en cada uno de los habitantes de nuestro municipio, una solidaridad absoluta y eso nos fortalece a todos.<\/p>\n\n\n\n<p>Posteriormente  dijo \u00abReconozco el esfuerzo y la disposici\u00f3n de quienes han contribuido de distintas formas. Su colaboraci\u00f3n ha sido clave para continuar con esta labor\u00bb.<\/p>\n\n\n\n<p>En sus palabras menciono que a las familia que se encuentran en las comunidades rurales, en donde aun no se nos permite acceso  por los caminos v\u00eda terrestres, les confirmamos que pronto  vamos acudir a sus hogares, y les haremos llegar una despensa .<\/p>\n\n\n\n<p><a href=\"https:\/\/www.facebook.com\/hashtag\/ungobiernoquenosune?__eep__=6&amp;__cft__[0]=AZWNNsN1NxBFd65laSHjHd0J3c0L9nO-4kV1NhG5Ite5fDJeqAilOXNlXqlhRJVH_Y29DrI5hqeTQRP3wrsTJLWkYsidPXILhAfN28cakC936LWlf7xHtIX9NtRZvw92cNTyeu1LdKqq35btRghmcnWJLfXhlk_Q2HcGErWxlNskB4ZmadVLaek4xdDZ1OGcJs5Ql2ctHyI2xwdJKuge18q-cTYQEBt6-OHi6UmpTO2JaBTLUgKUR8VKU6nWuDe3ix0&amp;__tn__=*NK-R\">#UnGobiernoQueNosUne<\/a><\/p>\n","protected":false},"excerpt":{"rendered":"<p>Cd. Xicot\u00e9ncatl, Tamaulipas.-(Escribe Juan Jos\u00e9 Contreras Gonz\u00e1lez),.La alcaldesa Mariela L\u00f3pez Sosa, manifest\u00f3 \u00abQuiero agradecer a todas las personas que han llevado art\u00edculos, comida y v\u00edveres a los albergues que tenemos en Xicot\u00e9ncatl\u00bb Explico que su .\u00bbSu apoyo ha sido fundamental para poder atender las necesidades b\u00e1sicas de quienes se encuentran en estos espacios\u00bb, de igual&#8230;<\/p>\n","protected":false},"author":2,"featured_media":1162,"comment_status":"closed","ping_status":"closed","sticky":false,"template":"","format":"standard","meta":{"footnotes":""},"categories":[6],"tags":[],"class_list":["post-1161","post","type-post","status-publish","format-standard","has-post-thumbnail","hentry","category-xico"],"yoast_head":"<!-- This site is optimized with the Yoast SEO plugin v25.6 - https:\/\/yoast.com\/wordpress\/plugins\/seo\/ -->\n<title>AGRADECE MARIELA LOPEZ SOSA, ACCIONES DE SOLIDARIDAD CON DANMINIFCADOS DE LA TORMENTA BARRY. - La Raz\u00f3n de Xico - Presencia Informativa en el estado<\/title>\n<meta name=\"robots\" content=\"index, follow, max-snippet:-1, max-image-preview:large, max-video-preview:-1\" \/>\n<link rel=\"canonical\" href=\"https:\/\/www.larazondexico.com.mx\/?p=1161\" \/>\n<meta property=\"og:locale\" content=\"es_ES\" \/>\n<meta property=\"og:type\" content=\"article\" \/>\n<meta property=\"og:title\" content=\"AGRADECE MARIELA LOPEZ SOSA, ACCIONES DE SOLIDARIDAD CON DANMINIFCADOS DE LA TORMENTA BARRY. - La Raz\u00f3n de Xico - Presencia Informativa en el estado\" \/>\n<meta property=\"og:description\" content=\"Cd. Xicot\u00e9ncatl, Tamaulipas.-(Escribe Juan Jos\u00e9 Contreras Gonz\u00e1lez),.La alcaldesa Mariela L\u00f3pez Sosa, manifest\u00f3 \u00abQuiero agradecer a todas las personas que han llevado art\u00edculos, comida y v\u00edveres a los albergues que tenemos en Xicot\u00e9ncatl\u00bb Explico que su .\u00bbSu apoyo ha sido fundamental para poder atender las necesidades b\u00e1sicas de quienes se encuentran en estos espacios\u00bb, de igual...\" \/>\n<meta property=\"og:url\" content=\"https:\/\/www.larazondexico.com.mx\/?p=1161\" \/>\n<meta property=\"og:site_name\" content=\"La Raz\u00f3n de Xico - Presencia Informativa en el estado\" \/>\n<meta property=\"article:published_time\" content=\"2025-07-02T17:36:58+00:00\" \/>\n<meta property=\"article:modified_time\" content=\"2025-07-02T17:37:01+00:00\" \/>\n<meta property=\"og:image\" content=\"https:\/\/www.larazondexico.com.mx\/wp-content\/uploads\/2025\/07\/ALBERGUE.jpg\" \/>\n\t<meta property=\"og:image:width\" content=\"1280\" \/>\n\t<meta property=\"og:image:height\" content=\"853\" \/>\n\t<meta property=\"og:image:type\" content=\"image\/jpeg\" \/>\n<meta name=\"author\" content=\"Juan Jos\u00e9 Contreras Gonz\u00e1lez\" \/>\n<meta name=\"twitter:card\" content=\"summary_large_image\" \/>\n<meta name=\"twitter:label1\" content=\"Escrito por\" \/>\n\t<meta name=\"twitter:data1\" content=\"Juan Jos\u00e9 Contreras Gonz\u00e1lez\" \/>\n\t<meta name=\"twitter:label2\" content=\"Tiempo de lectura\" \/>\n\t<meta name=\"twitter:data2\" content=\"2 minutos\" \/>\n<script type=\"application\/ld+json\" class=\"yoast-schema-graph\">{\"@context\":\"https:\/\/schema.org\",\"@graph\":[{\"@type\":\"WebPage\",\"@id\":\"https:\/\/www.larazondexico.com.mx\/?p=1161\",\"url\":\"https:\/\/www.larazondexico.com.mx\/?p=1161\",\"name\":\"AGRADECE MARIELA LOPEZ SOSA, ACCIONES DE SOLIDARIDAD CON DANMINIFCADOS DE LA TORMENTA BARRY. - La Raz\u00f3n de Xico - Presencia Informativa en el estado\",\"isPartOf\":{\"@id\":\"https:\/\/www.larazondexico.com.mx\/#website\"},\"primaryImageOfPage\":{\"@id\":\"https:\/\/www.larazondexico.com.mx\/?p=1161#primaryimage\"},\"image\":{\"@id\":\"https:\/\/www.larazondexico.com.mx\/?p=1161#primaryimage\"},\"thumbnailUrl\":\"https:\/\/www.larazondexico.com.mx\/wp-content\/uploads\/2025\/07\/ALBERGUE.jpg\",\"datePublished\":\"2025-07-02T17:36:58+00:00\",\"dateModified\":\"2025-07-02T17:37:01+00:00\",\"author\":{\"@id\":\"https:\/\/www.larazondexico.com.mx\/#\/schema\/person\/b10ea8a31f9b2f34c2ec8835ba5d1318\"},\"breadcrumb\":{\"@id\":\"https:\/\/www.larazondexico.com.mx\/?p=1161#breadcrumb\"},\"inLanguage\":\"es\",\"potentialAction\":[{\"@type\":\"ReadAction\",\"target\":[\"https:\/\/www.larazondexico.com.mx\/?p=1161\"]}]},{\"@type\":\"ImageObject\",\"inLanguage\":\"es\",\"@id\":\"https:\/\/www.larazondexico.com.mx\/?p=1161#primaryimage\",\"url\":\"https:\/\/www.larazondexico.com.mx\/wp-content\/uploads\/2025\/07\/ALBERGUE.jpg\",\"contentUrl\":\"https:\/\/www.larazondexico.com.mx\/wp-content\/uploads\/2025\/07\/ALBERGUE.jpg\",\"width\":1280,\"height\":853},{\"@type\":\"BreadcrumbList\",\"@id\":\"https:\/\/www.larazondexico.com.mx\/?p=1161#breadcrumb\",\"itemListElement\":[{\"@type\":\"ListItem\",\"position\":1,\"name\":\"Portada\",\"item\":\"https:\/\/www.larazondexico.com.mx\/\"},{\"@type\":\"ListItem\",\"position\":2,\"name\":\"AGRADECE MARIELA LOPEZ SOSA, ACCIONES DE SOLIDARIDAD CON DANMINIFCADOS DE LA TORMENTA BARRY.\"}]},{\"@type\":\"WebSite\",\"@id\":\"https:\/\/www.larazondexico.com.mx\/#website\",\"url\":\"https:\/\/www.larazondexico.com.mx\/\",\"name\":\"La Raz\u00f3n de Xico - Presencia Informativa en el estado\",\"description\":\"\",\"potentialAction\":[{\"@type\":\"SearchAction\",\"target\":{\"@type\":\"EntryPoint\",\"urlTemplate\":\"https:\/\/www.larazondexico.com.mx\/?s={search_term_string}\"},\"query-input\":{\"@type\":\"PropertyValueSpecification\",\"valueRequired\":true,\"valueName\":\"search_term_string\"}}],\"inLanguage\":\"es\"},{\"@type\":\"Person\",\"@id\":\"https:\/\/www.larazondexico.com.mx\/#\/schema\/person\/b10ea8a31f9b2f34c2ec8835ba5d1318\",\"name\":\"Juan Jos\u00e9 Contreras Gonz\u00e1lez\",\"image\":{\"@type\":\"ImageObject\",\"inLanguage\":\"es\",\"@id\":\"https:\/\/www.larazondexico.com.mx\/#\/schema\/person\/image\/\",\"url\":\"https:\/\/secure.gravatar.com\/avatar\/2b2a34677c3407f25b56188b4c2ca478?s=96&d=mm&r=g\",\"contentUrl\":\"https:\/\/secure.gravatar.com\/avatar\/2b2a34677c3407f25b56188b4c2ca478?s=96&d=mm&r=g\",\"caption\":\"Juan Jos\u00e9 Contreras Gonz\u00e1lez\"},\"url\":\"https:\/\/www.larazondexico.com.mx\/?author=2\"}]}<\/script>\n<!-- \/ Yoast SEO plugin. -->","yoast_head_json":{"title":"AGRADECE MARIELA LOPEZ SOSA, ACCIONES DE SOLIDARIDAD CON DANMINIFCADOS DE LA TORMENTA BARRY. - La Raz\u00f3n de Xico - Presencia Informativa en el estado","robots":{"index":"index","follow":"follow","max-snippet":"max-snippet:-1","max-image-preview":"max-image-preview:large","max-video-preview":"max-video-preview:-1"},"canonical":"https:\/\/www.larazondexico.com.mx\/?p=1161","og_locale":"es_ES","og_type":"article","og_title":"AGRADECE MARIELA LOPEZ SOSA, ACCIONES DE SOLIDARIDAD CON DANMINIFCADOS DE LA TORMENTA BARRY. - La Raz\u00f3n de Xico - Presencia Informativa en el estado","og_description":"Cd. Xicot\u00e9ncatl, Tamaulipas.-(Escribe Juan Jos\u00e9 Contreras Gonz\u00e1lez),.La alcaldesa Mariela L\u00f3pez Sosa, manifest\u00f3 \u00abQuiero agradecer a todas las personas que han llevado art\u00edculos, comida y v\u00edveres a los albergues que tenemos en Xicot\u00e9ncatl\u00bb Explico que su .\u00bbSu apoyo ha sido fundamental para poder atender las necesidades b\u00e1sicas de quienes se encuentran en estos espacios\u00bb, de igual...","og_url":"https:\/\/www.larazondexico.com.mx\/?p=1161","og_site_name":"La Raz\u00f3n de Xico - Presencia Informativa en el estado","article_published_time":"2025-07-02T17:36:58+00:00","article_modified_time":"2025-07-02T17:37:01+00:00","og_image":[{"width":1280,"height":853,"url":"https:\/\/www.larazondexico.com.mx\/wp-content\/uploads\/2025\/07\/ALBERGUE.jpg","type":"image\/jpeg"}],"author":"Juan Jos\u00e9 Contreras Gonz\u00e1lez","twitter_card":"summary_large_image","twitter_misc":{"Escrito por":"Juan Jos\u00e9 Contreras Gonz\u00e1lez","Tiempo de lectura":"2 minutos"},"schema":{"@context":"https:\/\/schema.org","@graph":[{"@type":"WebPage","@id":"https:\/\/www.larazondexico.com.mx\/?p=1161","url":"https:\/\/www.larazondexico.com.mx\/?p=1161","name":"AGRADECE MARIELA LOPEZ SOSA, ACCIONES DE SOLIDARIDAD CON DANMINIFCADOS DE LA TORMENTA BARRY. - La Raz\u00f3n de Xico - Presencia Informativa en el estado","isPartOf":{"@id":"https:\/\/www.larazondexico.com.mx\/#website"},"primaryImageOfPage":{"@id":"https:\/\/www.larazondexico.com.mx\/?p=1161#primaryimage"},"image":{"@id":"https:\/\/www.larazondexico.com.mx\/?p=1161#primaryimage"},"thumbnailUrl":"https:\/\/www.larazondexico.com.mx\/wp-content\/uploads\/2025\/07\/ALBERGUE.jpg","datePublished":"2025-07-02T17:36:58+00:00","dateModified":"2025-07-02T17:37:01+00:00","author":{"@id":"https:\/\/www.larazondexico.com.mx\/#\/schema\/person\/b10ea8a31f9b2f34c2ec8835ba5d1318"},"breadcrumb":{"@id":"https:\/\/www.larazondexico.com.mx\/?p=1161#breadcrumb"},"inLanguage":"es","potentialAction":[{"@type":"ReadAction","target":["https:\/\/www.larazondexico.com.mx\/?p=1161"]}]},{"@type":"ImageObject","inLanguage":"es","@id":"https:\/\/www.larazondexico.com.mx\/?p=1161#primaryimage","url":"https:\/\/www.larazondexico.com.mx\/wp-content\/uploads\/2025\/07\/ALBERGUE.jpg","contentUrl":"https:\/\/www.larazondexico.com.mx\/wp-content\/uploads\/2025\/07\/ALBERGUE.jpg","width":1280,"height":853},{"@type":"BreadcrumbList","@id":"https:\/\/www.larazondexico.com.mx\/?p=1161#breadcrumb","itemListElement":[{"@type":"ListItem","position":1,"name":"Portada","item":"https:\/\/www.larazondexico.com.mx\/"},{"@type":"ListItem","position":2,"name":"AGRADECE MARIELA LOPEZ SOSA, ACCIONES DE SOLIDARIDAD CON DANMINIFCADOS DE LA TORMENTA BARRY."}]},{"@type":"WebSite","@id":"https:\/\/www.larazondexico.com.mx\/#website","url":"https:\/\/www.larazondexico.com.mx\/","name":"La Raz\u00f3n de Xico - Presencia Informativa en el estado","description":"","potentialAction":[{"@type":"SearchAction","target":{"@type":"EntryPoint","urlTemplate":"https:\/\/www.larazondexico.com.mx\/?s={search_term_string}"},"query-input":{"@type":"PropertyValueSpecification","valueRequired":true,"valueName":"search_term_string"}}],"inLanguage":"es"},{"@type":"Person","@id":"https:\/\/www.larazondexico.com.mx\/#\/schema\/person\/b10ea8a31f9b2f34c2ec8835ba5d1318","name":"Juan Jos\u00e9 Contreras Gonz\u00e1lez","image":{"@type":"ImageObject","inLanguage":"es","@id":"https:\/\/www.larazondexico.com.mx\/#\/schema\/person\/image\/","url":"https:\/\/secure.gravatar.com\/avatar\/2b2a34677c3407f25b56188b4c2ca478?s=96&d=mm&r=g","contentUrl":"https:\/\/secure.gravatar.com\/avatar\/2b2a34677c3407f25b56188b4c2ca478?s=96&d=mm&r=g","caption":"Juan Jos\u00e9 Contreras Gonz\u00e1lez"},"url":"https:\/\/www.larazondexico.com.mx\/?author=2"}]}},"_links":{"self":[{"href":"https:\/\/www.larazondexico.com.mx\/index.php?rest_route=\/wp\/v2\/posts\/1161","targetHints":{"allow":["GET"]}}],"collection":[{"href":"https:\/\/www.larazondexico.com.mx\/index.php?rest_route=\/wp\/v2\/posts"}],"about":[{"href":"https:\/\/www.larazondexico.com.mx\/index.php?rest_route=\/wp\/v2\/types\/post"}],"author":[{"embeddable":true,"href":"https:\/\/www.larazondexico.com.mx\/index.php?rest_route=\/wp\/v2\/users\/2"}],"replies":[{"embeddable":true,"href":"https:\/\/www.larazondexico.com.mx\/index.php?rest_route=%2Fwp%2Fv2%2Fcomments&post=1161"}],"version-history":[{"count":1,"href":"https:\/\/www.larazondexico.com.mx\/index.php?rest_route=\/wp\/v2\/posts\/1161\/revisions"}],"predecessor-version":[{"id":1163,"href":"https:\/\/www.larazondexico.com.mx\/index.php?rest_route=\/wp\/v2\/posts\/1161\/revisions\/1163"}],"wp:featuredmedia":[{"embeddable":true,"href":"https:\/\/www.larazondexico.com.mx\/index.php?rest_route=\/wp\/v2\/media\/1162"}],"wp:attachment":[{"href":"https:\/\/www.larazondexico.com.mx\/index.php?rest_route=%2Fwp%2Fv2%2Fmedia&parent=1161"}],"wp:term":[{"taxonomy":"category","embeddable":true,"href":"https:\/\/www.larazondexico.com.mx\/index.php?rest_route=%2Fwp%2Fv2%2Fcategories&post=1161"},{"taxonomy":"post_tag","embeddable":true,"href":"https:\/\/www.larazondexico.com.mx\/index.php?rest_route=%2Fwp%2Fv2%2Ftags&post=1161"}],"curies":[{"name":"wp","href":"https:\/\/api.w.org\/{rel}","templated":true}]}}