{"id":1147,"date":"2025-06-30T20:03:27","date_gmt":"2025-07-01T02:03:27","guid":{"rendered":"https:\/\/www.larazondexico.com.mx\/?p=1147"},"modified":"2025-06-30T20:03:30","modified_gmt":"2025-07-01T02:03:30","slug":"se-cierra-tramo-carretero-estacion-calles-el-conejo-por-desbordamiento-de-agua-en-xicotencatl","status":"publish","type":"post","link":"https:\/\/www.larazondexico.com.mx\/?p=1147","title":{"rendered":"Se cierra tramo carretero Estaci\u00f3n Calles \u2013 El Conejo por desbordamiento de agua en Xicot\u00e9ncatl"},"content":{"rendered":"\n<p>Xicot\u00e9ncatl, Tam.\u2014 Las intensas lluvias provocadas por la tormenta tropical Barry contin\u00faan generando afectaciones en la regi\u00f3n ca\u00f1era, particularmente en el municipio de Xicot\u00e9ncatl, donde el tramo carretero Estaci\u00f3n Calles \u2013 El Conejo, en la entrada principal al municipio, ha sido cerrado a la circu eslaci\u00f3n vehicular.<\/p>\n\n\n\n<p>De acuerdo con reportes de Protecci\u00f3n Civil Municipal, el agua ha comenzado a cruzar la carretera, lo que impide el paso seguro a los automovilistas que transitan por este sector. La corriente representa un alto riesgo, por lo que se hace un llamado urgente a evitar la zona y tomar precauciones.<\/p>\n\n\n\n<p>El Ayuntamiento de Xicot\u00e9ncatl, encabezado por la Presidenta Municipal Mariela L\u00f3pez Sosa, a trav\u00e9s de sus canales oficiales y en coordinaci\u00f3n con Protecci\u00f3n Civil, dio a conocer esta situaci\u00f3n para alertar a las familias y exhortar a la ciudadan\u00eda a no arriesgarse al intentar cruzar por este tramo.<\/p>\n\n\n\n<p>Personal de Protecci\u00f3n Civil se encuentra en constante monitoreo de la zona, evaluando los riesgos y brindando apoyo a quienes lo necesiten. Se recomienda a la poblaci\u00f3n mantenerse informada por medios oficiales y seguir las indicaciones de las autoridades competentes.<\/p>\n\n\n\n<p>Con estas acciones, el Gobierno Municipal reafirma su compromiso con la seguridad de la ciudadan\u00eda ante fen\u00f3menos naturales que afectan la regi\u00f3n.<\/p>\n\n\n\n<p><\/p>\n","protected":false},"excerpt":{"rendered":"<p>Xicot\u00e9ncatl, Tam.\u2014 Las intensas lluvias provocadas por la tormenta tropical Barry contin\u00faan generando afectaciones en la regi\u00f3n ca\u00f1era, particularmente en el municipio de Xicot\u00e9ncatl, donde el tramo carretero Estaci\u00f3n Calles \u2013 El Conejo, en la entrada principal al municipio, ha sido cerrado a la circu eslaci\u00f3n vehicular. De acuerdo con reportes de Protecci\u00f3n Civil Municipal,&#8230;<\/p>\n","protected":false},"author":2,"featured_media":1148,"comment_status":"closed","ping_status":"closed","sticky":false,"template":"","format":"standard","meta":{"footnotes":""},"categories":[6],"tags":[],"class_list":["post-1147","post","type-post","status-publish","format-standard","has-post-thumbnail","hentry","category-xico"],"yoast_head":"<!-- This site is optimized with the Yoast SEO plugin v25.6 - https:\/\/yoast.com\/wordpress\/plugins\/seo\/ -->\n<title>Se cierra tramo carretero Estaci\u00f3n Calles \u2013 El Conejo por desbordamiento de agua en Xicot\u00e9ncatl - La Raz\u00f3n de Xico - Presencia Informativa en el estado<\/title>\n<meta name=\"robots\" content=\"index, follow, max-snippet:-1, max-image-preview:large, max-video-preview:-1\" \/>\n<link rel=\"canonical\" href=\"https:\/\/www.larazondexico.com.mx\/?p=1147\" \/>\n<meta property=\"og:locale\" content=\"es_ES\" \/>\n<meta property=\"og:type\" content=\"article\" \/>\n<meta property=\"og:title\" content=\"Se cierra tramo carretero Estaci\u00f3n Calles \u2013 El Conejo por desbordamiento de agua en Xicot\u00e9ncatl - La Raz\u00f3n de Xico - Presencia Informativa en el estado\" \/>\n<meta property=\"og:description\" content=\"Xicot\u00e9ncatl, Tam.\u2014 Las intensas lluvias provocadas por la tormenta tropical Barry contin\u00faan generando afectaciones en la regi\u00f3n ca\u00f1era, particularmente en el municipio de Xicot\u00e9ncatl, donde el tramo carretero Estaci\u00f3n Calles \u2013 El Conejo, en la entrada principal al municipio, ha sido cerrado a la circu eslaci\u00f3n vehicular. De acuerdo con reportes de Protecci\u00f3n Civil Municipal,...\" \/>\n<meta property=\"og:url\" content=\"https:\/\/www.larazondexico.com.mx\/?p=1147\" \/>\n<meta property=\"og:site_name\" content=\"La Raz\u00f3n de Xico - Presencia Informativa en el estado\" \/>\n<meta property=\"article:published_time\" content=\"2025-07-01T02:03:27+00:00\" \/>\n<meta property=\"article:modified_time\" content=\"2025-07-01T02:03:30+00:00\" \/>\n<meta property=\"og:image\" content=\"https:\/\/www.larazondexico.com.mx\/wp-content\/uploads\/2025\/06\/IMG-20250630-WA0050.jpg\" \/>\n\t<meta property=\"og:image:width\" content=\"1080\" \/>\n\t<meta property=\"og:image:height\" content=\"1199\" \/>\n\t<meta property=\"og:image:type\" content=\"image\/jpeg\" \/>\n<meta name=\"author\" content=\"Juan Jos\u00e9 Contreras Gonz\u00e1lez\" \/>\n<meta name=\"twitter:card\" content=\"summary_large_image\" \/>\n<meta name=\"twitter:label1\" content=\"Escrito por\" \/>\n\t<meta name=\"twitter:data1\" content=\"Juan Jos\u00e9 Contreras Gonz\u00e1lez\" \/>\n\t<meta name=\"twitter:label2\" content=\"Tiempo de lectura\" \/>\n\t<meta name=\"twitter:data2\" content=\"2 minutos\" \/>\n<script type=\"application\/ld+json\" class=\"yoast-schema-graph\">{\"@context\":\"https:\/\/schema.org\",\"@graph\":[{\"@type\":\"WebPage\",\"@id\":\"https:\/\/www.larazondexico.com.mx\/?p=1147\",\"url\":\"https:\/\/www.larazondexico.com.mx\/?p=1147\",\"name\":\"Se cierra tramo carretero Estaci\u00f3n Calles \u2013 El Conejo por desbordamiento de agua en Xicot\u00e9ncatl - La Raz\u00f3n de Xico - Presencia Informativa en el estado\",\"isPartOf\":{\"@id\":\"https:\/\/www.larazondexico.com.mx\/#website\"},\"primaryImageOfPage\":{\"@id\":\"https:\/\/www.larazondexico.com.mx\/?p=1147#primaryimage\"},\"image\":{\"@id\":\"https:\/\/www.larazondexico.com.mx\/?p=1147#primaryimage\"},\"thumbnailUrl\":\"https:\/\/www.larazondexico.com.mx\/wp-content\/uploads\/2025\/06\/IMG-20250630-WA0050.jpg\",\"datePublished\":\"2025-07-01T02:03:27+00:00\",\"dateModified\":\"2025-07-01T02:03:30+00:00\",\"author\":{\"@id\":\"https:\/\/www.larazondexico.com.mx\/#\/schema\/person\/b10ea8a31f9b2f34c2ec8835ba5d1318\"},\"breadcrumb\":{\"@id\":\"https:\/\/www.larazondexico.com.mx\/?p=1147#breadcrumb\"},\"inLanguage\":\"es\",\"potentialAction\":[{\"@type\":\"ReadAction\",\"target\":[\"https:\/\/www.larazondexico.com.mx\/?p=1147\"]}]},{\"@type\":\"ImageObject\",\"inLanguage\":\"es\",\"@id\":\"https:\/\/www.larazondexico.com.mx\/?p=1147#primaryimage\",\"url\":\"https:\/\/www.larazondexico.com.mx\/wp-content\/uploads\/2025\/06\/IMG-20250630-WA0050.jpg\",\"contentUrl\":\"https:\/\/www.larazondexico.com.mx\/wp-content\/uploads\/2025\/06\/IMG-20250630-WA0050.jpg\",\"width\":1080,\"height\":1199},{\"@type\":\"BreadcrumbList\",\"@id\":\"https:\/\/www.larazondexico.com.mx\/?p=1147#breadcrumb\",\"itemListElement\":[{\"@type\":\"ListItem\",\"position\":1,\"name\":\"Portada\",\"item\":\"https:\/\/www.larazondexico.com.mx\/\"},{\"@type\":\"ListItem\",\"position\":2,\"name\":\"Se cierra tramo carretero Estaci\u00f3n Calles \u2013 El Conejo por desbordamiento de agua en Xicot\u00e9ncatl\"}]},{\"@type\":\"WebSite\",\"@id\":\"https:\/\/www.larazondexico.com.mx\/#website\",\"url\":\"https:\/\/www.larazondexico.com.mx\/\",\"name\":\"La Raz\u00f3n de Xico - Presencia Informativa en el estado\",\"description\":\"\",\"potentialAction\":[{\"@type\":\"SearchAction\",\"target\":{\"@type\":\"EntryPoint\",\"urlTemplate\":\"https:\/\/www.larazondexico.com.mx\/?s={search_term_string}\"},\"query-input\":{\"@type\":\"PropertyValueSpecification\",\"valueRequired\":true,\"valueName\":\"search_term_string\"}}],\"inLanguage\":\"es\"},{\"@type\":\"Person\",\"@id\":\"https:\/\/www.larazondexico.com.mx\/#\/schema\/person\/b10ea8a31f9b2f34c2ec8835ba5d1318\",\"name\":\"Juan Jos\u00e9 Contreras Gonz\u00e1lez\",\"image\":{\"@type\":\"ImageObject\",\"inLanguage\":\"es\",\"@id\":\"https:\/\/www.larazondexico.com.mx\/#\/schema\/person\/image\/\",\"url\":\"https:\/\/secure.gravatar.com\/avatar\/2b2a34677c3407f25b56188b4c2ca478?s=96&d=mm&r=g\",\"contentUrl\":\"https:\/\/secure.gravatar.com\/avatar\/2b2a34677c3407f25b56188b4c2ca478?s=96&d=mm&r=g\",\"caption\":\"Juan Jos\u00e9 Contreras Gonz\u00e1lez\"},\"url\":\"https:\/\/www.larazondexico.com.mx\/?author=2\"}]}<\/script>\n<!-- \/ Yoast SEO plugin. -->","yoast_head_json":{"title":"Se cierra tramo carretero Estaci\u00f3n Calles \u2013 El Conejo por desbordamiento de agua en Xicot\u00e9ncatl - La Raz\u00f3n de Xico - Presencia Informativa en el estado","robots":{"index":"index","follow":"follow","max-snippet":"max-snippet:-1","max-image-preview":"max-image-preview:large","max-video-preview":"max-video-preview:-1"},"canonical":"https:\/\/www.larazondexico.com.mx\/?p=1147","og_locale":"es_ES","og_type":"article","og_title":"Se cierra tramo carretero Estaci\u00f3n Calles \u2013 El Conejo por desbordamiento de agua en Xicot\u00e9ncatl - La Raz\u00f3n de Xico - Presencia Informativa en el estado","og_description":"Xicot\u00e9ncatl, Tam.\u2014 Las intensas lluvias provocadas por la tormenta tropical Barry contin\u00faan generando afectaciones en la regi\u00f3n ca\u00f1era, particularmente en el municipio de Xicot\u00e9ncatl, donde el tramo carretero Estaci\u00f3n Calles \u2013 El Conejo, en la entrada principal al municipio, ha sido cerrado a la circu eslaci\u00f3n vehicular. De acuerdo con reportes de Protecci\u00f3n Civil Municipal,...","og_url":"https:\/\/www.larazondexico.com.mx\/?p=1147","og_site_name":"La Raz\u00f3n de Xico - Presencia Informativa en el estado","article_published_time":"2025-07-01T02:03:27+00:00","article_modified_time":"2025-07-01T02:03:30+00:00","og_image":[{"width":1080,"height":1199,"url":"https:\/\/www.larazondexico.com.mx\/wp-content\/uploads\/2025\/06\/IMG-20250630-WA0050.jpg","type":"image\/jpeg"}],"author":"Juan Jos\u00e9 Contreras Gonz\u00e1lez","twitter_card":"summary_large_image","twitter_misc":{"Escrito por":"Juan Jos\u00e9 Contreras Gonz\u00e1lez","Tiempo de lectura":"2 minutos"},"schema":{"@context":"https:\/\/schema.org","@graph":[{"@type":"WebPage","@id":"https:\/\/www.larazondexico.com.mx\/?p=1147","url":"https:\/\/www.larazondexico.com.mx\/?p=1147","name":"Se cierra tramo carretero Estaci\u00f3n Calles \u2013 El Conejo por desbordamiento de agua en Xicot\u00e9ncatl - La Raz\u00f3n de Xico - Presencia Informativa en el estado","isPartOf":{"@id":"https:\/\/www.larazondexico.com.mx\/#website"},"primaryImageOfPage":{"@id":"https:\/\/www.larazondexico.com.mx\/?p=1147#primaryimage"},"image":{"@id":"https:\/\/www.larazondexico.com.mx\/?p=1147#primaryimage"},"thumbnailUrl":"https:\/\/www.larazondexico.com.mx\/wp-content\/uploads\/2025\/06\/IMG-20250630-WA0050.jpg","datePublished":"2025-07-01T02:03:27+00:00","dateModified":"2025-07-01T02:03:30+00:00","author":{"@id":"https:\/\/www.larazondexico.com.mx\/#\/schema\/person\/b10ea8a31f9b2f34c2ec8835ba5d1318"},"breadcrumb":{"@id":"https:\/\/www.larazondexico.com.mx\/?p=1147#breadcrumb"},"inLanguage":"es","potentialAction":[{"@type":"ReadAction","target":["https:\/\/www.larazondexico.com.mx\/?p=1147"]}]},{"@type":"ImageObject","inLanguage":"es","@id":"https:\/\/www.larazondexico.com.mx\/?p=1147#primaryimage","url":"https:\/\/www.larazondexico.com.mx\/wp-content\/uploads\/2025\/06\/IMG-20250630-WA0050.jpg","contentUrl":"https:\/\/www.larazondexico.com.mx\/wp-content\/uploads\/2025\/06\/IMG-20250630-WA0050.jpg","width":1080,"height":1199},{"@type":"BreadcrumbList","@id":"https:\/\/www.larazondexico.com.mx\/?p=1147#breadcrumb","itemListElement":[{"@type":"ListItem","position":1,"name":"Portada","item":"https:\/\/www.larazondexico.com.mx\/"},{"@type":"ListItem","position":2,"name":"Se cierra tramo carretero Estaci\u00f3n Calles \u2013 El Conejo por desbordamiento de agua en Xicot\u00e9ncatl"}]},{"@type":"WebSite","@id":"https:\/\/www.larazondexico.com.mx\/#website","url":"https:\/\/www.larazondexico.com.mx\/","name":"La Raz\u00f3n de Xico - Presencia Informativa en el estado","description":"","potentialAction":[{"@type":"SearchAction","target":{"@type":"EntryPoint","urlTemplate":"https:\/\/www.larazondexico.com.mx\/?s={search_term_string}"},"query-input":{"@type":"PropertyValueSpecification","valueRequired":true,"valueName":"search_term_string"}}],"inLanguage":"es"},{"@type":"Person","@id":"https:\/\/www.larazondexico.com.mx\/#\/schema\/person\/b10ea8a31f9b2f34c2ec8835ba5d1318","name":"Juan Jos\u00e9 Contreras Gonz\u00e1lez","image":{"@type":"ImageObject","inLanguage":"es","@id":"https:\/\/www.larazondexico.com.mx\/#\/schema\/person\/image\/","url":"https:\/\/secure.gravatar.com\/avatar\/2b2a34677c3407f25b56188b4c2ca478?s=96&d=mm&r=g","contentUrl":"https:\/\/secure.gravatar.com\/avatar\/2b2a34677c3407f25b56188b4c2ca478?s=96&d=mm&r=g","caption":"Juan Jos\u00e9 Contreras Gonz\u00e1lez"},"url":"https:\/\/www.larazondexico.com.mx\/?author=2"}]}},"_links":{"self":[{"href":"https:\/\/www.larazondexico.com.mx\/index.php?rest_route=\/wp\/v2\/posts\/1147","targetHints":{"allow":["GET"]}}],"collection":[{"href":"https:\/\/www.larazondexico.com.mx\/index.php?rest_route=\/wp\/v2\/posts"}],"about":[{"href":"https:\/\/www.larazondexico.com.mx\/index.php?rest_route=\/wp\/v2\/types\/post"}],"author":[{"embeddable":true,"href":"https:\/\/www.larazondexico.com.mx\/index.php?rest_route=\/wp\/v2\/users\/2"}],"replies":[{"embeddable":true,"href":"https:\/\/www.larazondexico.com.mx\/index.php?rest_route=%2Fwp%2Fv2%2Fcomments&post=1147"}],"version-history":[{"count":1,"href":"https:\/\/www.larazondexico.com.mx\/index.php?rest_route=\/wp\/v2\/posts\/1147\/revisions"}],"predecessor-version":[{"id":1149,"href":"https:\/\/www.larazondexico.com.mx\/index.php?rest_route=\/wp\/v2\/posts\/1147\/revisions\/1149"}],"wp:featuredmedia":[{"embeddable":true,"href":"https:\/\/www.larazondexico.com.mx\/index.php?rest_route=\/wp\/v2\/media\/1148"}],"wp:attachment":[{"href":"https:\/\/www.larazondexico.com.mx\/index.php?rest_route=%2Fwp%2Fv2%2Fmedia&parent=1147"}],"wp:term":[{"taxonomy":"category","embeddable":true,"href":"https:\/\/www.larazondexico.com.mx\/index.php?rest_route=%2Fwp%2Fv2%2Fcategories&post=1147"},{"taxonomy":"post_tag","embeddable":true,"href":"https:\/\/www.larazondexico.com.mx\/index.php?rest_route=%2Fwp%2Fv2%2Ftags&post=1147"}],"curies":[{"name":"wp","href":"https:\/\/api.w.org\/{rel}","templated":true}]}}