{"id":1129,"date":"2025-06-29T15:23:14","date_gmt":"2025-06-29T21:23:14","guid":{"rendered":"https:\/\/www.larazondexico.com.mx\/?p=1129"},"modified":"2025-06-29T15:23:16","modified_gmt":"2025-06-29T21:23:16","slug":"se-vive-la-gran-final-del-torneo-escolar-infantil-mariela-lopez-sosa-en-xicotencatl","status":"publish","type":"post","link":"https:\/\/www.larazondexico.com.mx\/?p=1129","title":{"rendered":"Se vive la gran final del Torneo Escolar Infantil \u201cMariela L\u00f3pez Sosa\u201d en Xicot\u00e9ncatl"},"content":{"rendered":"\n<p>Cd. Xicotencatl, Tamaulipas.-El Estadio \u201cOth\u00f3n N\u00fa\u00f1ez de C\u00e1zares\u201d fue sede de una vibrante jornada deportiva con la celebraci\u00f3n de la gran final del Torneo Escolar Infantil \u201cMariela L\u00f3pez Sosa\u201d, un evento que reuni\u00f3 a escuelas primarias del municipio en un ambiente lleno de entusiasmo, competencia y valores.<\/p>\n\n\n\n<p>Ni\u00f1as y ni\u00f1os demostraron su talento en la cancha, promoviendo la convivencia y el esp\u00edritu deportivo entre instituciones educativas, docentes, padres de familia y p\u00fablico en general.<\/p>\n\n\n\n<p>Resultados del torneo:<\/p>\n\n\n\n<p>Primer lugar: Escuela Primaria Justo Sierra (Turno Matutino) Segundo lugar: Escuela La Corregidora Tercer lugar: Primaria Narciso Mendoza, del Ejido Francisco Villa y  Cuarto lugar\u2026<\/p>\n\n\n\n<p>Adem\u00e1s, se otorgaron reconocimientos especiales a destacados jugadores del torneo:<\/p>\n\n\n\n<p>Campe\u00f3n goleador: Kevin Alexander Buenrostro L\u00f3pez, con 19 goles, representando a la escuela La Corregidora.<\/p>\n\n\n\n<p>Mejor portero: David Varela, de la primaria Justo Sierra.<\/p>\n\n\n\n<p>Mejor jugador del partido final: Neitan Aguirre, tambi\u00e9n de Justo Sierra.<\/p>\n\n\n\n<p>Uno de los momentos m\u00e1s emotivos fue la participaci\u00f3n de Iv\u00e1n, alumno con capacidades diferentes de la escuela primaria Expropiaci\u00f3n Petrolera, quien se integr\u00f3 al torneo dejando una importante lecci\u00f3n de inclusi\u00f3n, perseverancia y amor por el deporte.<\/p>\n\n\n\n<p>El evento cont\u00f3 con una nutrida asistencia y la colaboraci\u00f3n activa de autoridades educativas, personal docente, madres y padres de familia, quienes aplaudieron esta iniciativa que fomenta la pr\u00e1ctica deportiva desde la infancia.<\/p>\n\n\n\n<p>Con este tipo de actividades, el municipio de Xicot\u00e9ncatl refrenda su compromiso con la ni\u00f1ez, el deporte y la construcci\u00f3n de espacios de sana convivencia.<\/p>\n\n\n\n<p>UnGobiernoQueNosUne<\/p>\n","protected":false},"excerpt":{"rendered":"<p>Cd. Xicotencatl, Tamaulipas.-El Estadio \u201cOth\u00f3n N\u00fa\u00f1ez de C\u00e1zares\u201d fue sede de una vibrante jornada deportiva con la celebraci\u00f3n de la gran final del Torneo Escolar Infantil \u201cMariela L\u00f3pez Sosa\u201d, un evento que reuni\u00f3 a escuelas primarias del municipio en un ambiente lleno de entusiasmo, competencia y valores. Ni\u00f1as y ni\u00f1os demostraron su talento en la&#8230;<\/p>\n","protected":false},"author":2,"featured_media":1130,"comment_status":"closed","ping_status":"closed","sticky":false,"template":"","format":"standard","meta":{"footnotes":""},"categories":[6],"tags":[],"class_list":["post-1129","post","type-post","status-publish","format-standard","has-post-thumbnail","hentry","category-xico"],"yoast_head":"<!-- This site is optimized with the Yoast SEO plugin v25.6 - https:\/\/yoast.com\/wordpress\/plugins\/seo\/ -->\n<title>Se vive la gran final del Torneo Escolar Infantil \u201cMariela L\u00f3pez Sosa\u201d en Xicot\u00e9ncatl - La Raz\u00f3n de Xico - Presencia Informativa en el estado<\/title>\n<meta name=\"robots\" content=\"index, follow, max-snippet:-1, max-image-preview:large, max-video-preview:-1\" \/>\n<link rel=\"canonical\" href=\"https:\/\/www.larazondexico.com.mx\/?p=1129\" \/>\n<meta property=\"og:locale\" content=\"es_ES\" \/>\n<meta property=\"og:type\" content=\"article\" \/>\n<meta property=\"og:title\" content=\"Se vive la gran final del Torneo Escolar Infantil \u201cMariela L\u00f3pez Sosa\u201d en Xicot\u00e9ncatl - La Raz\u00f3n de Xico - Presencia Informativa en el estado\" \/>\n<meta property=\"og:description\" content=\"Cd. Xicotencatl, Tamaulipas.-El Estadio \u201cOth\u00f3n N\u00fa\u00f1ez de C\u00e1zares\u201d fue sede de una vibrante jornada deportiva con la celebraci\u00f3n de la gran final del Torneo Escolar Infantil \u201cMariela L\u00f3pez Sosa\u201d, un evento que reuni\u00f3 a escuelas primarias del municipio en un ambiente lleno de entusiasmo, competencia y valores. Ni\u00f1as y ni\u00f1os demostraron su talento en la...\" \/>\n<meta property=\"og:url\" content=\"https:\/\/www.larazondexico.com.mx\/?p=1129\" \/>\n<meta property=\"og:site_name\" content=\"La Raz\u00f3n de Xico - Presencia Informativa en el estado\" \/>\n<meta property=\"article:published_time\" content=\"2025-06-29T21:23:14+00:00\" \/>\n<meta property=\"article:modified_time\" content=\"2025-06-29T21:23:16+00:00\" \/>\n<meta property=\"og:image\" content=\"https:\/\/www.larazondexico.com.mx\/wp-content\/uploads\/2025\/06\/futbol1.jpeg\" \/>\n\t<meta property=\"og:image:width\" content=\"1620\" \/>\n\t<meta property=\"og:image:height\" content=\"1080\" \/>\n\t<meta property=\"og:image:type\" content=\"image\/jpeg\" \/>\n<meta name=\"author\" content=\"Juan Jos\u00e9 Contreras Gonz\u00e1lez\" \/>\n<meta name=\"twitter:card\" content=\"summary_large_image\" \/>\n<meta name=\"twitter:label1\" content=\"Escrito por\" \/>\n\t<meta name=\"twitter:data1\" content=\"Juan Jos\u00e9 Contreras Gonz\u00e1lez\" \/>\n\t<meta name=\"twitter:label2\" content=\"Tiempo de lectura\" \/>\n\t<meta name=\"twitter:data2\" content=\"2 minutos\" \/>\n<script type=\"application\/ld+json\" class=\"yoast-schema-graph\">{\"@context\":\"https:\/\/schema.org\",\"@graph\":[{\"@type\":\"WebPage\",\"@id\":\"https:\/\/www.larazondexico.com.mx\/?p=1129\",\"url\":\"https:\/\/www.larazondexico.com.mx\/?p=1129\",\"name\":\"Se vive la gran final del Torneo Escolar Infantil \u201cMariela L\u00f3pez Sosa\u201d en Xicot\u00e9ncatl - La Raz\u00f3n de Xico - Presencia Informativa en el estado\",\"isPartOf\":{\"@id\":\"https:\/\/www.larazondexico.com.mx\/#website\"},\"primaryImageOfPage\":{\"@id\":\"https:\/\/www.larazondexico.com.mx\/?p=1129#primaryimage\"},\"image\":{\"@id\":\"https:\/\/www.larazondexico.com.mx\/?p=1129#primaryimage\"},\"thumbnailUrl\":\"https:\/\/www.larazondexico.com.mx\/wp-content\/uploads\/2025\/06\/futbol1.jpeg\",\"datePublished\":\"2025-06-29T21:23:14+00:00\",\"dateModified\":\"2025-06-29T21:23:16+00:00\",\"author\":{\"@id\":\"https:\/\/www.larazondexico.com.mx\/#\/schema\/person\/b10ea8a31f9b2f34c2ec8835ba5d1318\"},\"breadcrumb\":{\"@id\":\"https:\/\/www.larazondexico.com.mx\/?p=1129#breadcrumb\"},\"inLanguage\":\"es\",\"potentialAction\":[{\"@type\":\"ReadAction\",\"target\":[\"https:\/\/www.larazondexico.com.mx\/?p=1129\"]}]},{\"@type\":\"ImageObject\",\"inLanguage\":\"es\",\"@id\":\"https:\/\/www.larazondexico.com.mx\/?p=1129#primaryimage\",\"url\":\"https:\/\/www.larazondexico.com.mx\/wp-content\/uploads\/2025\/06\/futbol1.jpeg\",\"contentUrl\":\"https:\/\/www.larazondexico.com.mx\/wp-content\/uploads\/2025\/06\/futbol1.jpeg\",\"width\":1620,\"height\":1080},{\"@type\":\"BreadcrumbList\",\"@id\":\"https:\/\/www.larazondexico.com.mx\/?p=1129#breadcrumb\",\"itemListElement\":[{\"@type\":\"ListItem\",\"position\":1,\"name\":\"Portada\",\"item\":\"https:\/\/www.larazondexico.com.mx\/\"},{\"@type\":\"ListItem\",\"position\":2,\"name\":\"Se vive la gran final del Torneo Escolar Infantil \u201cMariela L\u00f3pez Sosa\u201d en Xicot\u00e9ncatl\"}]},{\"@type\":\"WebSite\",\"@id\":\"https:\/\/www.larazondexico.com.mx\/#website\",\"url\":\"https:\/\/www.larazondexico.com.mx\/\",\"name\":\"La Raz\u00f3n de Xico - Presencia Informativa en el estado\",\"description\":\"\",\"potentialAction\":[{\"@type\":\"SearchAction\",\"target\":{\"@type\":\"EntryPoint\",\"urlTemplate\":\"https:\/\/www.larazondexico.com.mx\/?s={search_term_string}\"},\"query-input\":{\"@type\":\"PropertyValueSpecification\",\"valueRequired\":true,\"valueName\":\"search_term_string\"}}],\"inLanguage\":\"es\"},{\"@type\":\"Person\",\"@id\":\"https:\/\/www.larazondexico.com.mx\/#\/schema\/person\/b10ea8a31f9b2f34c2ec8835ba5d1318\",\"name\":\"Juan Jos\u00e9 Contreras Gonz\u00e1lez\",\"image\":{\"@type\":\"ImageObject\",\"inLanguage\":\"es\",\"@id\":\"https:\/\/www.larazondexico.com.mx\/#\/schema\/person\/image\/\",\"url\":\"https:\/\/secure.gravatar.com\/avatar\/2b2a34677c3407f25b56188b4c2ca478?s=96&d=mm&r=g\",\"contentUrl\":\"https:\/\/secure.gravatar.com\/avatar\/2b2a34677c3407f25b56188b4c2ca478?s=96&d=mm&r=g\",\"caption\":\"Juan Jos\u00e9 Contreras Gonz\u00e1lez\"},\"url\":\"https:\/\/www.larazondexico.com.mx\/?author=2\"}]}<\/script>\n<!-- \/ Yoast SEO plugin. -->","yoast_head_json":{"title":"Se vive la gran final del Torneo Escolar Infantil \u201cMariela L\u00f3pez Sosa\u201d en Xicot\u00e9ncatl - La Raz\u00f3n de Xico - Presencia Informativa en el estado","robots":{"index":"index","follow":"follow","max-snippet":"max-snippet:-1","max-image-preview":"max-image-preview:large","max-video-preview":"max-video-preview:-1"},"canonical":"https:\/\/www.larazondexico.com.mx\/?p=1129","og_locale":"es_ES","og_type":"article","og_title":"Se vive la gran final del Torneo Escolar Infantil \u201cMariela L\u00f3pez Sosa\u201d en Xicot\u00e9ncatl - La Raz\u00f3n de Xico - Presencia Informativa en el estado","og_description":"Cd. Xicotencatl, Tamaulipas.-El Estadio \u201cOth\u00f3n N\u00fa\u00f1ez de C\u00e1zares\u201d fue sede de una vibrante jornada deportiva con la celebraci\u00f3n de la gran final del Torneo Escolar Infantil \u201cMariela L\u00f3pez Sosa\u201d, un evento que reuni\u00f3 a escuelas primarias del municipio en un ambiente lleno de entusiasmo, competencia y valores. Ni\u00f1as y ni\u00f1os demostraron su talento en la...","og_url":"https:\/\/www.larazondexico.com.mx\/?p=1129","og_site_name":"La Raz\u00f3n de Xico - Presencia Informativa en el estado","article_published_time":"2025-06-29T21:23:14+00:00","article_modified_time":"2025-06-29T21:23:16+00:00","og_image":[{"width":1620,"height":1080,"url":"https:\/\/www.larazondexico.com.mx\/wp-content\/uploads\/2025\/06\/futbol1.jpeg","type":"image\/jpeg"}],"author":"Juan Jos\u00e9 Contreras Gonz\u00e1lez","twitter_card":"summary_large_image","twitter_misc":{"Escrito por":"Juan Jos\u00e9 Contreras Gonz\u00e1lez","Tiempo de lectura":"2 minutos"},"schema":{"@context":"https:\/\/schema.org","@graph":[{"@type":"WebPage","@id":"https:\/\/www.larazondexico.com.mx\/?p=1129","url":"https:\/\/www.larazondexico.com.mx\/?p=1129","name":"Se vive la gran final del Torneo Escolar Infantil \u201cMariela L\u00f3pez Sosa\u201d en Xicot\u00e9ncatl - La Raz\u00f3n de Xico - Presencia Informativa en el estado","isPartOf":{"@id":"https:\/\/www.larazondexico.com.mx\/#website"},"primaryImageOfPage":{"@id":"https:\/\/www.larazondexico.com.mx\/?p=1129#primaryimage"},"image":{"@id":"https:\/\/www.larazondexico.com.mx\/?p=1129#primaryimage"},"thumbnailUrl":"https:\/\/www.larazondexico.com.mx\/wp-content\/uploads\/2025\/06\/futbol1.jpeg","datePublished":"2025-06-29T21:23:14+00:00","dateModified":"2025-06-29T21:23:16+00:00","author":{"@id":"https:\/\/www.larazondexico.com.mx\/#\/schema\/person\/b10ea8a31f9b2f34c2ec8835ba5d1318"},"breadcrumb":{"@id":"https:\/\/www.larazondexico.com.mx\/?p=1129#breadcrumb"},"inLanguage":"es","potentialAction":[{"@type":"ReadAction","target":["https:\/\/www.larazondexico.com.mx\/?p=1129"]}]},{"@type":"ImageObject","inLanguage":"es","@id":"https:\/\/www.larazondexico.com.mx\/?p=1129#primaryimage","url":"https:\/\/www.larazondexico.com.mx\/wp-content\/uploads\/2025\/06\/futbol1.jpeg","contentUrl":"https:\/\/www.larazondexico.com.mx\/wp-content\/uploads\/2025\/06\/futbol1.jpeg","width":1620,"height":1080},{"@type":"BreadcrumbList","@id":"https:\/\/www.larazondexico.com.mx\/?p=1129#breadcrumb","itemListElement":[{"@type":"ListItem","position":1,"name":"Portada","item":"https:\/\/www.larazondexico.com.mx\/"},{"@type":"ListItem","position":2,"name":"Se vive la gran final del Torneo Escolar Infantil \u201cMariela L\u00f3pez Sosa\u201d en Xicot\u00e9ncatl"}]},{"@type":"WebSite","@id":"https:\/\/www.larazondexico.com.mx\/#website","url":"https:\/\/www.larazondexico.com.mx\/","name":"La Raz\u00f3n de Xico - Presencia Informativa en el estado","description":"","potentialAction":[{"@type":"SearchAction","target":{"@type":"EntryPoint","urlTemplate":"https:\/\/www.larazondexico.com.mx\/?s={search_term_string}"},"query-input":{"@type":"PropertyValueSpecification","valueRequired":true,"valueName":"search_term_string"}}],"inLanguage":"es"},{"@type":"Person","@id":"https:\/\/www.larazondexico.com.mx\/#\/schema\/person\/b10ea8a31f9b2f34c2ec8835ba5d1318","name":"Juan Jos\u00e9 Contreras Gonz\u00e1lez","image":{"@type":"ImageObject","inLanguage":"es","@id":"https:\/\/www.larazondexico.com.mx\/#\/schema\/person\/image\/","url":"https:\/\/secure.gravatar.com\/avatar\/2b2a34677c3407f25b56188b4c2ca478?s=96&d=mm&r=g","contentUrl":"https:\/\/secure.gravatar.com\/avatar\/2b2a34677c3407f25b56188b4c2ca478?s=96&d=mm&r=g","caption":"Juan Jos\u00e9 Contreras Gonz\u00e1lez"},"url":"https:\/\/www.larazondexico.com.mx\/?author=2"}]}},"_links":{"self":[{"href":"https:\/\/www.larazondexico.com.mx\/index.php?rest_route=\/wp\/v2\/posts\/1129","targetHints":{"allow":["GET"]}}],"collection":[{"href":"https:\/\/www.larazondexico.com.mx\/index.php?rest_route=\/wp\/v2\/posts"}],"about":[{"href":"https:\/\/www.larazondexico.com.mx\/index.php?rest_route=\/wp\/v2\/types\/post"}],"author":[{"embeddable":true,"href":"https:\/\/www.larazondexico.com.mx\/index.php?rest_route=\/wp\/v2\/users\/2"}],"replies":[{"embeddable":true,"href":"https:\/\/www.larazondexico.com.mx\/index.php?rest_route=%2Fwp%2Fv2%2Fcomments&post=1129"}],"version-history":[{"count":1,"href":"https:\/\/www.larazondexico.com.mx\/index.php?rest_route=\/wp\/v2\/posts\/1129\/revisions"}],"predecessor-version":[{"id":1131,"href":"https:\/\/www.larazondexico.com.mx\/index.php?rest_route=\/wp\/v2\/posts\/1129\/revisions\/1131"}],"wp:featuredmedia":[{"embeddable":true,"href":"https:\/\/www.larazondexico.com.mx\/index.php?rest_route=\/wp\/v2\/media\/1130"}],"wp:attachment":[{"href":"https:\/\/www.larazondexico.com.mx\/index.php?rest_route=%2Fwp%2Fv2%2Fmedia&parent=1129"}],"wp:term":[{"taxonomy":"category","embeddable":true,"href":"https:\/\/www.larazondexico.com.mx\/index.php?rest_route=%2Fwp%2Fv2%2Fcategories&post=1129"},{"taxonomy":"post_tag","embeddable":true,"href":"https:\/\/www.larazondexico.com.mx\/index.php?rest_route=%2Fwp%2Fv2%2Ftags&post=1129"}],"curies":[{"name":"wp","href":"https:\/\/api.w.org\/{rel}","templated":true}]}}