{"id":1109,"date":"2025-06-27T11:20:32","date_gmt":"2025-06-27T17:20:32","guid":{"rendered":"https:\/\/www.larazondexico.com.mx\/?p=1109"},"modified":"2025-06-27T11:22:08","modified_gmt":"2025-06-27T17:22:08","slug":"asiste-mariela-lopez-sosa-como-madrina-de-la-generacion-de-graduados-de-la-esc-prim-prof-zenin-araujo-en-xico","status":"publish","type":"post","link":"https:\/\/www.larazondexico.com.mx\/?p=1109","title":{"rendered":"ASISTE MARIELA LOPEZ SOSA, COMO MADRINA DE LA GENERACION DE GRADUADOS DE LA ESC. PRIM. PROF. ZENON ARAUJO. EN XICO"},"content":{"rendered":"\n<p>Cd. Xicot\u00e9ncatl, Tamaulipas.-(Escribe Juan Jos\u00e9 Contreras Gonz\u00e1lez).-La presidenta Mariela L\u00f3pez Sosa,  orgullosa madrina de la generaci\u00f3n 2019\u20132025 de la Escuela Primaria \u201cProfesor Zen\u00f3n Araujo\u201d, Recibiendo el reconocimiento a su labor y trayectoria pol\u00edtica, siendo una de las alcaldesa que mas ha brindado respaldo a la educaci\u00f3n en el municipio, y en especial a este centro educativo que el d\u00eda de ayer tuvo su graduaci\u00f3n escolar.<\/p>\n\n\n\n<p>Al acudir hasta el ejido Vicente Guerrero, Mariela L\u00f3pez Sosa, reconoci\u00f3 el merito de los padres de familia, quienes siempre han estado apoyando a las acciones educativas de los Maestros y director de esta importante escuela Profe. Zen\u00f3n  Araujo, y que hoy los resultados de ese trabajo armonioso, que siempre hacen cada d\u00eda los maestros, aqu\u00ed se ve reflejado, por ello mi reconocimiento a todos ustedes.<\/p>\n\n\n\n<p>Cabe destacar la coordinaci\u00f3n siempre educativa del director de esta instituci\u00f3n educativa, a quien la Presidente Municipal Mariela Lope Sosa, solicito el reconocimiento de todos los presentes, al Prof. Mart\u00edn Hern\u00e1ndez, reafirmando una vez m\u00e1s su firme compromiso con la educaci\u00f3n de las ni\u00f1as y ni\u00f1os de Xicot\u00e9ncatl.<\/p>\n\n\n\n<p>Con gran cari\u00f1o y responsabilidad, la presidenta municipal entreg\u00f3 mochilas y \u00fatiles escolares a cada uno de sus ahijados, un gesto que tambi\u00e9n ha replicado en otras instituciones donde ha sido madrina, siempre con el objetivo de apoyar el nuevo ciclo que inician sus ahijados.<\/p>\n\n\n\n<p>Culmino su discuso diciendo a todos  \u00a1Muchas felicidades a esta generaci\u00f3n que hoy cierra un ciclo y comienza uno nuevo lleno de retos y sue\u00f1os!<\/p>\n\n\n\n<p><\/p>\n\n\n\n<p><a href=\"https:\/\/www.facebook.com\/hashtag\/ungobiernoquenosune?__eep__=6&amp;__cft__[0]=AZXl3pwYksv6fm4oczsiUSaLOjZoLrVu8p-rheHRXNkC8QAUPjROsMC1oIcMXT5mv3SgnTh7dFVA-WEcVH0i19pC5TW-qC_Gf9oxfNNNJtpa1c6O1EsNMaV3QbvftLnHbXeLs55MccGupZtm45xeADFcFu5fzBSBS-Gv0dxy7EO-Dkn4TVOcvUAm_XhQDA6LsIsdJPVLQUHhnsyxWNidiG5qHI8_F4Z64yUkpXoHrmG7EA&amp;__tn__=*NK-R\">#UnGobiernoQueNosUne<\/a><\/p>\n","protected":false},"excerpt":{"rendered":"<p>Cd. Xicot\u00e9ncatl, Tamaulipas.-(Escribe Juan Jos\u00e9 Contreras Gonz\u00e1lez).-La presidenta Mariela L\u00f3pez Sosa, orgullosa madrina de la generaci\u00f3n 2019\u20132025 de la Escuela Primaria \u201cProfesor Zen\u00f3n Araujo\u201d, Recibiendo el reconocimiento a su labor y trayectoria pol\u00edtica, siendo una de las alcaldesa que mas ha brindado respaldo a la educaci\u00f3n en el municipio, y en especial a este centro&#8230;<\/p>\n","protected":false},"author":2,"featured_media":1110,"comment_status":"closed","ping_status":"closed","sticky":false,"template":"","format":"standard","meta":{"footnotes":""},"categories":[6],"tags":[],"class_list":["post-1109","post","type-post","status-publish","format-standard","has-post-thumbnail","hentry","category-xico"],"yoast_head":"<!-- This site is optimized with the Yoast SEO plugin v25.6 - https:\/\/yoast.com\/wordpress\/plugins\/seo\/ -->\n<title>ASISTE MARIELA LOPEZ SOSA, COMO MADRINA DE LA GENERACION DE GRADUADOS DE LA ESC. PRIM. PROF. ZENON ARAUJO. EN XICO - La Raz\u00f3n de Xico - Presencia Informativa en el estado<\/title>\n<meta name=\"robots\" content=\"index, follow, max-snippet:-1, max-image-preview:large, max-video-preview:-1\" \/>\n<link rel=\"canonical\" href=\"https:\/\/www.larazondexico.com.mx\/?p=1109\" \/>\n<meta property=\"og:locale\" content=\"es_ES\" \/>\n<meta property=\"og:type\" content=\"article\" \/>\n<meta property=\"og:title\" content=\"ASISTE MARIELA LOPEZ SOSA, COMO MADRINA DE LA GENERACION DE GRADUADOS DE LA ESC. PRIM. PROF. ZENON ARAUJO. EN XICO - La Raz\u00f3n de Xico - Presencia Informativa en el estado\" \/>\n<meta property=\"og:description\" content=\"Cd. Xicot\u00e9ncatl, Tamaulipas.-(Escribe Juan Jos\u00e9 Contreras Gonz\u00e1lez).-La presidenta Mariela L\u00f3pez Sosa, orgullosa madrina de la generaci\u00f3n 2019\u20132025 de la Escuela Primaria \u201cProfesor Zen\u00f3n Araujo\u201d, Recibiendo el reconocimiento a su labor y trayectoria pol\u00edtica, siendo una de las alcaldesa que mas ha brindado respaldo a la educaci\u00f3n en el municipio, y en especial a este centro...\" \/>\n<meta property=\"og:url\" content=\"https:\/\/www.larazondexico.com.mx\/?p=1109\" \/>\n<meta property=\"og:site_name\" content=\"La Raz\u00f3n de Xico - Presencia Informativa en el estado\" \/>\n<meta property=\"article:published_time\" content=\"2025-06-27T17:20:32+00:00\" \/>\n<meta property=\"article:modified_time\" content=\"2025-06-27T17:22:08+00:00\" \/>\n<meta property=\"og:image\" content=\"https:\/\/www.larazondexico.com.mx\/wp-content\/uploads\/2025\/06\/EN-EL-EJ.jpg\" \/>\n\t<meta property=\"og:image:width\" content=\"1997\" \/>\n\t<meta property=\"og:image:height\" content=\"1313\" \/>\n\t<meta property=\"og:image:type\" content=\"image\/jpeg\" \/>\n<meta name=\"author\" content=\"Juan Jos\u00e9 Contreras Gonz\u00e1lez\" \/>\n<meta name=\"twitter:card\" content=\"summary_large_image\" \/>\n<meta name=\"twitter:label1\" content=\"Escrito por\" \/>\n\t<meta name=\"twitter:data1\" content=\"Juan Jos\u00e9 Contreras Gonz\u00e1lez\" \/>\n\t<meta name=\"twitter:label2\" content=\"Tiempo de lectura\" \/>\n\t<meta name=\"twitter:data2\" content=\"2 minutos\" \/>\n<script type=\"application\/ld+json\" class=\"yoast-schema-graph\">{\"@context\":\"https:\/\/schema.org\",\"@graph\":[{\"@type\":\"WebPage\",\"@id\":\"https:\/\/www.larazondexico.com.mx\/?p=1109\",\"url\":\"https:\/\/www.larazondexico.com.mx\/?p=1109\",\"name\":\"ASISTE MARIELA LOPEZ SOSA, COMO MADRINA DE LA GENERACION DE GRADUADOS DE LA ESC. PRIM. PROF. ZENON ARAUJO. EN XICO - La Raz\u00f3n de Xico - Presencia Informativa en el estado\",\"isPartOf\":{\"@id\":\"https:\/\/www.larazondexico.com.mx\/#website\"},\"primaryImageOfPage\":{\"@id\":\"https:\/\/www.larazondexico.com.mx\/?p=1109#primaryimage\"},\"image\":{\"@id\":\"https:\/\/www.larazondexico.com.mx\/?p=1109#primaryimage\"},\"thumbnailUrl\":\"https:\/\/www.larazondexico.com.mx\/wp-content\/uploads\/2025\/06\/EN-EL-EJ.jpg\",\"datePublished\":\"2025-06-27T17:20:32+00:00\",\"dateModified\":\"2025-06-27T17:22:08+00:00\",\"author\":{\"@id\":\"https:\/\/www.larazondexico.com.mx\/#\/schema\/person\/b10ea8a31f9b2f34c2ec8835ba5d1318\"},\"breadcrumb\":{\"@id\":\"https:\/\/www.larazondexico.com.mx\/?p=1109#breadcrumb\"},\"inLanguage\":\"es\",\"potentialAction\":[{\"@type\":\"ReadAction\",\"target\":[\"https:\/\/www.larazondexico.com.mx\/?p=1109\"]}]},{\"@type\":\"ImageObject\",\"inLanguage\":\"es\",\"@id\":\"https:\/\/www.larazondexico.com.mx\/?p=1109#primaryimage\",\"url\":\"https:\/\/www.larazondexico.com.mx\/wp-content\/uploads\/2025\/06\/EN-EL-EJ.jpg\",\"contentUrl\":\"https:\/\/www.larazondexico.com.mx\/wp-content\/uploads\/2025\/06\/EN-EL-EJ.jpg\",\"width\":1997,\"height\":1313},{\"@type\":\"BreadcrumbList\",\"@id\":\"https:\/\/www.larazondexico.com.mx\/?p=1109#breadcrumb\",\"itemListElement\":[{\"@type\":\"ListItem\",\"position\":1,\"name\":\"Portada\",\"item\":\"https:\/\/www.larazondexico.com.mx\/\"},{\"@type\":\"ListItem\",\"position\":2,\"name\":\"ASISTE MARIELA LOPEZ SOSA, COMO MADRINA DE LA GENERACION DE GRADUADOS DE LA ESC. PRIM. PROF. ZENON ARAUJO. EN XICO\"}]},{\"@type\":\"WebSite\",\"@id\":\"https:\/\/www.larazondexico.com.mx\/#website\",\"url\":\"https:\/\/www.larazondexico.com.mx\/\",\"name\":\"La Raz\u00f3n de Xico - Presencia Informativa en el estado\",\"description\":\"\",\"potentialAction\":[{\"@type\":\"SearchAction\",\"target\":{\"@type\":\"EntryPoint\",\"urlTemplate\":\"https:\/\/www.larazondexico.com.mx\/?s={search_term_string}\"},\"query-input\":{\"@type\":\"PropertyValueSpecification\",\"valueRequired\":true,\"valueName\":\"search_term_string\"}}],\"inLanguage\":\"es\"},{\"@type\":\"Person\",\"@id\":\"https:\/\/www.larazondexico.com.mx\/#\/schema\/person\/b10ea8a31f9b2f34c2ec8835ba5d1318\",\"name\":\"Juan Jos\u00e9 Contreras Gonz\u00e1lez\",\"image\":{\"@type\":\"ImageObject\",\"inLanguage\":\"es\",\"@id\":\"https:\/\/www.larazondexico.com.mx\/#\/schema\/person\/image\/\",\"url\":\"https:\/\/secure.gravatar.com\/avatar\/2b2a34677c3407f25b56188b4c2ca478?s=96&d=mm&r=g\",\"contentUrl\":\"https:\/\/secure.gravatar.com\/avatar\/2b2a34677c3407f25b56188b4c2ca478?s=96&d=mm&r=g\",\"caption\":\"Juan Jos\u00e9 Contreras Gonz\u00e1lez\"},\"url\":\"https:\/\/www.larazondexico.com.mx\/?author=2\"}]}<\/script>\n<!-- \/ Yoast SEO plugin. -->","yoast_head_json":{"title":"ASISTE MARIELA LOPEZ SOSA, COMO MADRINA DE LA GENERACION DE GRADUADOS DE LA ESC. PRIM. PROF. ZENON ARAUJO. EN XICO - La Raz\u00f3n de Xico - Presencia Informativa en el estado","robots":{"index":"index","follow":"follow","max-snippet":"max-snippet:-1","max-image-preview":"max-image-preview:large","max-video-preview":"max-video-preview:-1"},"canonical":"https:\/\/www.larazondexico.com.mx\/?p=1109","og_locale":"es_ES","og_type":"article","og_title":"ASISTE MARIELA LOPEZ SOSA, COMO MADRINA DE LA GENERACION DE GRADUADOS DE LA ESC. PRIM. PROF. ZENON ARAUJO. EN XICO - La Raz\u00f3n de Xico - Presencia Informativa en el estado","og_description":"Cd. Xicot\u00e9ncatl, Tamaulipas.-(Escribe Juan Jos\u00e9 Contreras Gonz\u00e1lez).-La presidenta Mariela L\u00f3pez Sosa, orgullosa madrina de la generaci\u00f3n 2019\u20132025 de la Escuela Primaria \u201cProfesor Zen\u00f3n Araujo\u201d, Recibiendo el reconocimiento a su labor y trayectoria pol\u00edtica, siendo una de las alcaldesa que mas ha brindado respaldo a la educaci\u00f3n en el municipio, y en especial a este centro...","og_url":"https:\/\/www.larazondexico.com.mx\/?p=1109","og_site_name":"La Raz\u00f3n de Xico - Presencia Informativa en el estado","article_published_time":"2025-06-27T17:20:32+00:00","article_modified_time":"2025-06-27T17:22:08+00:00","og_image":[{"width":1997,"height":1313,"url":"https:\/\/www.larazondexico.com.mx\/wp-content\/uploads\/2025\/06\/EN-EL-EJ.jpg","type":"image\/jpeg"}],"author":"Juan Jos\u00e9 Contreras Gonz\u00e1lez","twitter_card":"summary_large_image","twitter_misc":{"Escrito por":"Juan Jos\u00e9 Contreras Gonz\u00e1lez","Tiempo de lectura":"2 minutos"},"schema":{"@context":"https:\/\/schema.org","@graph":[{"@type":"WebPage","@id":"https:\/\/www.larazondexico.com.mx\/?p=1109","url":"https:\/\/www.larazondexico.com.mx\/?p=1109","name":"ASISTE MARIELA LOPEZ SOSA, COMO MADRINA DE LA GENERACION DE GRADUADOS DE LA ESC. PRIM. PROF. ZENON ARAUJO. EN XICO - La Raz\u00f3n de Xico - Presencia Informativa en el estado","isPartOf":{"@id":"https:\/\/www.larazondexico.com.mx\/#website"},"primaryImageOfPage":{"@id":"https:\/\/www.larazondexico.com.mx\/?p=1109#primaryimage"},"image":{"@id":"https:\/\/www.larazondexico.com.mx\/?p=1109#primaryimage"},"thumbnailUrl":"https:\/\/www.larazondexico.com.mx\/wp-content\/uploads\/2025\/06\/EN-EL-EJ.jpg","datePublished":"2025-06-27T17:20:32+00:00","dateModified":"2025-06-27T17:22:08+00:00","author":{"@id":"https:\/\/www.larazondexico.com.mx\/#\/schema\/person\/b10ea8a31f9b2f34c2ec8835ba5d1318"},"breadcrumb":{"@id":"https:\/\/www.larazondexico.com.mx\/?p=1109#breadcrumb"},"inLanguage":"es","potentialAction":[{"@type":"ReadAction","target":["https:\/\/www.larazondexico.com.mx\/?p=1109"]}]},{"@type":"ImageObject","inLanguage":"es","@id":"https:\/\/www.larazondexico.com.mx\/?p=1109#primaryimage","url":"https:\/\/www.larazondexico.com.mx\/wp-content\/uploads\/2025\/06\/EN-EL-EJ.jpg","contentUrl":"https:\/\/www.larazondexico.com.mx\/wp-content\/uploads\/2025\/06\/EN-EL-EJ.jpg","width":1997,"height":1313},{"@type":"BreadcrumbList","@id":"https:\/\/www.larazondexico.com.mx\/?p=1109#breadcrumb","itemListElement":[{"@type":"ListItem","position":1,"name":"Portada","item":"https:\/\/www.larazondexico.com.mx\/"},{"@type":"ListItem","position":2,"name":"ASISTE MARIELA LOPEZ SOSA, COMO MADRINA DE LA GENERACION DE GRADUADOS DE LA ESC. PRIM. PROF. ZENON ARAUJO. EN XICO"}]},{"@type":"WebSite","@id":"https:\/\/www.larazondexico.com.mx\/#website","url":"https:\/\/www.larazondexico.com.mx\/","name":"La Raz\u00f3n de Xico - Presencia Informativa en el estado","description":"","potentialAction":[{"@type":"SearchAction","target":{"@type":"EntryPoint","urlTemplate":"https:\/\/www.larazondexico.com.mx\/?s={search_term_string}"},"query-input":{"@type":"PropertyValueSpecification","valueRequired":true,"valueName":"search_term_string"}}],"inLanguage":"es"},{"@type":"Person","@id":"https:\/\/www.larazondexico.com.mx\/#\/schema\/person\/b10ea8a31f9b2f34c2ec8835ba5d1318","name":"Juan Jos\u00e9 Contreras Gonz\u00e1lez","image":{"@type":"ImageObject","inLanguage":"es","@id":"https:\/\/www.larazondexico.com.mx\/#\/schema\/person\/image\/","url":"https:\/\/secure.gravatar.com\/avatar\/2b2a34677c3407f25b56188b4c2ca478?s=96&d=mm&r=g","contentUrl":"https:\/\/secure.gravatar.com\/avatar\/2b2a34677c3407f25b56188b4c2ca478?s=96&d=mm&r=g","caption":"Juan Jos\u00e9 Contreras Gonz\u00e1lez"},"url":"https:\/\/www.larazondexico.com.mx\/?author=2"}]}},"_links":{"self":[{"href":"https:\/\/www.larazondexico.com.mx\/index.php?rest_route=\/wp\/v2\/posts\/1109","targetHints":{"allow":["GET"]}}],"collection":[{"href":"https:\/\/www.larazondexico.com.mx\/index.php?rest_route=\/wp\/v2\/posts"}],"about":[{"href":"https:\/\/www.larazondexico.com.mx\/index.php?rest_route=\/wp\/v2\/types\/post"}],"author":[{"embeddable":true,"href":"https:\/\/www.larazondexico.com.mx\/index.php?rest_route=\/wp\/v2\/users\/2"}],"replies":[{"embeddable":true,"href":"https:\/\/www.larazondexico.com.mx\/index.php?rest_route=%2Fwp%2Fv2%2Fcomments&post=1109"}],"version-history":[{"count":2,"href":"https:\/\/www.larazondexico.com.mx\/index.php?rest_route=\/wp\/v2\/posts\/1109\/revisions"}],"predecessor-version":[{"id":1112,"href":"https:\/\/www.larazondexico.com.mx\/index.php?rest_route=\/wp\/v2\/posts\/1109\/revisions\/1112"}],"wp:featuredmedia":[{"embeddable":true,"href":"https:\/\/www.larazondexico.com.mx\/index.php?rest_route=\/wp\/v2\/media\/1110"}],"wp:attachment":[{"href":"https:\/\/www.larazondexico.com.mx\/index.php?rest_route=%2Fwp%2Fv2%2Fmedia&parent=1109"}],"wp:term":[{"taxonomy":"category","embeddable":true,"href":"https:\/\/www.larazondexico.com.mx\/index.php?rest_route=%2Fwp%2Fv2%2Fcategories&post=1109"},{"taxonomy":"post_tag","embeddable":true,"href":"https:\/\/www.larazondexico.com.mx\/index.php?rest_route=%2Fwp%2Fv2%2Ftags&post=1109"}],"curies":[{"name":"wp","href":"https:\/\/api.w.org\/{rel}","templated":true}]}}