{"id":1079,"date":"2025-06-23T19:46:47","date_gmt":"2025-06-24T01:46:47","guid":{"rendered":"https:\/\/www.larazondexico.com.mx\/?p=1079"},"modified":"2025-06-23T19:46:50","modified_gmt":"2025-06-24T01:46:50","slug":"concluye-vicente-verastegui-ostos-reuniones-de-informacion-canera-con-mucho-exito","status":"publish","type":"post","link":"https:\/\/www.larazondexico.com.mx\/?p=1079","title":{"rendered":"CONCLUYE VICENTE VERASTEGUI OSTOS, REUNIONES DE INFORMACION CA\u00d1ERA, CON MUCHO EXITO."},"content":{"rendered":"\n<p>Cd. Xicot\u00e9ncatl, Tamaulipas.-(Escribe Juan Jos\u00e9 Contreras Gonz\u00e1lez).-Al concluir su recorrido por la zona ca\u00f1era de Xicot\u00e9ncatl,  Tamaulipas, el actual Diputado Local y L\u00edder de la Uni\u00f3n Local de Productores de Ca\u00f1a de Az\u00facar, A.C.  Ing. Vicente Verastegui Ostos, reitero su compromiso por velar siempre por los inter\u00e9s de los Productores Ca\u00f1eros de la Region, buscando siempre el mejor precio del caber en la tonelada de Ca\u00f1a de Az\u00facar, mismo que hasta hoy se ha luchado con honradez y responsabilidad absoluta.<\/p>\n\n\n\n<p>Expreso que aunque los tiempos han sido dif\u00edciles, por la tremenda sequia, hoy parece que la suerte le cambia a los productores de Ca\u00f1a de Az\u00facar, con esta fuertes lluvias, que se presentan en la region, esto servir\u00e1 para avizorar una buena siembra posteriormente.<\/p>\n\n\n\n<p>Vicente Vicente Verastegui Ostos, afirmo \u00abEste lunes 23 de junio de 2025 concluimos con \u00e9xito nuestro recorrido por los ejidos programados, visitando a nuestros compa\u00f1eros ca\u00f1eros en Felipe Carrillo Puerto, Alianza Agraria, Benito Ju\u00e1rez (Sinaloa), La Gloria, Porvenir del Campesino, Emiliano Zapata, J. Guadalupe Rodr\u00edguez, Saucito, Nuevo Quintero y Peque\u00f1os Propietarios\u00bb.<\/p>\n\n\n\n<p>Asimismo confirm\u00f3 que \u00abDurante estas visitas compartimos la informaci\u00f3n correspondiente al cierre de la zafra 2024\/2025, cumpliendo as\u00ed con nuestro compromiso de mantener una comunicaci\u00f3n directa y transparente con todos ustedes.<\/p>\n","protected":false},"excerpt":{"rendered":"<p>Cd. Xicot\u00e9ncatl, Tamaulipas.-(Escribe Juan Jos\u00e9 Contreras Gonz\u00e1lez).-Al concluir su recorrido por la zona ca\u00f1era de Xicot\u00e9ncatl, Tamaulipas, el actual Diputado Local y L\u00edder de la Uni\u00f3n Local de Productores de Ca\u00f1a de Az\u00facar, A.C. Ing. Vicente Verastegui Ostos, reitero su compromiso por velar siempre por los inter\u00e9s de los Productores Ca\u00f1eros de la Region, buscando&#8230;<\/p>\n","protected":false},"author":2,"featured_media":1080,"comment_status":"closed","ping_status":"closed","sticky":false,"template":"","format":"standard","meta":{"footnotes":""},"categories":[6],"tags":[],"class_list":["post-1079","post","type-post","status-publish","format-standard","has-post-thumbnail","hentry","category-xico"],"yoast_head":"<!-- This site is optimized with the Yoast SEO plugin v25.6 - https:\/\/yoast.com\/wordpress\/plugins\/seo\/ -->\n<title>CONCLUYE VICENTE VERASTEGUI OSTOS, REUNIONES DE INFORMACION CA\u00d1ERA, CON MUCHO EXITO. - La Raz\u00f3n de Xico - Presencia Informativa en el estado<\/title>\n<meta name=\"robots\" content=\"index, follow, max-snippet:-1, max-image-preview:large, max-video-preview:-1\" \/>\n<link rel=\"canonical\" href=\"https:\/\/www.larazondexico.com.mx\/?p=1079\" \/>\n<meta property=\"og:locale\" content=\"es_ES\" \/>\n<meta property=\"og:type\" content=\"article\" \/>\n<meta property=\"og:title\" content=\"CONCLUYE VICENTE VERASTEGUI OSTOS, REUNIONES DE INFORMACION CA\u00d1ERA, CON MUCHO EXITO. - La Raz\u00f3n de Xico - Presencia Informativa en el estado\" \/>\n<meta property=\"og:description\" content=\"Cd. Xicot\u00e9ncatl, Tamaulipas.-(Escribe Juan Jos\u00e9 Contreras Gonz\u00e1lez).-Al concluir su recorrido por la zona ca\u00f1era de Xicot\u00e9ncatl, Tamaulipas, el actual Diputado Local y L\u00edder de la Uni\u00f3n Local de Productores de Ca\u00f1a de Az\u00facar, A.C. Ing. Vicente Verastegui Ostos, reitero su compromiso por velar siempre por los inter\u00e9s de los Productores Ca\u00f1eros de la Region, buscando...\" \/>\n<meta property=\"og:url\" content=\"https:\/\/www.larazondexico.com.mx\/?p=1079\" \/>\n<meta property=\"og:site_name\" content=\"La Raz\u00f3n de Xico - Presencia Informativa en el estado\" \/>\n<meta property=\"article:published_time\" content=\"2025-06-24T01:46:47+00:00\" \/>\n<meta property=\"article:modified_time\" content=\"2025-06-24T01:46:50+00:00\" \/>\n<meta property=\"og:image\" content=\"https:\/\/www.larazondexico.com.mx\/wp-content\/uploads\/2025\/06\/VICENTE.jpg\" \/>\n\t<meta property=\"og:image:width\" content=\"1600\" \/>\n\t<meta property=\"og:image:height\" content=\"1200\" \/>\n\t<meta property=\"og:image:type\" content=\"image\/jpeg\" \/>\n<meta name=\"author\" content=\"Juan Jos\u00e9 Contreras Gonz\u00e1lez\" \/>\n<meta name=\"twitter:card\" content=\"summary_large_image\" \/>\n<meta name=\"twitter:label1\" content=\"Escrito por\" \/>\n\t<meta name=\"twitter:data1\" content=\"Juan Jos\u00e9 Contreras Gonz\u00e1lez\" \/>\n\t<meta name=\"twitter:label2\" content=\"Tiempo de lectura\" \/>\n\t<meta name=\"twitter:data2\" content=\"2 minutos\" \/>\n<script type=\"application\/ld+json\" class=\"yoast-schema-graph\">{\"@context\":\"https:\/\/schema.org\",\"@graph\":[{\"@type\":\"WebPage\",\"@id\":\"https:\/\/www.larazondexico.com.mx\/?p=1079\",\"url\":\"https:\/\/www.larazondexico.com.mx\/?p=1079\",\"name\":\"CONCLUYE VICENTE VERASTEGUI OSTOS, REUNIONES DE INFORMACION CA\u00d1ERA, CON MUCHO EXITO. - La Raz\u00f3n de Xico - Presencia Informativa en el estado\",\"isPartOf\":{\"@id\":\"https:\/\/www.larazondexico.com.mx\/#website\"},\"primaryImageOfPage\":{\"@id\":\"https:\/\/www.larazondexico.com.mx\/?p=1079#primaryimage\"},\"image\":{\"@id\":\"https:\/\/www.larazondexico.com.mx\/?p=1079#primaryimage\"},\"thumbnailUrl\":\"https:\/\/www.larazondexico.com.mx\/wp-content\/uploads\/2025\/06\/VICENTE.jpg\",\"datePublished\":\"2025-06-24T01:46:47+00:00\",\"dateModified\":\"2025-06-24T01:46:50+00:00\",\"author\":{\"@id\":\"https:\/\/www.larazondexico.com.mx\/#\/schema\/person\/b10ea8a31f9b2f34c2ec8835ba5d1318\"},\"breadcrumb\":{\"@id\":\"https:\/\/www.larazondexico.com.mx\/?p=1079#breadcrumb\"},\"inLanguage\":\"es\",\"potentialAction\":[{\"@type\":\"ReadAction\",\"target\":[\"https:\/\/www.larazondexico.com.mx\/?p=1079\"]}]},{\"@type\":\"ImageObject\",\"inLanguage\":\"es\",\"@id\":\"https:\/\/www.larazondexico.com.mx\/?p=1079#primaryimage\",\"url\":\"https:\/\/www.larazondexico.com.mx\/wp-content\/uploads\/2025\/06\/VICENTE.jpg\",\"contentUrl\":\"https:\/\/www.larazondexico.com.mx\/wp-content\/uploads\/2025\/06\/VICENTE.jpg\",\"width\":1600,\"height\":1200},{\"@type\":\"BreadcrumbList\",\"@id\":\"https:\/\/www.larazondexico.com.mx\/?p=1079#breadcrumb\",\"itemListElement\":[{\"@type\":\"ListItem\",\"position\":1,\"name\":\"Portada\",\"item\":\"https:\/\/www.larazondexico.com.mx\/\"},{\"@type\":\"ListItem\",\"position\":2,\"name\":\"CONCLUYE VICENTE VERASTEGUI OSTOS, REUNIONES DE INFORMACION CA\u00d1ERA, CON MUCHO EXITO.\"}]},{\"@type\":\"WebSite\",\"@id\":\"https:\/\/www.larazondexico.com.mx\/#website\",\"url\":\"https:\/\/www.larazondexico.com.mx\/\",\"name\":\"La Raz\u00f3n de Xico - Presencia Informativa en el estado\",\"description\":\"\",\"potentialAction\":[{\"@type\":\"SearchAction\",\"target\":{\"@type\":\"EntryPoint\",\"urlTemplate\":\"https:\/\/www.larazondexico.com.mx\/?s={search_term_string}\"},\"query-input\":{\"@type\":\"PropertyValueSpecification\",\"valueRequired\":true,\"valueName\":\"search_term_string\"}}],\"inLanguage\":\"es\"},{\"@type\":\"Person\",\"@id\":\"https:\/\/www.larazondexico.com.mx\/#\/schema\/person\/b10ea8a31f9b2f34c2ec8835ba5d1318\",\"name\":\"Juan Jos\u00e9 Contreras Gonz\u00e1lez\",\"image\":{\"@type\":\"ImageObject\",\"inLanguage\":\"es\",\"@id\":\"https:\/\/www.larazondexico.com.mx\/#\/schema\/person\/image\/\",\"url\":\"https:\/\/secure.gravatar.com\/avatar\/2b2a34677c3407f25b56188b4c2ca478?s=96&d=mm&r=g\",\"contentUrl\":\"https:\/\/secure.gravatar.com\/avatar\/2b2a34677c3407f25b56188b4c2ca478?s=96&d=mm&r=g\",\"caption\":\"Juan Jos\u00e9 Contreras Gonz\u00e1lez\"},\"url\":\"https:\/\/www.larazondexico.com.mx\/?author=2\"}]}<\/script>\n<!-- \/ Yoast SEO plugin. -->","yoast_head_json":{"title":"CONCLUYE VICENTE VERASTEGUI OSTOS, REUNIONES DE INFORMACION CA\u00d1ERA, CON MUCHO EXITO. - La Raz\u00f3n de Xico - Presencia Informativa en el estado","robots":{"index":"index","follow":"follow","max-snippet":"max-snippet:-1","max-image-preview":"max-image-preview:large","max-video-preview":"max-video-preview:-1"},"canonical":"https:\/\/www.larazondexico.com.mx\/?p=1079","og_locale":"es_ES","og_type":"article","og_title":"CONCLUYE VICENTE VERASTEGUI OSTOS, REUNIONES DE INFORMACION CA\u00d1ERA, CON MUCHO EXITO. - La Raz\u00f3n de Xico - Presencia Informativa en el estado","og_description":"Cd. Xicot\u00e9ncatl, Tamaulipas.-(Escribe Juan Jos\u00e9 Contreras Gonz\u00e1lez).-Al concluir su recorrido por la zona ca\u00f1era de Xicot\u00e9ncatl, Tamaulipas, el actual Diputado Local y L\u00edder de la Uni\u00f3n Local de Productores de Ca\u00f1a de Az\u00facar, A.C. Ing. Vicente Verastegui Ostos, reitero su compromiso por velar siempre por los inter\u00e9s de los Productores Ca\u00f1eros de la Region, buscando...","og_url":"https:\/\/www.larazondexico.com.mx\/?p=1079","og_site_name":"La Raz\u00f3n de Xico - Presencia Informativa en el estado","article_published_time":"2025-06-24T01:46:47+00:00","article_modified_time":"2025-06-24T01:46:50+00:00","og_image":[{"width":1600,"height":1200,"url":"https:\/\/www.larazondexico.com.mx\/wp-content\/uploads\/2025\/06\/VICENTE.jpg","type":"image\/jpeg"}],"author":"Juan Jos\u00e9 Contreras Gonz\u00e1lez","twitter_card":"summary_large_image","twitter_misc":{"Escrito por":"Juan Jos\u00e9 Contreras Gonz\u00e1lez","Tiempo de lectura":"2 minutos"},"schema":{"@context":"https:\/\/schema.org","@graph":[{"@type":"WebPage","@id":"https:\/\/www.larazondexico.com.mx\/?p=1079","url":"https:\/\/www.larazondexico.com.mx\/?p=1079","name":"CONCLUYE VICENTE VERASTEGUI OSTOS, REUNIONES DE INFORMACION CA\u00d1ERA, CON MUCHO EXITO. - La Raz\u00f3n de Xico - Presencia Informativa en el estado","isPartOf":{"@id":"https:\/\/www.larazondexico.com.mx\/#website"},"primaryImageOfPage":{"@id":"https:\/\/www.larazondexico.com.mx\/?p=1079#primaryimage"},"image":{"@id":"https:\/\/www.larazondexico.com.mx\/?p=1079#primaryimage"},"thumbnailUrl":"https:\/\/www.larazondexico.com.mx\/wp-content\/uploads\/2025\/06\/VICENTE.jpg","datePublished":"2025-06-24T01:46:47+00:00","dateModified":"2025-06-24T01:46:50+00:00","author":{"@id":"https:\/\/www.larazondexico.com.mx\/#\/schema\/person\/b10ea8a31f9b2f34c2ec8835ba5d1318"},"breadcrumb":{"@id":"https:\/\/www.larazondexico.com.mx\/?p=1079#breadcrumb"},"inLanguage":"es","potentialAction":[{"@type":"ReadAction","target":["https:\/\/www.larazondexico.com.mx\/?p=1079"]}]},{"@type":"ImageObject","inLanguage":"es","@id":"https:\/\/www.larazondexico.com.mx\/?p=1079#primaryimage","url":"https:\/\/www.larazondexico.com.mx\/wp-content\/uploads\/2025\/06\/VICENTE.jpg","contentUrl":"https:\/\/www.larazondexico.com.mx\/wp-content\/uploads\/2025\/06\/VICENTE.jpg","width":1600,"height":1200},{"@type":"BreadcrumbList","@id":"https:\/\/www.larazondexico.com.mx\/?p=1079#breadcrumb","itemListElement":[{"@type":"ListItem","position":1,"name":"Portada","item":"https:\/\/www.larazondexico.com.mx\/"},{"@type":"ListItem","position":2,"name":"CONCLUYE VICENTE VERASTEGUI OSTOS, REUNIONES DE INFORMACION CA\u00d1ERA, CON MUCHO EXITO."}]},{"@type":"WebSite","@id":"https:\/\/www.larazondexico.com.mx\/#website","url":"https:\/\/www.larazondexico.com.mx\/","name":"La Raz\u00f3n de Xico - Presencia Informativa en el estado","description":"","potentialAction":[{"@type":"SearchAction","target":{"@type":"EntryPoint","urlTemplate":"https:\/\/www.larazondexico.com.mx\/?s={search_term_string}"},"query-input":{"@type":"PropertyValueSpecification","valueRequired":true,"valueName":"search_term_string"}}],"inLanguage":"es"},{"@type":"Person","@id":"https:\/\/www.larazondexico.com.mx\/#\/schema\/person\/b10ea8a31f9b2f34c2ec8835ba5d1318","name":"Juan Jos\u00e9 Contreras Gonz\u00e1lez","image":{"@type":"ImageObject","inLanguage":"es","@id":"https:\/\/www.larazondexico.com.mx\/#\/schema\/person\/image\/","url":"https:\/\/secure.gravatar.com\/avatar\/2b2a34677c3407f25b56188b4c2ca478?s=96&d=mm&r=g","contentUrl":"https:\/\/secure.gravatar.com\/avatar\/2b2a34677c3407f25b56188b4c2ca478?s=96&d=mm&r=g","caption":"Juan Jos\u00e9 Contreras Gonz\u00e1lez"},"url":"https:\/\/www.larazondexico.com.mx\/?author=2"}]}},"_links":{"self":[{"href":"https:\/\/www.larazondexico.com.mx\/index.php?rest_route=\/wp\/v2\/posts\/1079","targetHints":{"allow":["GET"]}}],"collection":[{"href":"https:\/\/www.larazondexico.com.mx\/index.php?rest_route=\/wp\/v2\/posts"}],"about":[{"href":"https:\/\/www.larazondexico.com.mx\/index.php?rest_route=\/wp\/v2\/types\/post"}],"author":[{"embeddable":true,"href":"https:\/\/www.larazondexico.com.mx\/index.php?rest_route=\/wp\/v2\/users\/2"}],"replies":[{"embeddable":true,"href":"https:\/\/www.larazondexico.com.mx\/index.php?rest_route=%2Fwp%2Fv2%2Fcomments&post=1079"}],"version-history":[{"count":1,"href":"https:\/\/www.larazondexico.com.mx\/index.php?rest_route=\/wp\/v2\/posts\/1079\/revisions"}],"predecessor-version":[{"id":1081,"href":"https:\/\/www.larazondexico.com.mx\/index.php?rest_route=\/wp\/v2\/posts\/1079\/revisions\/1081"}],"wp:featuredmedia":[{"embeddable":true,"href":"https:\/\/www.larazondexico.com.mx\/index.php?rest_route=\/wp\/v2\/media\/1080"}],"wp:attachment":[{"href":"https:\/\/www.larazondexico.com.mx\/index.php?rest_route=%2Fwp%2Fv2%2Fmedia&parent=1079"}],"wp:term":[{"taxonomy":"category","embeddable":true,"href":"https:\/\/www.larazondexico.com.mx\/index.php?rest_route=%2Fwp%2Fv2%2Fcategories&post=1079"},{"taxonomy":"post_tag","embeddable":true,"href":"https:\/\/www.larazondexico.com.mx\/index.php?rest_route=%2Fwp%2Fv2%2Ftags&post=1079"}],"curies":[{"name":"wp","href":"https:\/\/api.w.org\/{rel}","templated":true}]}}