{"id":1073,"date":"2025-06-23T18:08:36","date_gmt":"2025-06-24T00:08:36","guid":{"rendered":"https:\/\/www.larazondexico.com.mx\/?p=1073"},"modified":"2025-06-23T18:08:40","modified_gmt":"2025-06-24T00:08:40","slug":"mariela-lopez-sosa-apadrina-generacion-2022-2025-de-la-telesecundaria-profr-raul-acosta-saldivar-en-el-ejido-zapata","status":"publish","type":"post","link":"https:\/\/www.larazondexico.com.mx\/?p=1073","title":{"rendered":"Mariela L\u00f3pez Sosa apadrina generaci\u00f3n 2022\u20132025 de la Telesecundaria \u201cProfr. Ra\u00fal Acosta Sald\u00edvar\u201d en el Ejido Zapata"},"content":{"rendered":"\n<p>Ejido Zapata, Xicot\u00e9ncatl, Tam.- En una emotiva ceremonia de graduaci\u00f3n, la presidenta municipal de Xicot\u00e9ncatl, Lic. Mariela L\u00f3pez Sosa, fungi\u00f3 como madrina de la generaci\u00f3n 2022\u20132025 de la Escuela Telesecundaria \u201cProfr. Ra\u00fal Acosta Sald\u00edvar\u201d, ubicada en el Ejido Zapata.<\/p>\n\n\n\n<p>Durante el evento, la alcaldesa hizo entrega de mochilas y \u00fatiles escolares a los cuatro alumnos graduados: Jacqueline Ju\u00e1rez L\u00f3pez, Luis Juli\u00e1n Mac\u00edas Guerrero, Christopher Mart\u00ednez P\u00e9rez y Alan Efra\u00edn Pineda Arroyo, a quienes tambi\u00e9n les expres\u00f3 su respaldo al comprometerse a cubrir su inscripci\u00f3n al nivel medio superior, como un est\u00edmulo para que contin\u00faen su formaci\u00f3n acad\u00e9mica.<\/p>\n\n\n\n<p>Como parte del acto protocolario, la presidenta municipal recibi\u00f3 un reconocimiento por parte del director del plantel, Profr. Eduardo Fausto Cavazos Valle, quien agradeci\u00f3 el compromiso y cercan\u00eda que la alcaldesa ha mostrado con la comunidad educativa del Ejido Zapata.<\/p>\n\n\n\n<p>\u201cEs un honor ser parte de este momento tan importante para ustedes y sus familias. La educaci\u00f3n siempre ser\u00e1 una prioridad en nuestro gobierno\u201d, expres\u00f3 Mariela L\u00f3pez Sosa durante su mensaje a los asistentes.<\/p>\n\n\n\n<p>El evento concluy\u00f3 con la alegr\u00eda de los alumnos, docentes y padres de familia, quienes celebraron este paso significativo en la vida escolar de los j\u00f3venes egresados.<\/p>\n\n\n\n<p>Con acciones como esta, el Gobierno Municipal de Xicot\u00e9ncatl reafirma su compromiso con el desarrollo educativo en cada rinc\u00f3n del municipio.<\/p>\n\n\n\n<h1 class=\"wp-block-heading\">UnGobiernoQueNosUne<\/h1>\n","protected":false},"excerpt":{"rendered":"<p>Ejido Zapata, Xicot\u00e9ncatl, Tam.- En una emotiva ceremonia de graduaci\u00f3n, la presidenta municipal de Xicot\u00e9ncatl, Lic. Mariela L\u00f3pez Sosa, fungi\u00f3 como madrina de la generaci\u00f3n 2022\u20132025 de la Escuela Telesecundaria \u201cProfr. Ra\u00fal Acosta Sald\u00edvar\u201d, ubicada en el Ejido Zapata. Durante el evento, la alcaldesa hizo entrega de mochilas y \u00fatiles escolares a los cuatro alumnos&#8230;<\/p>\n","protected":false},"author":2,"featured_media":1074,"comment_status":"closed","ping_status":"closed","sticky":false,"template":"","format":"standard","meta":{"footnotes":""},"categories":[6],"tags":[],"class_list":["post-1073","post","type-post","status-publish","format-standard","has-post-thumbnail","hentry","category-xico"],"yoast_head":"<!-- This site is optimized with the Yoast SEO plugin v25.6 - https:\/\/yoast.com\/wordpress\/plugins\/seo\/ -->\n<title>Mariela L\u00f3pez Sosa apadrina generaci\u00f3n 2022\u20132025 de la Telesecundaria \u201cProfr. Ra\u00fal Acosta Sald\u00edvar\u201d en el Ejido Zapata - La Raz\u00f3n de Xico - Presencia Informativa en el estado<\/title>\n<meta name=\"robots\" content=\"index, follow, max-snippet:-1, max-image-preview:large, max-video-preview:-1\" \/>\n<link rel=\"canonical\" href=\"https:\/\/www.larazondexico.com.mx\/?p=1073\" \/>\n<meta property=\"og:locale\" content=\"es_ES\" \/>\n<meta property=\"og:type\" content=\"article\" \/>\n<meta property=\"og:title\" content=\"Mariela L\u00f3pez Sosa apadrina generaci\u00f3n 2022\u20132025 de la Telesecundaria \u201cProfr. Ra\u00fal Acosta Sald\u00edvar\u201d en el Ejido Zapata - La Raz\u00f3n de Xico - Presencia Informativa en el estado\" \/>\n<meta property=\"og:description\" content=\"Ejido Zapata, Xicot\u00e9ncatl, Tam.- En una emotiva ceremonia de graduaci\u00f3n, la presidenta municipal de Xicot\u00e9ncatl, Lic. Mariela L\u00f3pez Sosa, fungi\u00f3 como madrina de la generaci\u00f3n 2022\u20132025 de la Escuela Telesecundaria \u201cProfr. Ra\u00fal Acosta Sald\u00edvar\u201d, ubicada en el Ejido Zapata. Durante el evento, la alcaldesa hizo entrega de mochilas y \u00fatiles escolares a los cuatro alumnos...\" \/>\n<meta property=\"og:url\" content=\"https:\/\/www.larazondexico.com.mx\/?p=1073\" \/>\n<meta property=\"og:site_name\" content=\"La Raz\u00f3n de Xico - Presencia Informativa en el estado\" \/>\n<meta property=\"article:published_time\" content=\"2025-06-24T00:08:36+00:00\" \/>\n<meta property=\"article:modified_time\" content=\"2025-06-24T00:08:40+00:00\" \/>\n<meta property=\"og:image\" content=\"https:\/\/www.larazondexico.com.mx\/wp-content\/uploads\/2025\/06\/secundaria.jpeg\" \/>\n\t<meta property=\"og:image:width\" content=\"1280\" \/>\n\t<meta property=\"og:image:height\" content=\"853\" \/>\n\t<meta property=\"og:image:type\" content=\"image\/jpeg\" \/>\n<meta name=\"author\" content=\"Juan Jos\u00e9 Contreras Gonz\u00e1lez\" \/>\n<meta name=\"twitter:card\" content=\"summary_large_image\" \/>\n<meta name=\"twitter:label1\" content=\"Escrito por\" \/>\n\t<meta name=\"twitter:data1\" content=\"Juan Jos\u00e9 Contreras Gonz\u00e1lez\" \/>\n\t<meta name=\"twitter:label2\" content=\"Tiempo de lectura\" \/>\n\t<meta name=\"twitter:data2\" content=\"2 minutos\" \/>\n<script type=\"application\/ld+json\" class=\"yoast-schema-graph\">{\"@context\":\"https:\/\/schema.org\",\"@graph\":[{\"@type\":\"WebPage\",\"@id\":\"https:\/\/www.larazondexico.com.mx\/?p=1073\",\"url\":\"https:\/\/www.larazondexico.com.mx\/?p=1073\",\"name\":\"Mariela L\u00f3pez Sosa apadrina generaci\u00f3n 2022\u20132025 de la Telesecundaria \u201cProfr. Ra\u00fal Acosta Sald\u00edvar\u201d en el Ejido Zapata - La Raz\u00f3n de Xico - Presencia Informativa en el estado\",\"isPartOf\":{\"@id\":\"https:\/\/www.larazondexico.com.mx\/#website\"},\"primaryImageOfPage\":{\"@id\":\"https:\/\/www.larazondexico.com.mx\/?p=1073#primaryimage\"},\"image\":{\"@id\":\"https:\/\/www.larazondexico.com.mx\/?p=1073#primaryimage\"},\"thumbnailUrl\":\"https:\/\/www.larazondexico.com.mx\/wp-content\/uploads\/2025\/06\/secundaria.jpeg\",\"datePublished\":\"2025-06-24T00:08:36+00:00\",\"dateModified\":\"2025-06-24T00:08:40+00:00\",\"author\":{\"@id\":\"https:\/\/www.larazondexico.com.mx\/#\/schema\/person\/b10ea8a31f9b2f34c2ec8835ba5d1318\"},\"breadcrumb\":{\"@id\":\"https:\/\/www.larazondexico.com.mx\/?p=1073#breadcrumb\"},\"inLanguage\":\"es\",\"potentialAction\":[{\"@type\":\"ReadAction\",\"target\":[\"https:\/\/www.larazondexico.com.mx\/?p=1073\"]}]},{\"@type\":\"ImageObject\",\"inLanguage\":\"es\",\"@id\":\"https:\/\/www.larazondexico.com.mx\/?p=1073#primaryimage\",\"url\":\"https:\/\/www.larazondexico.com.mx\/wp-content\/uploads\/2025\/06\/secundaria.jpeg\",\"contentUrl\":\"https:\/\/www.larazondexico.com.mx\/wp-content\/uploads\/2025\/06\/secundaria.jpeg\",\"width\":1280,\"height\":853},{\"@type\":\"BreadcrumbList\",\"@id\":\"https:\/\/www.larazondexico.com.mx\/?p=1073#breadcrumb\",\"itemListElement\":[{\"@type\":\"ListItem\",\"position\":1,\"name\":\"Portada\",\"item\":\"https:\/\/www.larazondexico.com.mx\/\"},{\"@type\":\"ListItem\",\"position\":2,\"name\":\"Mariela L\u00f3pez Sosa apadrina generaci\u00f3n 2022\u20132025 de la Telesecundaria \u201cProfr. Ra\u00fal Acosta Sald\u00edvar\u201d en el Ejido Zapata\"}]},{\"@type\":\"WebSite\",\"@id\":\"https:\/\/www.larazondexico.com.mx\/#website\",\"url\":\"https:\/\/www.larazondexico.com.mx\/\",\"name\":\"La Raz\u00f3n de Xico - Presencia Informativa en el estado\",\"description\":\"\",\"potentialAction\":[{\"@type\":\"SearchAction\",\"target\":{\"@type\":\"EntryPoint\",\"urlTemplate\":\"https:\/\/www.larazondexico.com.mx\/?s={search_term_string}\"},\"query-input\":{\"@type\":\"PropertyValueSpecification\",\"valueRequired\":true,\"valueName\":\"search_term_string\"}}],\"inLanguage\":\"es\"},{\"@type\":\"Person\",\"@id\":\"https:\/\/www.larazondexico.com.mx\/#\/schema\/person\/b10ea8a31f9b2f34c2ec8835ba5d1318\",\"name\":\"Juan Jos\u00e9 Contreras Gonz\u00e1lez\",\"image\":{\"@type\":\"ImageObject\",\"inLanguage\":\"es\",\"@id\":\"https:\/\/www.larazondexico.com.mx\/#\/schema\/person\/image\/\",\"url\":\"https:\/\/secure.gravatar.com\/avatar\/2b2a34677c3407f25b56188b4c2ca478?s=96&d=mm&r=g\",\"contentUrl\":\"https:\/\/secure.gravatar.com\/avatar\/2b2a34677c3407f25b56188b4c2ca478?s=96&d=mm&r=g\",\"caption\":\"Juan Jos\u00e9 Contreras Gonz\u00e1lez\"},\"url\":\"https:\/\/www.larazondexico.com.mx\/?author=2\"}]}<\/script>\n<!-- \/ Yoast SEO plugin. -->","yoast_head_json":{"title":"Mariela L\u00f3pez Sosa apadrina generaci\u00f3n 2022\u20132025 de la Telesecundaria \u201cProfr. Ra\u00fal Acosta Sald\u00edvar\u201d en el Ejido Zapata - La Raz\u00f3n de Xico - Presencia Informativa en el estado","robots":{"index":"index","follow":"follow","max-snippet":"max-snippet:-1","max-image-preview":"max-image-preview:large","max-video-preview":"max-video-preview:-1"},"canonical":"https:\/\/www.larazondexico.com.mx\/?p=1073","og_locale":"es_ES","og_type":"article","og_title":"Mariela L\u00f3pez Sosa apadrina generaci\u00f3n 2022\u20132025 de la Telesecundaria \u201cProfr. Ra\u00fal Acosta Sald\u00edvar\u201d en el Ejido Zapata - La Raz\u00f3n de Xico - Presencia Informativa en el estado","og_description":"Ejido Zapata, Xicot\u00e9ncatl, Tam.- En una emotiva ceremonia de graduaci\u00f3n, la presidenta municipal de Xicot\u00e9ncatl, Lic. Mariela L\u00f3pez Sosa, fungi\u00f3 como madrina de la generaci\u00f3n 2022\u20132025 de la Escuela Telesecundaria \u201cProfr. Ra\u00fal Acosta Sald\u00edvar\u201d, ubicada en el Ejido Zapata. Durante el evento, la alcaldesa hizo entrega de mochilas y \u00fatiles escolares a los cuatro alumnos...","og_url":"https:\/\/www.larazondexico.com.mx\/?p=1073","og_site_name":"La Raz\u00f3n de Xico - Presencia Informativa en el estado","article_published_time":"2025-06-24T00:08:36+00:00","article_modified_time":"2025-06-24T00:08:40+00:00","og_image":[{"width":1280,"height":853,"url":"https:\/\/www.larazondexico.com.mx\/wp-content\/uploads\/2025\/06\/secundaria.jpeg","type":"image\/jpeg"}],"author":"Juan Jos\u00e9 Contreras Gonz\u00e1lez","twitter_card":"summary_large_image","twitter_misc":{"Escrito por":"Juan Jos\u00e9 Contreras Gonz\u00e1lez","Tiempo de lectura":"2 minutos"},"schema":{"@context":"https:\/\/schema.org","@graph":[{"@type":"WebPage","@id":"https:\/\/www.larazondexico.com.mx\/?p=1073","url":"https:\/\/www.larazondexico.com.mx\/?p=1073","name":"Mariela L\u00f3pez Sosa apadrina generaci\u00f3n 2022\u20132025 de la Telesecundaria \u201cProfr. Ra\u00fal Acosta Sald\u00edvar\u201d en el Ejido Zapata - La Raz\u00f3n de Xico - Presencia Informativa en el estado","isPartOf":{"@id":"https:\/\/www.larazondexico.com.mx\/#website"},"primaryImageOfPage":{"@id":"https:\/\/www.larazondexico.com.mx\/?p=1073#primaryimage"},"image":{"@id":"https:\/\/www.larazondexico.com.mx\/?p=1073#primaryimage"},"thumbnailUrl":"https:\/\/www.larazondexico.com.mx\/wp-content\/uploads\/2025\/06\/secundaria.jpeg","datePublished":"2025-06-24T00:08:36+00:00","dateModified":"2025-06-24T00:08:40+00:00","author":{"@id":"https:\/\/www.larazondexico.com.mx\/#\/schema\/person\/b10ea8a31f9b2f34c2ec8835ba5d1318"},"breadcrumb":{"@id":"https:\/\/www.larazondexico.com.mx\/?p=1073#breadcrumb"},"inLanguage":"es","potentialAction":[{"@type":"ReadAction","target":["https:\/\/www.larazondexico.com.mx\/?p=1073"]}]},{"@type":"ImageObject","inLanguage":"es","@id":"https:\/\/www.larazondexico.com.mx\/?p=1073#primaryimage","url":"https:\/\/www.larazondexico.com.mx\/wp-content\/uploads\/2025\/06\/secundaria.jpeg","contentUrl":"https:\/\/www.larazondexico.com.mx\/wp-content\/uploads\/2025\/06\/secundaria.jpeg","width":1280,"height":853},{"@type":"BreadcrumbList","@id":"https:\/\/www.larazondexico.com.mx\/?p=1073#breadcrumb","itemListElement":[{"@type":"ListItem","position":1,"name":"Portada","item":"https:\/\/www.larazondexico.com.mx\/"},{"@type":"ListItem","position":2,"name":"Mariela L\u00f3pez Sosa apadrina generaci\u00f3n 2022\u20132025 de la Telesecundaria \u201cProfr. Ra\u00fal Acosta Sald\u00edvar\u201d en el Ejido Zapata"}]},{"@type":"WebSite","@id":"https:\/\/www.larazondexico.com.mx\/#website","url":"https:\/\/www.larazondexico.com.mx\/","name":"La Raz\u00f3n de Xico - Presencia Informativa en el estado","description":"","potentialAction":[{"@type":"SearchAction","target":{"@type":"EntryPoint","urlTemplate":"https:\/\/www.larazondexico.com.mx\/?s={search_term_string}"},"query-input":{"@type":"PropertyValueSpecification","valueRequired":true,"valueName":"search_term_string"}}],"inLanguage":"es"},{"@type":"Person","@id":"https:\/\/www.larazondexico.com.mx\/#\/schema\/person\/b10ea8a31f9b2f34c2ec8835ba5d1318","name":"Juan Jos\u00e9 Contreras Gonz\u00e1lez","image":{"@type":"ImageObject","inLanguage":"es","@id":"https:\/\/www.larazondexico.com.mx\/#\/schema\/person\/image\/","url":"https:\/\/secure.gravatar.com\/avatar\/2b2a34677c3407f25b56188b4c2ca478?s=96&d=mm&r=g","contentUrl":"https:\/\/secure.gravatar.com\/avatar\/2b2a34677c3407f25b56188b4c2ca478?s=96&d=mm&r=g","caption":"Juan Jos\u00e9 Contreras Gonz\u00e1lez"},"url":"https:\/\/www.larazondexico.com.mx\/?author=2"}]}},"_links":{"self":[{"href":"https:\/\/www.larazondexico.com.mx\/index.php?rest_route=\/wp\/v2\/posts\/1073","targetHints":{"allow":["GET"]}}],"collection":[{"href":"https:\/\/www.larazondexico.com.mx\/index.php?rest_route=\/wp\/v2\/posts"}],"about":[{"href":"https:\/\/www.larazondexico.com.mx\/index.php?rest_route=\/wp\/v2\/types\/post"}],"author":[{"embeddable":true,"href":"https:\/\/www.larazondexico.com.mx\/index.php?rest_route=\/wp\/v2\/users\/2"}],"replies":[{"embeddable":true,"href":"https:\/\/www.larazondexico.com.mx\/index.php?rest_route=%2Fwp%2Fv2%2Fcomments&post=1073"}],"version-history":[{"count":1,"href":"https:\/\/www.larazondexico.com.mx\/index.php?rest_route=\/wp\/v2\/posts\/1073\/revisions"}],"predecessor-version":[{"id":1075,"href":"https:\/\/www.larazondexico.com.mx\/index.php?rest_route=\/wp\/v2\/posts\/1073\/revisions\/1075"}],"wp:featuredmedia":[{"embeddable":true,"href":"https:\/\/www.larazondexico.com.mx\/index.php?rest_route=\/wp\/v2\/media\/1074"}],"wp:attachment":[{"href":"https:\/\/www.larazondexico.com.mx\/index.php?rest_route=%2Fwp%2Fv2%2Fmedia&parent=1073"}],"wp:term":[{"taxonomy":"category","embeddable":true,"href":"https:\/\/www.larazondexico.com.mx\/index.php?rest_route=%2Fwp%2Fv2%2Fcategories&post=1073"},{"taxonomy":"post_tag","embeddable":true,"href":"https:\/\/www.larazondexico.com.mx\/index.php?rest_route=%2Fwp%2Fv2%2Ftags&post=1073"}],"curies":[{"name":"wp","href":"https:\/\/api.w.org\/{rel}","templated":true}]}}